{"id":7572,"date":"2024-12-17T07:41:34","date_gmt":"2024-12-17T07:41:34","guid":{"rendered":"https:\/\/laugar.is\/?p=7572"},"modified":"2024-12-17T07:41:35","modified_gmt":"2024-12-17T07:41:35","slug":"jolafri-framhaldsskolans-a-laugum","status":"publish","type":"post","link":"https:\/\/laugar.is\/?p=7572","title":{"rendered":"J\u00f3lafr\u00ed Framhaldssk\u00f3lans \u00e1 Laugum"},"content":{"rendered":"\n<p>N\u00fa eru nemendur komnir \u00ed lang\u00fer\u00e1\u00f0 j\u00f3lafr\u00ed og \u00f3skum vi\u00f0 \u00feeim gle\u00f0ilegra j\u00f3la og hl\u00f6kkum miki\u00f0 til \u00feess a\u00f0 sj\u00e1 \u00feau aftur \u00e1 n\u00fdju \u00e1ri.<\/p>\n<p>Vistirnar opna aftur sunnudaginn 5.jan\u00faar og kennsla hefst samkv\u00e6mt stundarskr\u00e1 m\u00e1nudaginn 6.jan\u00faar.<\/p>\n<p><img loading=\"lazy\" decoding=\"async\" class=\"alignnone wp-image-7575 size-large\" src=\"https:\/\/laugar.is\/wp-content\/uploads\/2024\/12\/Red-Christmas-Customer-Thank-You-Card-1024x726.jpg\" alt=\"\" width=\"800\" height=\"567\" srcset=\"https:\/\/laugar.is\/wp-content\/uploads\/2024\/12\/Red-Christmas-Customer-Thank-You-Card-1024x726.jpg 1024w, https:\/\/laugar.is\/wp-content\/uploads\/2024\/12\/Red-Christmas-Customer-Thank-You-Card-300x213.jpg 300w, https:\/\/laugar.is\/wp-content\/uploads\/2024\/12\/Red-Christmas-Customer-Thank-You-Card-768x545.jpg 768w, https:\/\/laugar.is\/wp-content\/uploads\/2024\/12\/Red-Christmas-Customer-Thank-You-Card-1536x1090.jpg 1536w, https:\/\/laugar.is\/wp-content\/uploads\/2024\/12\/Red-Christmas-Customer-Thank-You-Card.jpg 1748w\" sizes=\"auto, (max-width: 800px) 100vw, 800px\" \/><\/p>\n<p>&nbsp;<\/p>\n\n\n\n\n","protected":false},"excerpt":{"rendered":"<p>N\u00fa eru nemendur komnir \u00ed lang\u00fer\u00e1\u00f0 j\u00f3lafr\u00ed og \u00f3skum vi\u00f0 \u00feeim gle\u00f0ilegra j\u00f3la og hl\u00f6kkum miki\u00f0 til \u00feess a\u00f0 sj\u00e1 \u00feau aftur \u00e1 n\u00fdju \u00e1ri. Vistirnar opna aftur sunnudaginn 5.jan\u00faar og kennsla hefst samkv\u00e6mt stundarskr\u00e1 m\u00e1nudaginn 6.jan\u00faar. &nbsp;<\/p>\n","protected":false},"author":6,"featured_media":7573,"comment_status":"closed","ping_status":"closed","sticky":false,"template":"","format":"standard","meta":{"_acf_changed":false,"_lmt_disableupdate":"","_lmt_disable":"","ngg_post_thumbnail":0,"footnotes":""},"class_list":["post-7572","post","type-post","status-publish","format-standard","has-post-thumbnail","hentry"],"acf":[],"yoast_head":"<!-- This site is optimized with the Yoast SEO plugin v27.5 - https:\/\/yoast.com\/product\/yoast-seo-wordpress\/ -->\n<title>J\u00f3lafr\u00ed Framhaldssk\u00f3lans \u00e1 Laugum - FRAMHALDSSK\u00d3LINN \u00c1 LAUGUM<\/title>\n<meta name=\"robots\" content=\"index, follow, max-snippet:-1, max-image-preview:large, max-video-preview:-1\" \/>\n<link rel=\"canonical\" href=\"https:\/\/laugar.is\/?p=7572\" \/>\n<meta property=\"og:locale\" content=\"is_IS\" \/>\n<meta property=\"og:type\" content=\"article\" \/>\n<meta property=\"og:title\" content=\"J\u00f3lafr\u00ed Framhaldssk\u00f3lans \u00e1 Laugum - FRAMHALDSSK\u00d3LINN \u00c1 LAUGUM\" \/>\n<meta property=\"og:description\" content=\"N\u00fa eru nemendur komnir \u00ed lang\u00fer\u00e1\u00f0 j\u00f3lafr\u00ed og \u00f3skum vi\u00f0 \u00feeim gle\u00f0ilegra j\u00f3la og hl\u00f6kkum miki\u00f0 til \u00feess a\u00f0 sj\u00e1 \u00feau aftur \u00e1 n\u00fdju \u00e1ri. Vistirnar opna aftur sunnudaginn 5.jan\u00faar og kennsla hefst samkv\u00e6mt stundarskr\u00e1 m\u00e1nudaginn 6.jan\u00faar. &nbsp;\" \/>\n<meta property=\"og:url\" content=\"https:\/\/laugar.is\/?p=7572\" \/>\n<meta property=\"og:site_name\" content=\"FRAMHALDSSK\u00d3LINN \u00c1 LAUGUM\" \/>\n<meta property=\"article:publisher\" content=\"https:\/\/www.facebook.com\/laugaskoli\/\" \/>\n<meta property=\"article:published_time\" content=\"2024-12-17T07:41:34+00:00\" \/>\n<meta property=\"article:modified_time\" content=\"2024-12-17T07:41:35+00:00\" \/>\n<meta property=\"og:image\" content=\"https:\/\/laugar.is\/wp-content\/uploads\/2024\/12\/2-scaled.jpg\" \/>\n\t<meta property=\"og:image:width\" content=\"2560\" \/>\n\t<meta property=\"og:image:height\" content=\"1280\" \/>\n\t<meta property=\"og:image:type\" content=\"image\/jpeg\" \/>\n<meta name=\"author\" content=\"Ritari Framhaldssk\u00f3lans \u00e1 Laugum\" \/>\n<meta name=\"twitter:card\" content=\"summary_large_image\" \/>\n<meta name=\"twitter:label1\" content=\"Written by\" \/>\n\t<meta name=\"twitter:data1\" content=\"Ritari Framhaldssk\u00f3lans \u00e1 Laugum\" \/>\n\t<meta name=\"twitter:label2\" content=\"Est. reading time\" \/>\n\t<meta name=\"twitter:data2\" content=\"1 minute\" \/>\n<script type=\"application\/ld+json\" class=\"yoast-schema-graph\">{\"@context\":\"https:\\\/\\\/schema.org\",\"@graph\":[{\"@type\":\"Article\",\"@id\":\"https:\\\/\\\/laugar.is\\\/?p=7572#article\",\"isPartOf\":{\"@id\":\"https:\\\/\\\/laugar.is\\\/?p=7572\"},\"author\":{\"name\":\"Ritari Framhaldssk\u00f3lans \u00e1 Laugum\",\"@id\":\"https:\\\/\\\/laugar.is\\\/#\\\/schema\\\/person\\\/15a9bc03ef120f11cf86889d5ebdfaf5\"},\"headline\":\"J\u00f3lafr\u00ed Framhaldssk\u00f3lans \u00e1 Laugum\",\"datePublished\":\"2024-12-17T07:41:34+00:00\",\"dateModified\":\"2024-12-17T07:41:35+00:00\",\"mainEntityOfPage\":{\"@id\":\"https:\\\/\\\/laugar.is\\\/?p=7572\"},\"wordCount\":51,\"publisher\":{\"@id\":\"https:\\\/\\\/laugar.is\\\/#organization\"},\"image\":{\"@id\":\"https:\\\/\\\/laugar.is\\\/?p=7572#primaryimage\"},\"thumbnailUrl\":\"https:\\\/\\\/laugar.is\\\/wp-content\\\/uploads\\\/2024\\\/12\\\/2-scaled.jpg\",\"inLanguage\":\"is\"},{\"@type\":\"WebPage\",\"@id\":\"https:\\\/\\\/laugar.is\\\/?p=7572\",\"url\":\"https:\\\/\\\/laugar.is\\\/?p=7572\",\"name\":\"J\u00f3lafr\u00ed Framhaldssk\u00f3lans \u00e1 Laugum - FRAMHALDSSK\u00d3LINN \u00c1 LAUGUM\",\"isPartOf\":{\"@id\":\"https:\\\/\\\/laugar.is\\\/#website\"},\"primaryImageOfPage\":{\"@id\":\"https:\\\/\\\/laugar.is\\\/?p=7572#primaryimage\"},\"image\":{\"@id\":\"https:\\\/\\\/laugar.is\\\/?p=7572#primaryimage\"},\"thumbnailUrl\":\"https:\\\/\\\/laugar.is\\\/wp-content\\\/uploads\\\/2024\\\/12\\\/2-scaled.jpg\",\"datePublished\":\"2024-12-17T07:41:34+00:00\",\"dateModified\":\"2024-12-17T07:41:35+00:00\",\"breadcrumb\":{\"@id\":\"https:\\\/\\\/laugar.is\\\/?p=7572#breadcrumb\"},\"inLanguage\":\"is\",\"potentialAction\":[{\"@type\":\"ReadAction\",\"target\":[\"https:\\\/\\\/laugar.is\\\/?p=7572\"]}]},{\"@type\":\"ImageObject\",\"inLanguage\":\"is\",\"@id\":\"https:\\\/\\\/laugar.is\\\/?p=7572#primaryimage\",\"url\":\"https:\\\/\\\/laugar.is\\\/wp-content\\\/uploads\\\/2024\\\/12\\\/2-scaled.jpg\",\"contentUrl\":\"https:\\\/\\\/laugar.is\\\/wp-content\\\/uploads\\\/2024\\\/12\\\/2-scaled.jpg\",\"width\":2560,\"height\":1280},{\"@type\":\"BreadcrumbList\",\"@id\":\"https:\\\/\\\/laugar.is\\\/?p=7572#breadcrumb\",\"itemListElement\":[{\"@type\":\"ListItem\",\"position\":1,\"name\":\"Home\",\"item\":\"https:\\\/\\\/laugar.is\\\/\"},{\"@type\":\"ListItem\",\"position\":2,\"name\":\"J\u00f3lafr\u00ed Framhaldssk\u00f3lans \u00e1 Laugum\"}]},{\"@type\":\"WebSite\",\"@id\":\"https:\\\/\\\/laugar.is\\\/#website\",\"url\":\"https:\\\/\\\/laugar.is\\\/\",\"name\":\"FRAMHALDSSK\u00d3LINN \u00c1 LAUGUM\",\"description\":\"Metna\u00f0ur - Tr\u00famennska  - Tillitssemi - Gla\u00f0lyndi\",\"publisher\":{\"@id\":\"https:\\\/\\\/laugar.is\\\/#organization\"},\"potentialAction\":[{\"@type\":\"SearchAction\",\"target\":{\"@type\":\"EntryPoint\",\"urlTemplate\":\"https:\\\/\\\/laugar.is\\\/?s={search_term_string}\"},\"query-input\":{\"@type\":\"PropertyValueSpecification\",\"valueRequired\":true,\"valueName\":\"search_term_string\"}}],\"inLanguage\":\"is\"},{\"@type\":\"Organization\",\"@id\":\"https:\\\/\\\/laugar.is\\\/#organization\",\"name\":\"Framhaldssk\u00f3linn \u00e1 Laugum\",\"url\":\"https:\\\/\\\/laugar.is\\\/\",\"logo\":{\"@type\":\"ImageObject\",\"inLanguage\":\"is\",\"@id\":\"https:\\\/\\\/laugar.is\\\/#\\\/schema\\\/logo\\\/image\\\/\",\"url\":\"https:\\\/\\\/laugar.is\\\/wp-content\\\/uploads\\\/2017\\\/01\\\/laugar_merki_antexta-kip.jpg\",\"contentUrl\":\"https:\\\/\\\/laugar.is\\\/wp-content\\\/uploads\\\/2017\\\/01\\\/laugar_merki_antexta-kip.jpg\",\"width\":536,\"height\":551,\"caption\":\"Framhaldssk\u00f3linn \u00e1 Laugum\"},\"image\":{\"@id\":\"https:\\\/\\\/laugar.is\\\/#\\\/schema\\\/logo\\\/image\\\/\"},\"sameAs\":[\"https:\\\/\\\/www.facebook.com\\\/laugaskoli\\\/\"]},{\"@type\":\"Person\",\"@id\":\"https:\\\/\\\/laugar.is\\\/#\\\/schema\\\/person\\\/15a9bc03ef120f11cf86889d5ebdfaf5\",\"name\":\"Ritari Framhaldssk\u00f3lans \u00e1 Laugum\",\"url\":\"https:\\\/\\\/laugar.is\\\/?author=6\"}]}<\/script>\n<!-- \/ Yoast SEO plugin. -->","yoast_head_json":{"title":"J\u00f3lafr\u00ed Framhaldssk\u00f3lans \u00e1 Laugum - FRAMHALDSSK\u00d3LINN \u00c1 LAUGUM","robots":{"index":"index","follow":"follow","max-snippet":"max-snippet:-1","max-image-preview":"max-image-preview:large","max-video-preview":"max-video-preview:-1"},"canonical":"https:\/\/laugar.is\/?p=7572","og_locale":"is_IS","og_type":"article","og_title":"J\u00f3lafr\u00ed Framhaldssk\u00f3lans \u00e1 Laugum - FRAMHALDSSK\u00d3LINN \u00c1 LAUGUM","og_description":"N\u00fa eru nemendur komnir \u00ed lang\u00fer\u00e1\u00f0 j\u00f3lafr\u00ed og \u00f3skum vi\u00f0 \u00feeim gle\u00f0ilegra j\u00f3la og hl\u00f6kkum miki\u00f0 til \u00feess a\u00f0 sj\u00e1 \u00feau aftur \u00e1 n\u00fdju \u00e1ri. Vistirnar opna aftur sunnudaginn 5.jan\u00faar og kennsla hefst samkv\u00e6mt stundarskr\u00e1 m\u00e1nudaginn 6.jan\u00faar. &nbsp;","og_url":"https:\/\/laugar.is\/?p=7572","og_site_name":"FRAMHALDSSK\u00d3LINN \u00c1 LAUGUM","article_publisher":"https:\/\/www.facebook.com\/laugaskoli\/","article_published_time":"2024-12-17T07:41:34+00:00","article_modified_time":"2024-12-17T07:41:35+00:00","og_image":[{"width":2560,"height":1280,"url":"https:\/\/laugar.is\/wp-content\/uploads\/2024\/12\/2-scaled.jpg","type":"image\/jpeg"}],"author":"Ritari Framhaldssk\u00f3lans \u00e1 Laugum","twitter_card":"summary_large_image","twitter_misc":{"Written by":"Ritari Framhaldssk\u00f3lans \u00e1 Laugum","Est. reading time":"1 minute"},"schema":{"@context":"https:\/\/schema.org","@graph":[{"@type":"Article","@id":"https:\/\/laugar.is\/?p=7572#article","isPartOf":{"@id":"https:\/\/laugar.is\/?p=7572"},"author":{"name":"Ritari Framhaldssk\u00f3lans \u00e1 Laugum","@id":"https:\/\/laugar.is\/#\/schema\/person\/15a9bc03ef120f11cf86889d5ebdfaf5"},"headline":"J\u00f3lafr\u00ed Framhaldssk\u00f3lans \u00e1 Laugum","datePublished":"2024-12-17T07:41:34+00:00","dateModified":"2024-12-17T07:41:35+00:00","mainEntityOfPage":{"@id":"https:\/\/laugar.is\/?p=7572"},"wordCount":51,"publisher":{"@id":"https:\/\/laugar.is\/#organization"},"image":{"@id":"https:\/\/laugar.is\/?p=7572#primaryimage"},"thumbnailUrl":"https:\/\/laugar.is\/wp-content\/uploads\/2024\/12\/2-scaled.jpg","inLanguage":"is"},{"@type":"WebPage","@id":"https:\/\/laugar.is\/?p=7572","url":"https:\/\/laugar.is\/?p=7572","name":"J\u00f3lafr\u00ed Framhaldssk\u00f3lans \u00e1 Laugum - FRAMHALDSSK\u00d3LINN \u00c1 LAUGUM","isPartOf":{"@id":"https:\/\/laugar.is\/#website"},"primaryImageOfPage":{"@id":"https:\/\/laugar.is\/?p=7572#primaryimage"},"image":{"@id":"https:\/\/laugar.is\/?p=7572#primaryimage"},"thumbnailUrl":"https:\/\/laugar.is\/wp-content\/uploads\/2024\/12\/2-scaled.jpg","datePublished":"2024-12-17T07:41:34+00:00","dateModified":"2024-12-17T07:41:35+00:00","breadcrumb":{"@id":"https:\/\/laugar.is\/?p=7572#breadcrumb"},"inLanguage":"is","potentialAction":[{"@type":"ReadAction","target":["https:\/\/laugar.is\/?p=7572"]}]},{"@type":"ImageObject","inLanguage":"is","@id":"https:\/\/laugar.is\/?p=7572#primaryimage","url":"https:\/\/laugar.is\/wp-content\/uploads\/2024\/12\/2-scaled.jpg","contentUrl":"https:\/\/laugar.is\/wp-content\/uploads\/2024\/12\/2-scaled.jpg","width":2560,"height":1280},{"@type":"BreadcrumbList","@id":"https:\/\/laugar.is\/?p=7572#breadcrumb","itemListElement":[{"@type":"ListItem","position":1,"name":"Home","item":"https:\/\/laugar.is\/"},{"@type":"ListItem","position":2,"name":"J\u00f3lafr\u00ed Framhaldssk\u00f3lans \u00e1 Laugum"}]},{"@type":"WebSite","@id":"https:\/\/laugar.is\/#website","url":"https:\/\/laugar.is\/","name":"FRAMHALDSSK\u00d3LINN \u00c1 LAUGUM","description":"Metna\u00f0ur - Tr\u00famennska  - Tillitssemi - Gla\u00f0lyndi","publisher":{"@id":"https:\/\/laugar.is\/#organization"},"potentialAction":[{"@type":"SearchAction","target":{"@type":"EntryPoint","urlTemplate":"https:\/\/laugar.is\/?s={search_term_string}"},"query-input":{"@type":"PropertyValueSpecification","valueRequired":true,"valueName":"search_term_string"}}],"inLanguage":"is"},{"@type":"Organization","@id":"https:\/\/laugar.is\/#organization","name":"Framhaldssk\u00f3linn \u00e1 Laugum","url":"https:\/\/laugar.is\/","logo":{"@type":"ImageObject","inLanguage":"is","@id":"https:\/\/laugar.is\/#\/schema\/logo\/image\/","url":"https:\/\/laugar.is\/wp-content\/uploads\/2017\/01\/laugar_merki_antexta-kip.jpg","contentUrl":"https:\/\/laugar.is\/wp-content\/uploads\/2017\/01\/laugar_merki_antexta-kip.jpg","width":536,"height":551,"caption":"Framhaldssk\u00f3linn \u00e1 Laugum"},"image":{"@id":"https:\/\/laugar.is\/#\/schema\/logo\/image\/"},"sameAs":["https:\/\/www.facebook.com\/laugaskoli\/"]},{"@type":"Person","@id":"https:\/\/laugar.is\/#\/schema\/person\/15a9bc03ef120f11cf86889d5ebdfaf5","name":"Ritari Framhaldssk\u00f3lans \u00e1 Laugum","url":"https:\/\/laugar.is\/?author=6"}]}},"modified_by":"Ritari Framhaldssk\u00f3lans \u00e1 Laugum","_links":{"self":[{"href":"https:\/\/laugar.is\/index.php?rest_route=\/wp\/v2\/posts\/7572","targetHints":{"allow":["GET"]}}],"collection":[{"href":"https:\/\/laugar.is\/index.php?rest_route=\/wp\/v2\/posts"}],"about":[{"href":"https:\/\/laugar.is\/index.php?rest_route=\/wp\/v2\/types\/post"}],"author":[{"embeddable":true,"href":"https:\/\/laugar.is\/index.php?rest_route=\/wp\/v2\/users\/6"}],"replies":[{"embeddable":true,"href":"https:\/\/laugar.is\/index.php?rest_route=%2Fwp%2Fv2%2Fcomments&post=7572"}],"version-history":[{"count":3,"href":"https:\/\/laugar.is\/index.php?rest_route=\/wp\/v2\/posts\/7572\/revisions"}],"predecessor-version":[{"id":7577,"href":"https:\/\/laugar.is\/index.php?rest_route=\/wp\/v2\/posts\/7572\/revisions\/7577"}],"wp:featuredmedia":[{"embeddable":true,"href":"https:\/\/laugar.is\/index.php?rest_route=\/wp\/v2\/media\/7573"}],"wp:attachment":[{"href":"https:\/\/laugar.is\/index.php?rest_route=%2Fwp%2Fv2%2Fmedia&parent=7572"}],"curies":[{"name":"wp","href":"https:\/\/api.w.org\/{rel}","templated":true}]}}