{"id":7506,"date":"2024-12-03T14:21:22","date_gmt":"2024-12-03T14:21:22","guid":{"rendered":"https:\/\/laugar.is\/?p=7506"},"modified":"2024-12-03T14:21:23","modified_gmt":"2024-12-03T14:21:23","slug":"skolakor-framhaldsskolans-a-laugum-2","status":"publish","type":"post","link":"https:\/\/laugar.is\/?p=7506","title":{"rendered":"Sk\u00f3lak\u00f3r Framhaldssk\u00f3lans \u00e1 Laugum"},"content":{"rendered":"\n<div class=\"xdj266r x11i5rnm xat24cr x1mh8g0r x1vvkbs x126k92a\">\n<div dir=\"auto\">Sk\u00f3lak\u00f3r Framhaldssk\u00f3lans \u00e1 Laugum s\u00f6ng fyrir starfsf\u00f3lk og nemendur \u00ed g\u00e6r \u00feann 2.desember \u00ed matsal sk\u00f3lans og st\u00f3\u00f0 sig me\u00f0 mikilli pr\u00fd\u00f0i.<\/div>\n<div dir=\"auto\">\u00c1sta G\u00edslad\u00f3ttir kennari \u00ed sk\u00f3lanum s\u00e9r um sk\u00f3lak\u00f3rinn \u00e1samt systur sinni Agnesi G\u00edslad\u00f3ttur sem einnig s\u00e9r um undirspil \u00e1 \u00e6fingum. <span class=\"html-span xexx8yu x4uap5 x18d9i69 xkhd6sd x1hl2dhg x16tdsg8 x1vvkbs x3nfvp2 x1j61x8r x1fcty0u xdj266r xat24cr xgzva0m xhhsvwb xxymvpz xlup9mm x1kky2od\"><img loading=\"lazy\" decoding=\"async\" class=\"xz74otr\" src=\"https:\/\/static.xx.fbcdn.net\/images\/emoji.php\/v9\/t71\/1\/16\/1f339.png\" alt=\"\ud83c\udf39\" width=\"16\" height=\"16\"><\/span><\/div>\n<\/div>\n<div dir=\"auto\">&nbsp;<\/div>\n<div dir=\"auto\">&nbsp;<\/div>\n<div dir=\"auto\"><img loading=\"lazy\" decoding=\"async\" class=\"alignnone wp-image-7508 size-full\" src=\"https:\/\/laugar.is\/wp-content\/uploads\/2024\/12\/Colorful-Festive-Christmas-Instagram-Post-copy-1.png\" alt=\"\" width=\"810\" height=\"810\" srcset=\"https:\/\/laugar.is\/wp-content\/uploads\/2024\/12\/Colorful-Festive-Christmas-Instagram-Post-copy-1.png 810w, https:\/\/laugar.is\/wp-content\/uploads\/2024\/12\/Colorful-Festive-Christmas-Instagram-Post-copy-1-300x300.png 300w, https:\/\/laugar.is\/wp-content\/uploads\/2024\/12\/Colorful-Festive-Christmas-Instagram-Post-copy-1-150x150.png 150w, https:\/\/laugar.is\/wp-content\/uploads\/2024\/12\/Colorful-Festive-Christmas-Instagram-Post-copy-1-768x768.png 768w\" sizes=\"auto, (max-width: 810px) 100vw, 810px\" \/><\/div>\n<div class=\"x11i5rnm xat24cr x1mh8g0r x1vvkbs xtlvy1s x126k92a\">\n<div dir=\"auto\">&nbsp;<\/div>\n<div dir=\"auto\">&nbsp;<\/div>\n<div dir=\"auto\">Myndir&nbsp; &#8211; Sara R\u00fan S\u00e6varsd\u00f3ttir<\/div>\n<\/div>\n<div dir=\"auto\">&nbsp;<\/div>\n\n\n","protected":false},"excerpt":{"rendered":"<p>Sk\u00f3lak\u00f3r Framhaldssk\u00f3lans \u00e1 Laugum s\u00f6ng fyrir starfsf\u00f3lk og nemendur \u00ed g\u00e6r \u00feann 2.desember \u00ed matsal sk\u00f3lans og st\u00f3\u00f0 sig me\u00f0 mikilli pr\u00fd\u00f0i. \u00c1sta G\u00edslad\u00f3ttir kennari \u00ed sk\u00f3lanum s\u00e9r um sk\u00f3lak\u00f3rinn \u00e1samt systur sinni Agnesi G\u00edslad\u00f3ttur sem einnig s\u00e9r um undirspil \u00e1 \u00e6fingum. &nbsp; &nbsp; &nbsp; &nbsp; Myndir&nbsp; &#8211; Sara R\u00fan S\u00e6varsd\u00f3ttir &nbsp;<\/p>\n","protected":false},"author":6,"featured_media":7510,"comment_status":"closed","ping_status":"closed","sticky":false,"template":"","format":"standard","meta":{"_acf_changed":false,"_lmt_disableupdate":"","_lmt_disable":"","ngg_post_thumbnail":0,"footnotes":""},"class_list":["post-7506","post","type-post","status-publish","format-standard","has-post-thumbnail","hentry"],"acf":[],"yoast_head":"<!-- This site is optimized with the Yoast SEO plugin v27.5 - https:\/\/yoast.com\/product\/yoast-seo-wordpress\/ -->\n<title>Sk\u00f3lak\u00f3r Framhaldssk\u00f3lans \u00e1 Laugum - FRAMHALDSSK\u00d3LINN \u00c1 LAUGUM<\/title>\n<meta name=\"robots\" content=\"index, follow, max-snippet:-1, max-image-preview:large, max-video-preview:-1\" \/>\n<link rel=\"canonical\" href=\"https:\/\/laugar.is\/?p=7506\" \/>\n<meta property=\"og:locale\" content=\"is_IS\" \/>\n<meta property=\"og:type\" content=\"article\" \/>\n<meta property=\"og:title\" content=\"Sk\u00f3lak\u00f3r Framhaldssk\u00f3lans \u00e1 Laugum - FRAMHALDSSK\u00d3LINN \u00c1 LAUGUM\" \/>\n<meta property=\"og:description\" content=\"Sk\u00f3lak\u00f3r Framhaldssk\u00f3lans \u00e1 Laugum s\u00f6ng fyrir starfsf\u00f3lk og nemendur \u00ed g\u00e6r \u00feann 2.desember \u00ed matsal sk\u00f3lans og st\u00f3\u00f0 sig me\u00f0 mikilli pr\u00fd\u00f0i. \u00c1sta G\u00edslad\u00f3ttir kennari \u00ed sk\u00f3lanum s\u00e9r um sk\u00f3lak\u00f3rinn \u00e1samt systur sinni Agnesi G\u00edslad\u00f3ttur sem einnig s\u00e9r um undirspil \u00e1 \u00e6fingum. &nbsp; &nbsp; &nbsp; &nbsp; Myndir&nbsp; &#8211; Sara R\u00fan S\u00e6varsd\u00f3ttir &nbsp;\" \/>\n<meta property=\"og:url\" content=\"https:\/\/laugar.is\/?p=7506\" \/>\n<meta property=\"og:site_name\" content=\"FRAMHALDSSK\u00d3LINN \u00c1 LAUGUM\" \/>\n<meta property=\"article:publisher\" content=\"https:\/\/www.facebook.com\/laugaskoli\/\" \/>\n<meta property=\"article:published_time\" content=\"2024-12-03T14:21:22+00:00\" \/>\n<meta property=\"article:modified_time\" content=\"2024-12-03T14:21:23+00:00\" \/>\n<meta property=\"og:image\" content=\"https:\/\/laugar.is\/wp-content\/uploads\/2024\/12\/Colorful-Festive-Christmas-Instagram-Post.png\" \/>\n\t<meta property=\"og:image:width\" content=\"859\" \/>\n\t<meta property=\"og:image:height\" content=\"440\" \/>\n\t<meta property=\"og:image:type\" content=\"image\/png\" \/>\n<meta name=\"author\" content=\"Ritari Framhaldssk\u00f3lans \u00e1 Laugum\" \/>\n<meta name=\"twitter:card\" content=\"summary_large_image\" \/>\n<meta name=\"twitter:label1\" content=\"Written by\" \/>\n\t<meta name=\"twitter:data1\" content=\"Ritari Framhaldssk\u00f3lans \u00e1 Laugum\" \/>\n\t<meta name=\"twitter:label2\" content=\"Est. reading time\" \/>\n\t<meta name=\"twitter:data2\" content=\"1 minute\" \/>\n<script type=\"application\/ld+json\" class=\"yoast-schema-graph\">{\"@context\":\"https:\\\/\\\/schema.org\",\"@graph\":[{\"@type\":\"Article\",\"@id\":\"https:\\\/\\\/laugar.is\\\/?p=7506#article\",\"isPartOf\":{\"@id\":\"https:\\\/\\\/laugar.is\\\/?p=7506\"},\"author\":{\"name\":\"Ritari Framhaldssk\u00f3lans \u00e1 Laugum\",\"@id\":\"https:\\\/\\\/laugar.is\\\/#\\\/schema\\\/person\\\/15a9bc03ef120f11cf86889d5ebdfaf5\"},\"headline\":\"Sk\u00f3lak\u00f3r Framhaldssk\u00f3lans \u00e1 Laugum\",\"datePublished\":\"2024-12-03T14:21:22+00:00\",\"dateModified\":\"2024-12-03T14:21:23+00:00\",\"mainEntityOfPage\":{\"@id\":\"https:\\\/\\\/laugar.is\\\/?p=7506\"},\"wordCount\":74,\"publisher\":{\"@id\":\"https:\\\/\\\/laugar.is\\\/#organization\"},\"image\":{\"@id\":\"https:\\\/\\\/laugar.is\\\/?p=7506#primaryimage\"},\"thumbnailUrl\":\"https:\\\/\\\/laugar.is\\\/wp-content\\\/uploads\\\/2024\\\/12\\\/Colorful-Festive-Christmas-Instagram-Post.png\",\"inLanguage\":\"is\"},{\"@type\":\"WebPage\",\"@id\":\"https:\\\/\\\/laugar.is\\\/?p=7506\",\"url\":\"https:\\\/\\\/laugar.is\\\/?p=7506\",\"name\":\"Sk\u00f3lak\u00f3r Framhaldssk\u00f3lans \u00e1 Laugum - FRAMHALDSSK\u00d3LINN \u00c1 LAUGUM\",\"isPartOf\":{\"@id\":\"https:\\\/\\\/laugar.is\\\/#website\"},\"primaryImageOfPage\":{\"@id\":\"https:\\\/\\\/laugar.is\\\/?p=7506#primaryimage\"},\"image\":{\"@id\":\"https:\\\/\\\/laugar.is\\\/?p=7506#primaryimage\"},\"thumbnailUrl\":\"https:\\\/\\\/laugar.is\\\/wp-content\\\/uploads\\\/2024\\\/12\\\/Colorful-Festive-Christmas-Instagram-Post.png\",\"datePublished\":\"2024-12-03T14:21:22+00:00\",\"dateModified\":\"2024-12-03T14:21:23+00:00\",\"breadcrumb\":{\"@id\":\"https:\\\/\\\/laugar.is\\\/?p=7506#breadcrumb\"},\"inLanguage\":\"is\",\"potentialAction\":[{\"@type\":\"ReadAction\",\"target\":[\"https:\\\/\\\/laugar.is\\\/?p=7506\"]}]},{\"@type\":\"ImageObject\",\"inLanguage\":\"is\",\"@id\":\"https:\\\/\\\/laugar.is\\\/?p=7506#primaryimage\",\"url\":\"https:\\\/\\\/laugar.is\\\/wp-content\\\/uploads\\\/2024\\\/12\\\/Colorful-Festive-Christmas-Instagram-Post.png\",\"contentUrl\":\"https:\\\/\\\/laugar.is\\\/wp-content\\\/uploads\\\/2024\\\/12\\\/Colorful-Festive-Christmas-Instagram-Post.png\",\"width\":859,\"height\":440},{\"@type\":\"BreadcrumbList\",\"@id\":\"https:\\\/\\\/laugar.is\\\/?p=7506#breadcrumb\",\"itemListElement\":[{\"@type\":\"ListItem\",\"position\":1,\"name\":\"Home\",\"item\":\"https:\\\/\\\/laugar.is\\\/\"},{\"@type\":\"ListItem\",\"position\":2,\"name\":\"Sk\u00f3lak\u00f3r Framhaldssk\u00f3lans \u00e1 Laugum\"}]},{\"@type\":\"WebSite\",\"@id\":\"https:\\\/\\\/laugar.is\\\/#website\",\"url\":\"https:\\\/\\\/laugar.is\\\/\",\"name\":\"FRAMHALDSSK\u00d3LINN \u00c1 LAUGUM\",\"description\":\"Metna\u00f0ur - Tr\u00famennska  - Tillitssemi - Gla\u00f0lyndi\",\"publisher\":{\"@id\":\"https:\\\/\\\/laugar.is\\\/#organization\"},\"potentialAction\":[{\"@type\":\"SearchAction\",\"target\":{\"@type\":\"EntryPoint\",\"urlTemplate\":\"https:\\\/\\\/laugar.is\\\/?s={search_term_string}\"},\"query-input\":{\"@type\":\"PropertyValueSpecification\",\"valueRequired\":true,\"valueName\":\"search_term_string\"}}],\"inLanguage\":\"is\"},{\"@type\":\"Organization\",\"@id\":\"https:\\\/\\\/laugar.is\\\/#organization\",\"name\":\"Framhaldssk\u00f3linn \u00e1 Laugum\",\"url\":\"https:\\\/\\\/laugar.is\\\/\",\"logo\":{\"@type\":\"ImageObject\",\"inLanguage\":\"is\",\"@id\":\"https:\\\/\\\/laugar.is\\\/#\\\/schema\\\/logo\\\/image\\\/\",\"url\":\"https:\\\/\\\/laugar.is\\\/wp-content\\\/uploads\\\/2017\\\/01\\\/laugar_merki_antexta-kip.jpg\",\"contentUrl\":\"https:\\\/\\\/laugar.is\\\/wp-content\\\/uploads\\\/2017\\\/01\\\/laugar_merki_antexta-kip.jpg\",\"width\":536,\"height\":551,\"caption\":\"Framhaldssk\u00f3linn \u00e1 Laugum\"},\"image\":{\"@id\":\"https:\\\/\\\/laugar.is\\\/#\\\/schema\\\/logo\\\/image\\\/\"},\"sameAs\":[\"https:\\\/\\\/www.facebook.com\\\/laugaskoli\\\/\"]},{\"@type\":\"Person\",\"@id\":\"https:\\\/\\\/laugar.is\\\/#\\\/schema\\\/person\\\/15a9bc03ef120f11cf86889d5ebdfaf5\",\"name\":\"Ritari Framhaldssk\u00f3lans \u00e1 Laugum\",\"url\":\"https:\\\/\\\/laugar.is\\\/?author=6\"}]}<\/script>\n<!-- \/ Yoast SEO plugin. -->","yoast_head_json":{"title":"Sk\u00f3lak\u00f3r Framhaldssk\u00f3lans \u00e1 Laugum - FRAMHALDSSK\u00d3LINN \u00c1 LAUGUM","robots":{"index":"index","follow":"follow","max-snippet":"max-snippet:-1","max-image-preview":"max-image-preview:large","max-video-preview":"max-video-preview:-1"},"canonical":"https:\/\/laugar.is\/?p=7506","og_locale":"is_IS","og_type":"article","og_title":"Sk\u00f3lak\u00f3r Framhaldssk\u00f3lans \u00e1 Laugum - FRAMHALDSSK\u00d3LINN \u00c1 LAUGUM","og_description":"Sk\u00f3lak\u00f3r Framhaldssk\u00f3lans \u00e1 Laugum s\u00f6ng fyrir starfsf\u00f3lk og nemendur \u00ed g\u00e6r \u00feann 2.desember \u00ed matsal sk\u00f3lans og st\u00f3\u00f0 sig me\u00f0 mikilli pr\u00fd\u00f0i. \u00c1sta G\u00edslad\u00f3ttir kennari \u00ed sk\u00f3lanum s\u00e9r um sk\u00f3lak\u00f3rinn \u00e1samt systur sinni Agnesi G\u00edslad\u00f3ttur sem einnig s\u00e9r um undirspil \u00e1 \u00e6fingum. &nbsp; &nbsp; &nbsp; &nbsp; Myndir&nbsp; &#8211; Sara R\u00fan S\u00e6varsd\u00f3ttir &nbsp;","og_url":"https:\/\/laugar.is\/?p=7506","og_site_name":"FRAMHALDSSK\u00d3LINN \u00c1 LAUGUM","article_publisher":"https:\/\/www.facebook.com\/laugaskoli\/","article_published_time":"2024-12-03T14:21:22+00:00","article_modified_time":"2024-12-03T14:21:23+00:00","og_image":[{"width":859,"height":440,"url":"https:\/\/laugar.is\/wp-content\/uploads\/2024\/12\/Colorful-Festive-Christmas-Instagram-Post.png","type":"image\/png"}],"author":"Ritari Framhaldssk\u00f3lans \u00e1 Laugum","twitter_card":"summary_large_image","twitter_misc":{"Written by":"Ritari Framhaldssk\u00f3lans \u00e1 Laugum","Est. reading time":"1 minute"},"schema":{"@context":"https:\/\/schema.org","@graph":[{"@type":"Article","@id":"https:\/\/laugar.is\/?p=7506#article","isPartOf":{"@id":"https:\/\/laugar.is\/?p=7506"},"author":{"name":"Ritari Framhaldssk\u00f3lans \u00e1 Laugum","@id":"https:\/\/laugar.is\/#\/schema\/person\/15a9bc03ef120f11cf86889d5ebdfaf5"},"headline":"Sk\u00f3lak\u00f3r Framhaldssk\u00f3lans \u00e1 Laugum","datePublished":"2024-12-03T14:21:22+00:00","dateModified":"2024-12-03T14:21:23+00:00","mainEntityOfPage":{"@id":"https:\/\/laugar.is\/?p=7506"},"wordCount":74,"publisher":{"@id":"https:\/\/laugar.is\/#organization"},"image":{"@id":"https:\/\/laugar.is\/?p=7506#primaryimage"},"thumbnailUrl":"https:\/\/laugar.is\/wp-content\/uploads\/2024\/12\/Colorful-Festive-Christmas-Instagram-Post.png","inLanguage":"is"},{"@type":"WebPage","@id":"https:\/\/laugar.is\/?p=7506","url":"https:\/\/laugar.is\/?p=7506","name":"Sk\u00f3lak\u00f3r Framhaldssk\u00f3lans \u00e1 Laugum - FRAMHALDSSK\u00d3LINN \u00c1 LAUGUM","isPartOf":{"@id":"https:\/\/laugar.is\/#website"},"primaryImageOfPage":{"@id":"https:\/\/laugar.is\/?p=7506#primaryimage"},"image":{"@id":"https:\/\/laugar.is\/?p=7506#primaryimage"},"thumbnailUrl":"https:\/\/laugar.is\/wp-content\/uploads\/2024\/12\/Colorful-Festive-Christmas-Instagram-Post.png","datePublished":"2024-12-03T14:21:22+00:00","dateModified":"2024-12-03T14:21:23+00:00","breadcrumb":{"@id":"https:\/\/laugar.is\/?p=7506#breadcrumb"},"inLanguage":"is","potentialAction":[{"@type":"ReadAction","target":["https:\/\/laugar.is\/?p=7506"]}]},{"@type":"ImageObject","inLanguage":"is","@id":"https:\/\/laugar.is\/?p=7506#primaryimage","url":"https:\/\/laugar.is\/wp-content\/uploads\/2024\/12\/Colorful-Festive-Christmas-Instagram-Post.png","contentUrl":"https:\/\/laugar.is\/wp-content\/uploads\/2024\/12\/Colorful-Festive-Christmas-Instagram-Post.png","width":859,"height":440},{"@type":"BreadcrumbList","@id":"https:\/\/laugar.is\/?p=7506#breadcrumb","itemListElement":[{"@type":"ListItem","position":1,"name":"Home","item":"https:\/\/laugar.is\/"},{"@type":"ListItem","position":2,"name":"Sk\u00f3lak\u00f3r Framhaldssk\u00f3lans \u00e1 Laugum"}]},{"@type":"WebSite","@id":"https:\/\/laugar.is\/#website","url":"https:\/\/laugar.is\/","name":"FRAMHALDSSK\u00d3LINN \u00c1 LAUGUM","description":"Metna\u00f0ur - Tr\u00famennska  - Tillitssemi - Gla\u00f0lyndi","publisher":{"@id":"https:\/\/laugar.is\/#organization"},"potentialAction":[{"@type":"SearchAction","target":{"@type":"EntryPoint","urlTemplate":"https:\/\/laugar.is\/?s={search_term_string}"},"query-input":{"@type":"PropertyValueSpecification","valueRequired":true,"valueName":"search_term_string"}}],"inLanguage":"is"},{"@type":"Organization","@id":"https:\/\/laugar.is\/#organization","name":"Framhaldssk\u00f3linn \u00e1 Laugum","url":"https:\/\/laugar.is\/","logo":{"@type":"ImageObject","inLanguage":"is","@id":"https:\/\/laugar.is\/#\/schema\/logo\/image\/","url":"https:\/\/laugar.is\/wp-content\/uploads\/2017\/01\/laugar_merki_antexta-kip.jpg","contentUrl":"https:\/\/laugar.is\/wp-content\/uploads\/2017\/01\/laugar_merki_antexta-kip.jpg","width":536,"height":551,"caption":"Framhaldssk\u00f3linn \u00e1 Laugum"},"image":{"@id":"https:\/\/laugar.is\/#\/schema\/logo\/image\/"},"sameAs":["https:\/\/www.facebook.com\/laugaskoli\/"]},{"@type":"Person","@id":"https:\/\/laugar.is\/#\/schema\/person\/15a9bc03ef120f11cf86889d5ebdfaf5","name":"Ritari Framhaldssk\u00f3lans \u00e1 Laugum","url":"https:\/\/laugar.is\/?author=6"}]}},"modified_by":"Ritari Framhaldssk\u00f3lans \u00e1 Laugum","_links":{"self":[{"href":"https:\/\/laugar.is\/index.php?rest_route=\/wp\/v2\/posts\/7506","targetHints":{"allow":["GET"]}}],"collection":[{"href":"https:\/\/laugar.is\/index.php?rest_route=\/wp\/v2\/posts"}],"about":[{"href":"https:\/\/laugar.is\/index.php?rest_route=\/wp\/v2\/types\/post"}],"author":[{"embeddable":true,"href":"https:\/\/laugar.is\/index.php?rest_route=\/wp\/v2\/users\/6"}],"replies":[{"embeddable":true,"href":"https:\/\/laugar.is\/index.php?rest_route=%2Fwp%2Fv2%2Fcomments&post=7506"}],"version-history":[{"count":2,"href":"https:\/\/laugar.is\/index.php?rest_route=\/wp\/v2\/posts\/7506\/revisions"}],"predecessor-version":[{"id":7511,"href":"https:\/\/laugar.is\/index.php?rest_route=\/wp\/v2\/posts\/7506\/revisions\/7511"}],"wp:featuredmedia":[{"embeddable":true,"href":"https:\/\/laugar.is\/index.php?rest_route=\/wp\/v2\/media\/7510"}],"wp:attachment":[{"href":"https:\/\/laugar.is\/index.php?rest_route=%2Fwp%2Fv2%2Fmedia&parent=7506"}],"curies":[{"name":"wp","href":"https:\/\/api.w.org\/{rel}","templated":true}]}}