{"id":732,"date":"2017-03-13T09:43:21","date_gmt":"2017-03-13T09:43:21","guid":{"rendered":"http:\/\/laugar.is\/?p=732"},"modified":"2017-03-13T09:43:21","modified_gmt":"2017-03-13T09:43:21","slug":"myndir-ur-skolastarfi","status":"publish","type":"post","link":"https:\/\/laugar.is\/?p=732","title":{"rendered":"Myndir \u00far sk\u00f3lastarfi"},"content":{"rendered":"<div id=\"attachment_733\" style=\"width: 310px\" class=\"wp-caption alignright\"><a href=\"http:\/\/laugar.is\/?attachment_id=733#main\"><img loading=\"lazy\" decoding=\"async\" aria-describedby=\"caption-attachment-733\" class=\"wp-image-733 size-medium\" src=\"http:\/\/laugar.is\/wp-content\/uploads\/2017\/03\/20170309_141142_resized-300x169.jpg\" alt=\"\" width=\"300\" height=\"169\" srcset=\"https:\/\/laugar.is\/wp-content\/uploads\/2017\/03\/20170309_141142_resized-300x169.jpg 300w, https:\/\/laugar.is\/wp-content\/uploads\/2017\/03\/20170309_141142_resized-768x432.jpg 768w, https:\/\/laugar.is\/wp-content\/uploads\/2017\/03\/20170309_141142_resized-1024x576.jpg 1024w\" sizes=\"auto, (max-width: 300px) 100vw, 300px\" \/><\/a><p id=\"caption-attachment-733\" class=\"wp-caption-text\">Nemendur \u00e1 Vopnafir\u00f0i<\/p><\/div>\n<div id=\"attachment_743\" style=\"width: 310px\" class=\"wp-caption alignright\"><a href=\"http:\/\/laugar.is\/?attachment_id=743#main\"><img loading=\"lazy\" decoding=\"async\" aria-describedby=\"caption-attachment-743\" class=\"wp-image-743 size-medium\" src=\"http:\/\/laugar.is\/wp-content\/uploads\/2017\/03\/dyrafraedi-Small-300x169.jpg\" alt=\"\" width=\"300\" height=\"169\" srcset=\"https:\/\/laugar.is\/wp-content\/uploads\/2017\/03\/dyrafraedi-Small-300x169.jpg 300w, https:\/\/laugar.is\/wp-content\/uploads\/2017\/03\/dyrafraedi-Small-768x432.jpg 768w, https:\/\/laugar.is\/wp-content\/uploads\/2017\/03\/dyrafraedi-Small.jpg 853w\" sizes=\"auto, (max-width: 300px) 100vw, 300px\" \/><\/a><p id=\"caption-attachment-743\" class=\"wp-caption-text\">Nemendur \u00ed d\u00fdrafr\u00e6\u00f0i<\/p><\/div>\n<p>&nbsp;<\/p>\n<div id=\"attachment_734\" style=\"width: 310px\" class=\"wp-caption alignright\"><a href=\"http:\/\/laugar.is\/?attachment_id=734#main\"><img loading=\"lazy\" decoding=\"async\" aria-describedby=\"caption-attachment-734\" class=\"wp-image-734 size-medium\" src=\"http:\/\/laugar.is\/wp-content\/uploads\/2017\/03\/20170309_141157_resized-300x169.jpg\" alt=\"\" width=\"300\" height=\"169\" srcset=\"https:\/\/laugar.is\/wp-content\/uploads\/2017\/03\/20170309_141157_resized-300x169.jpg 300w, https:\/\/laugar.is\/wp-content\/uploads\/2017\/03\/20170309_141157_resized-768x432.jpg 768w, https:\/\/laugar.is\/wp-content\/uploads\/2017\/03\/20170309_141157_resized-1024x576.jpg 1024w\" sizes=\"auto, (max-width: 300px) 100vw, 300px\" \/><\/a><p id=\"caption-attachment-734\" class=\"wp-caption-text\">Nemendur \u00e1 Vopnafir\u00f0i<\/p><\/div>\n<div id=\"attachment_746\" style=\"width: 310px\" class=\"wp-caption alignright\"><a href=\"http:\/\/laugar.is\/?attachment_id=746#main\"><img loading=\"lazy\" decoding=\"async\" aria-describedby=\"caption-attachment-746\" class=\"wp-image-746 size-medium\" src=\"http:\/\/laugar.is\/wp-content\/uploads\/2017\/03\/thorsh1-Small-300x225.jpg\" alt=\"\" width=\"300\" height=\"225\" srcset=\"https:\/\/laugar.is\/wp-content\/uploads\/2017\/03\/thorsh1-Small-300x225.jpg 300w, https:\/\/laugar.is\/wp-content\/uploads\/2017\/03\/thorsh1-Small.jpg 640w\" sizes=\"auto, (max-width: 300px) 100vw, 300px\" \/><\/a><p id=\"caption-attachment-746\" class=\"wp-caption-text\">Fr\u00e1 vinnu nemenda \u00e1 \u00de\u00f3rsh\u00f6fn<\/p><\/div>\n<div id=\"attachment_745\" style=\"width: 310px\" class=\"wp-caption alignright\"><a href=\"http:\/\/laugar.is\/?attachment_id=745#main\"><img loading=\"lazy\" decoding=\"async\" aria-describedby=\"caption-attachment-745\" class=\"wp-image-745 size-medium\" src=\"http:\/\/laugar.is\/wp-content\/uploads\/2017\/03\/thorsh2-Small-300x225.jpg\" alt=\"\" width=\"300\" height=\"225\" srcset=\"https:\/\/laugar.is\/wp-content\/uploads\/2017\/03\/thorsh2-Small-300x225.jpg 300w, https:\/\/laugar.is\/wp-content\/uploads\/2017\/03\/thorsh2-Small.jpg 640w\" sizes=\"auto, (max-width: 300px) 100vw, 300px\" \/><\/a><p id=\"caption-attachment-745\" class=\"wp-caption-text\">Fr\u00e1 vinnu nemenda \u00e1 \u00de\u00f3rsh\u00f6fn<\/p><\/div>\n<div id=\"attachment_736\" style=\"width: 179px\" class=\"wp-caption alignright\"><a href=\"http:\/\/laugar.is\/?attachment_id=736#main\"><img loading=\"lazy\" decoding=\"async\" aria-describedby=\"caption-attachment-736\" class=\"wp-image-736 size-medium\" src=\"http:\/\/laugar.is\/wp-content\/uploads\/2017\/03\/vopni1-169x300.jpg\" alt=\"\" width=\"169\" height=\"300\" srcset=\"https:\/\/laugar.is\/wp-content\/uploads\/2017\/03\/vopni1-169x300.jpg 169w, https:\/\/laugar.is\/wp-content\/uploads\/2017\/03\/vopni1-768x1365.jpg 768w, https:\/\/laugar.is\/wp-content\/uploads\/2017\/03\/vopni1-576x1024.jpg 576w, https:\/\/laugar.is\/wp-content\/uploads\/2017\/03\/vopni1.jpg 1161w\" sizes=\"auto, (max-width: 169px) 100vw, 169px\" \/><\/a><p id=\"caption-attachment-736\" class=\"wp-caption-text\">Nemendur \u00e1 Vopnafir\u00f0i<\/p><\/div>\n<div id=\"attachment_737\" style=\"width: 179px\" class=\"wp-caption alignright\"><a href=\"http:\/\/laugar.is\/?attachment_id=737#main\"><img loading=\"lazy\" decoding=\"async\" aria-describedby=\"caption-attachment-737\" class=\"wp-image-737 size-medium\" src=\"http:\/\/laugar.is\/wp-content\/uploads\/2017\/03\/vopni2-169x300.jpg\" alt=\"\" width=\"169\" height=\"300\" srcset=\"https:\/\/laugar.is\/wp-content\/uploads\/2017\/03\/vopni2-169x300.jpg 169w, https:\/\/laugar.is\/wp-content\/uploads\/2017\/03\/vopni2-768x1365.jpg 768w, https:\/\/laugar.is\/wp-content\/uploads\/2017\/03\/vopni2-576x1024.jpg 576w, https:\/\/laugar.is\/wp-content\/uploads\/2017\/03\/vopni2.jpg 1161w\" sizes=\"auto, (max-width: 169px) 100vw, 169px\" \/><\/a><p id=\"caption-attachment-737\" class=\"wp-caption-text\">Nemendur \u00e1 Vopnafir\u00f0i<\/p><\/div>\n<div id=\"attachment_735\" style=\"width: 310px\" class=\"wp-caption alignright\"><a href=\"http:\/\/laugar.is\/?attachment_id=735#main\"><img loading=\"lazy\" decoding=\"async\" aria-describedby=\"caption-attachment-735\" class=\"wp-image-735 size-medium\" src=\"http:\/\/laugar.is\/wp-content\/uploads\/2017\/03\/skidi11-300x225.jpg\" alt=\"\" width=\"300\" height=\"225\" srcset=\"https:\/\/laugar.is\/wp-content\/uploads\/2017\/03\/skidi11-300x225.jpg 300w, https:\/\/laugar.is\/wp-content\/uploads\/2017\/03\/skidi11.jpg 640w\" sizes=\"auto, (max-width: 300px) 100vw, 300px\" \/><\/a><p id=\"caption-attachment-735\" class=\"wp-caption-text\">\u00dar sk\u00ed\u00f0afer\u00f0 nemenda<\/p><\/div>\n<div id=\"attachment_703\" style=\"width: 310px\" class=\"wp-caption alignright\"><a href=\"http:\/\/laugar.is\/?attachment_id=703\"><img loading=\"lazy\" decoding=\"async\" aria-describedby=\"caption-attachment-703\" class=\"wp-image-703 size-medium\" src=\"http:\/\/laugar.is\/wp-content\/uploads\/2017\/02\/DSC0012-almennbraut3-300x200.jpg\" alt=\"\" width=\"300\" height=\"200\" srcset=\"https:\/\/laugar.is\/wp-content\/uploads\/2017\/02\/DSC0012-almennbraut3-300x200.jpg 300w, https:\/\/laugar.is\/wp-content\/uploads\/2017\/02\/DSC0012-almennbraut3-768x512.jpg 768w, https:\/\/laugar.is\/wp-content\/uploads\/2017\/02\/DSC0012-almennbraut3-1024x683.jpg 1024w, https:\/\/laugar.is\/wp-content\/uploads\/2017\/02\/DSC0012-almennbraut3-400x267.jpg 400w, https:\/\/laugar.is\/wp-content\/uploads\/2017\/02\/DSC0012-almennbraut3.jpg 2048w\" sizes=\"auto, (max-width: 300px) 100vw, 300px\" \/><\/a><p id=\"caption-attachment-703\" class=\"wp-caption-text\">Nemendur \u00e1 Laugum<\/p><\/div>\n<div id=\"attachment_702\" style=\"width: 310px\" class=\"wp-caption alignright\"><a href=\"http:\/\/laugar.is\/?attachment_id=702\"><img loading=\"lazy\" decoding=\"async\" aria-describedby=\"caption-attachment-702\" class=\"wp-image-702 size-medium\" src=\"http:\/\/laugar.is\/wp-content\/uploads\/2017\/02\/DSC0008-almennbraut2-300x200.jpg\" alt=\"\" width=\"300\" height=\"200\" srcset=\"https:\/\/laugar.is\/wp-content\/uploads\/2017\/02\/DSC0008-almennbraut2-300x200.jpg 300w, https:\/\/laugar.is\/wp-content\/uploads\/2017\/02\/DSC0008-almennbraut2-768x512.jpg 768w, https:\/\/laugar.is\/wp-content\/uploads\/2017\/02\/DSC0008-almennbraut2-1024x683.jpg 1024w, https:\/\/laugar.is\/wp-content\/uploads\/2017\/02\/DSC0008-almennbraut2-400x267.jpg 400w, https:\/\/laugar.is\/wp-content\/uploads\/2017\/02\/DSC0008-almennbraut2.jpg 2048w\" sizes=\"auto, (max-width: 300px) 100vw, 300px\" \/><\/a><p id=\"caption-attachment-702\" class=\"wp-caption-text\">Nemendur \u00e1 Laugum<\/p><\/div>\n<div id=\"attachment_701\" style=\"width: 310px\" class=\"wp-caption alignright\"><a href=\"http:\/\/laugar.is\/?attachment_id=701\"><img loading=\"lazy\" decoding=\"async\" aria-describedby=\"caption-attachment-701\" class=\"wp-image-701 size-medium\" src=\"http:\/\/laugar.is\/wp-content\/uploads\/2017\/02\/DSC0005-almennbraut-300x200.jpg\" alt=\"\" width=\"300\" height=\"200\" srcset=\"https:\/\/laugar.is\/wp-content\/uploads\/2017\/02\/DSC0005-almennbraut-300x200.jpg 300w, https:\/\/laugar.is\/wp-content\/uploads\/2017\/02\/DSC0005-almennbraut-768x512.jpg 768w, https:\/\/laugar.is\/wp-content\/uploads\/2017\/02\/DSC0005-almennbraut-1024x683.jpg 1024w, https:\/\/laugar.is\/wp-content\/uploads\/2017\/02\/DSC0005-almennbraut-400x267.jpg 400w, https:\/\/laugar.is\/wp-content\/uploads\/2017\/02\/DSC0005-almennbraut.jpg 2048w\" sizes=\"auto, (max-width: 300px) 100vw, 300px\" \/><\/a><p id=\"caption-attachment-701\" class=\"wp-caption-text\">Nemendur \u00e1 Laugum<\/p><\/div>\n<div id=\"attachment_700\" style=\"width: 310px\" class=\"wp-caption alignright\"><a href=\"http:\/\/laugar.is\/?attachment_id=700\"><img loading=\"lazy\" decoding=\"async\" aria-describedby=\"caption-attachment-700\" class=\"wp-image-700 size-medium\" src=\"http:\/\/laugar.is\/wp-content\/uploads\/2017\/02\/DSC0003-munir-300x200.jpg\" alt=\"\" width=\"300\" height=\"200\" srcset=\"https:\/\/laugar.is\/wp-content\/uploads\/2017\/02\/DSC0003-munir-300x200.jpg 300w, https:\/\/laugar.is\/wp-content\/uploads\/2017\/02\/DSC0003-munir-768x512.jpg 768w, https:\/\/laugar.is\/wp-content\/uploads\/2017\/02\/DSC0003-munir-1024x683.jpg 1024w, https:\/\/laugar.is\/wp-content\/uploads\/2017\/02\/DSC0003-munir-400x267.jpg 400w, https:\/\/laugar.is\/wp-content\/uploads\/2017\/02\/DSC0003-munir.jpg 2048w\" sizes=\"auto, (max-width: 300px) 100vw, 300px\" \/><\/a><p id=\"caption-attachment-700\" class=\"wp-caption-text\">Kennsluefni<\/p><\/div>\n","protected":false},"excerpt":{"rendered":"<p>&nbsp;<\/p>\n","protected":false},"author":6,"featured_media":0,"comment_status":"closed","ping_status":"closed","sticky":false,"template":"","format":"standard","meta":{"_acf_changed":false,"_lmt_disableupdate":"","_lmt_disable":"","ngg_post_thumbnail":0,"footnotes":""},"class_list":["post-732","post","type-post","status-publish","format-standard","hentry"],"acf":[],"yoast_head":"<!-- This site is optimized with the Yoast SEO plugin v27.5 - https:\/\/yoast.com\/product\/yoast-seo-wordpress\/ -->\n<title>Myndir \u00far sk\u00f3lastarfi - FRAMHALDSSK\u00d3LINN \u00c1 LAUGUM<\/title>\n<meta name=\"robots\" content=\"index, follow, max-snippet:-1, max-image-preview:large, max-video-preview:-1\" \/>\n<link rel=\"canonical\" href=\"https:\/\/laugar.is\/?p=732\" \/>\n<meta property=\"og:locale\" content=\"is_IS\" \/>\n<meta property=\"og:type\" content=\"article\" \/>\n<meta property=\"og:title\" content=\"Myndir \u00far sk\u00f3lastarfi - FRAMHALDSSK\u00d3LINN \u00c1 LAUGUM\" \/>\n<meta property=\"og:description\" content=\"&nbsp;\" \/>\n<meta property=\"og:url\" content=\"https:\/\/laugar.is\/?p=732\" \/>\n<meta property=\"og:site_name\" content=\"FRAMHALDSSK\u00d3LINN \u00c1 LAUGUM\" \/>\n<meta property=\"article:publisher\" content=\"https:\/\/www.facebook.com\/laugaskoli\/\" \/>\n<meta property=\"article:published_time\" content=\"2017-03-13T09:43:21+00:00\" \/>\n<meta property=\"og:image\" content=\"http:\/\/laugar.is\/wp-content\/uploads\/2017\/03\/20170309_141142_resized-300x169.jpg\" \/>\n<meta name=\"author\" content=\"Ritari Framhaldssk\u00f3lans \u00e1 Laugum\" \/>\n<meta name=\"twitter:card\" content=\"summary_large_image\" \/>\n<meta name=\"twitter:label1\" content=\"Written by\" \/>\n\t<meta name=\"twitter:data1\" content=\"Ritari Framhaldssk\u00f3lans \u00e1 Laugum\" \/>\n\t<meta name=\"twitter:label2\" content=\"Est. reading time\" \/>\n\t<meta name=\"twitter:data2\" content=\"1 minute\" \/>\n<script type=\"application\/ld+json\" class=\"yoast-schema-graph\">{\"@context\":\"https:\\\/\\\/schema.org\",\"@graph\":[{\"@type\":\"Article\",\"@id\":\"https:\\\/\\\/laugar.is\\\/?p=732#article\",\"isPartOf\":{\"@id\":\"https:\\\/\\\/laugar.is\\\/?p=732\"},\"author\":{\"name\":\"Ritari Framhaldssk\u00f3lans \u00e1 Laugum\",\"@id\":\"https:\\\/\\\/laugar.is\\\/#\\\/schema\\\/person\\\/15a9bc03ef120f11cf86889d5ebdfaf5\"},\"headline\":\"Myndir \u00far sk\u00f3lastarfi\",\"datePublished\":\"2017-03-13T09:43:21+00:00\",\"mainEntityOfPage\":{\"@id\":\"https:\\\/\\\/laugar.is\\\/?p=732\"},\"wordCount\":126,\"publisher\":{\"@id\":\"https:\\\/\\\/laugar.is\\\/#organization\"},\"image\":{\"@id\":\"https:\\\/\\\/laugar.is\\\/?p=732#primaryimage\"},\"thumbnailUrl\":\"http:\\\/\\\/laugar.is\\\/wp-content\\\/uploads\\\/2017\\\/03\\\/20170309_141142_resized-300x169.jpg\",\"articleSection\":[\"Fr\u00e9ttir og tilkynningar\"],\"inLanguage\":\"is\"},{\"@type\":\"WebPage\",\"@id\":\"https:\\\/\\\/laugar.is\\\/?p=732\",\"url\":\"https:\\\/\\\/laugar.is\\\/?p=732\",\"name\":\"Myndir \u00far sk\u00f3lastarfi - FRAMHALDSSK\u00d3LINN \u00c1 LAUGUM\",\"isPartOf\":{\"@id\":\"https:\\\/\\\/laugar.is\\\/#website\"},\"primaryImageOfPage\":{\"@id\":\"https:\\\/\\\/laugar.is\\\/?p=732#primaryimage\"},\"image\":{\"@id\":\"https:\\\/\\\/laugar.is\\\/?p=732#primaryimage\"},\"thumbnailUrl\":\"http:\\\/\\\/laugar.is\\\/wp-content\\\/uploads\\\/2017\\\/03\\\/20170309_141142_resized-300x169.jpg\",\"datePublished\":\"2017-03-13T09:43:21+00:00\",\"breadcrumb\":{\"@id\":\"https:\\\/\\\/laugar.is\\\/?p=732#breadcrumb\"},\"inLanguage\":\"is\",\"potentialAction\":[{\"@type\":\"ReadAction\",\"target\":[\"https:\\\/\\\/laugar.is\\\/?p=732\"]}]},{\"@type\":\"ImageObject\",\"inLanguage\":\"is\",\"@id\":\"https:\\\/\\\/laugar.is\\\/?p=732#primaryimage\",\"url\":\"http:\\\/\\\/laugar.is\\\/wp-content\\\/uploads\\\/2017\\\/03\\\/20170309_141142_resized-300x169.jpg\",\"contentUrl\":\"http:\\\/\\\/laugar.is\\\/wp-content\\\/uploads\\\/2017\\\/03\\\/20170309_141142_resized-300x169.jpg\"},{\"@type\":\"BreadcrumbList\",\"@id\":\"https:\\\/\\\/laugar.is\\\/?p=732#breadcrumb\",\"itemListElement\":[{\"@type\":\"ListItem\",\"position\":1,\"name\":\"Home\",\"item\":\"https:\\\/\\\/laugar.is\\\/\"},{\"@type\":\"ListItem\",\"position\":2,\"name\":\"Myndir \u00far sk\u00f3lastarfi\"}]},{\"@type\":\"WebSite\",\"@id\":\"https:\\\/\\\/laugar.is\\\/#website\",\"url\":\"https:\\\/\\\/laugar.is\\\/\",\"name\":\"FRAMHALDSSK\u00d3LINN \u00c1 LAUGUM\",\"description\":\"Metna\u00f0ur - Tr\u00famennska  - Tillitssemi - Gla\u00f0lyndi\",\"publisher\":{\"@id\":\"https:\\\/\\\/laugar.is\\\/#organization\"},\"potentialAction\":[{\"@type\":\"SearchAction\",\"target\":{\"@type\":\"EntryPoint\",\"urlTemplate\":\"https:\\\/\\\/laugar.is\\\/?s={search_term_string}\"},\"query-input\":{\"@type\":\"PropertyValueSpecification\",\"valueRequired\":true,\"valueName\":\"search_term_string\"}}],\"inLanguage\":\"is\"},{\"@type\":\"Organization\",\"@id\":\"https:\\\/\\\/laugar.is\\\/#organization\",\"name\":\"Framhaldssk\u00f3linn \u00e1 Laugum\",\"url\":\"https:\\\/\\\/laugar.is\\\/\",\"logo\":{\"@type\":\"ImageObject\",\"inLanguage\":\"is\",\"@id\":\"https:\\\/\\\/laugar.is\\\/#\\\/schema\\\/logo\\\/image\\\/\",\"url\":\"https:\\\/\\\/laugar.is\\\/wp-content\\\/uploads\\\/2017\\\/01\\\/laugar_merki_antexta-kip.jpg\",\"contentUrl\":\"https:\\\/\\\/laugar.is\\\/wp-content\\\/uploads\\\/2017\\\/01\\\/laugar_merki_antexta-kip.jpg\",\"width\":536,\"height\":551,\"caption\":\"Framhaldssk\u00f3linn \u00e1 Laugum\"},\"image\":{\"@id\":\"https:\\\/\\\/laugar.is\\\/#\\\/schema\\\/logo\\\/image\\\/\"},\"sameAs\":[\"https:\\\/\\\/www.facebook.com\\\/laugaskoli\\\/\"]},{\"@type\":\"Person\",\"@id\":\"https:\\\/\\\/laugar.is\\\/#\\\/schema\\\/person\\\/15a9bc03ef120f11cf86889d5ebdfaf5\",\"name\":\"Ritari Framhaldssk\u00f3lans \u00e1 Laugum\",\"url\":\"https:\\\/\\\/laugar.is\\\/?author=6\"}]}<\/script>\n<!-- \/ Yoast SEO plugin. -->","yoast_head_json":{"title":"Myndir \u00far sk\u00f3lastarfi - FRAMHALDSSK\u00d3LINN \u00c1 LAUGUM","robots":{"index":"index","follow":"follow","max-snippet":"max-snippet:-1","max-image-preview":"max-image-preview:large","max-video-preview":"max-video-preview:-1"},"canonical":"https:\/\/laugar.is\/?p=732","og_locale":"is_IS","og_type":"article","og_title":"Myndir \u00far sk\u00f3lastarfi - FRAMHALDSSK\u00d3LINN \u00c1 LAUGUM","og_description":"&nbsp;","og_url":"https:\/\/laugar.is\/?p=732","og_site_name":"FRAMHALDSSK\u00d3LINN \u00c1 LAUGUM","article_publisher":"https:\/\/www.facebook.com\/laugaskoli\/","article_published_time":"2017-03-13T09:43:21+00:00","og_image":[{"url":"http:\/\/laugar.is\/wp-content\/uploads\/2017\/03\/20170309_141142_resized-300x169.jpg","type":"","width":"","height":""}],"author":"Ritari Framhaldssk\u00f3lans \u00e1 Laugum","twitter_card":"summary_large_image","twitter_misc":{"Written by":"Ritari Framhaldssk\u00f3lans \u00e1 Laugum","Est. reading time":"1 minute"},"schema":{"@context":"https:\/\/schema.org","@graph":[{"@type":"Article","@id":"https:\/\/laugar.is\/?p=732#article","isPartOf":{"@id":"https:\/\/laugar.is\/?p=732"},"author":{"name":"Ritari Framhaldssk\u00f3lans \u00e1 Laugum","@id":"https:\/\/laugar.is\/#\/schema\/person\/15a9bc03ef120f11cf86889d5ebdfaf5"},"headline":"Myndir \u00far sk\u00f3lastarfi","datePublished":"2017-03-13T09:43:21+00:00","mainEntityOfPage":{"@id":"https:\/\/laugar.is\/?p=732"},"wordCount":126,"publisher":{"@id":"https:\/\/laugar.is\/#organization"},"image":{"@id":"https:\/\/laugar.is\/?p=732#primaryimage"},"thumbnailUrl":"http:\/\/laugar.is\/wp-content\/uploads\/2017\/03\/20170309_141142_resized-300x169.jpg","articleSection":["Fr\u00e9ttir og tilkynningar"],"inLanguage":"is"},{"@type":"WebPage","@id":"https:\/\/laugar.is\/?p=732","url":"https:\/\/laugar.is\/?p=732","name":"Myndir \u00far sk\u00f3lastarfi - FRAMHALDSSK\u00d3LINN \u00c1 LAUGUM","isPartOf":{"@id":"https:\/\/laugar.is\/#website"},"primaryImageOfPage":{"@id":"https:\/\/laugar.is\/?p=732#primaryimage"},"image":{"@id":"https:\/\/laugar.is\/?p=732#primaryimage"},"thumbnailUrl":"http:\/\/laugar.is\/wp-content\/uploads\/2017\/03\/20170309_141142_resized-300x169.jpg","datePublished":"2017-03-13T09:43:21+00:00","breadcrumb":{"@id":"https:\/\/laugar.is\/?p=732#breadcrumb"},"inLanguage":"is","potentialAction":[{"@type":"ReadAction","target":["https:\/\/laugar.is\/?p=732"]}]},{"@type":"ImageObject","inLanguage":"is","@id":"https:\/\/laugar.is\/?p=732#primaryimage","url":"http:\/\/laugar.is\/wp-content\/uploads\/2017\/03\/20170309_141142_resized-300x169.jpg","contentUrl":"http:\/\/laugar.is\/wp-content\/uploads\/2017\/03\/20170309_141142_resized-300x169.jpg"},{"@type":"BreadcrumbList","@id":"https:\/\/laugar.is\/?p=732#breadcrumb","itemListElement":[{"@type":"ListItem","position":1,"name":"Home","item":"https:\/\/laugar.is\/"},{"@type":"ListItem","position":2,"name":"Myndir \u00far sk\u00f3lastarfi"}]},{"@type":"WebSite","@id":"https:\/\/laugar.is\/#website","url":"https:\/\/laugar.is\/","name":"FRAMHALDSSK\u00d3LINN \u00c1 LAUGUM","description":"Metna\u00f0ur - Tr\u00famennska  - Tillitssemi - Gla\u00f0lyndi","publisher":{"@id":"https:\/\/laugar.is\/#organization"},"potentialAction":[{"@type":"SearchAction","target":{"@type":"EntryPoint","urlTemplate":"https:\/\/laugar.is\/?s={search_term_string}"},"query-input":{"@type":"PropertyValueSpecification","valueRequired":true,"valueName":"search_term_string"}}],"inLanguage":"is"},{"@type":"Organization","@id":"https:\/\/laugar.is\/#organization","name":"Framhaldssk\u00f3linn \u00e1 Laugum","url":"https:\/\/laugar.is\/","logo":{"@type":"ImageObject","inLanguage":"is","@id":"https:\/\/laugar.is\/#\/schema\/logo\/image\/","url":"https:\/\/laugar.is\/wp-content\/uploads\/2017\/01\/laugar_merki_antexta-kip.jpg","contentUrl":"https:\/\/laugar.is\/wp-content\/uploads\/2017\/01\/laugar_merki_antexta-kip.jpg","width":536,"height":551,"caption":"Framhaldssk\u00f3linn \u00e1 Laugum"},"image":{"@id":"https:\/\/laugar.is\/#\/schema\/logo\/image\/"},"sameAs":["https:\/\/www.facebook.com\/laugaskoli\/"]},{"@type":"Person","@id":"https:\/\/laugar.is\/#\/schema\/person\/15a9bc03ef120f11cf86889d5ebdfaf5","name":"Ritari Framhaldssk\u00f3lans \u00e1 Laugum","url":"https:\/\/laugar.is\/?author=6"}]}},"modified_by":null,"_links":{"self":[{"href":"https:\/\/laugar.is\/index.php?rest_route=\/wp\/v2\/posts\/732","targetHints":{"allow":["GET"]}}],"collection":[{"href":"https:\/\/laugar.is\/index.php?rest_route=\/wp\/v2\/posts"}],"about":[{"href":"https:\/\/laugar.is\/index.php?rest_route=\/wp\/v2\/types\/post"}],"author":[{"embeddable":true,"href":"https:\/\/laugar.is\/index.php?rest_route=\/wp\/v2\/users\/6"}],"replies":[{"embeddable":true,"href":"https:\/\/laugar.is\/index.php?rest_route=%2Fwp%2Fv2%2Fcomments&post=732"}],"version-history":[{"count":0,"href":"https:\/\/laugar.is\/index.php?rest_route=\/wp\/v2\/posts\/732\/revisions"}],"wp:attachment":[{"href":"https:\/\/laugar.is\/index.php?rest_route=%2Fwp%2Fv2%2Fmedia&parent=732"}],"curies":[{"name":"wp","href":"https:\/\/api.w.org\/{rel}","templated":true}]}}