{"id":727,"date":"2017-03-10T11:07:04","date_gmt":"2017-03-10T11:07:04","guid":{"rendered":"http:\/\/laugar.is\/?p=727"},"modified":"2017-03-10T11:25:02","modified_gmt":"2017-03-10T11:25:02","slug":"skidaferd","status":"publish","type":"post","link":"https:\/\/laugar.is\/?p=727","title":{"rendered":"Sk\u00ed\u00f0afer\u00f0"},"content":{"rendered":"<p><img loading=\"lazy\" decoding=\"async\" class=\" wp-image-728 alignleft\" src=\"http:\/\/laugar.is\/wp-content\/uploads\/2017\/03\/FullSizeRender-2-300x225.jpg\" alt=\"\" width=\"225\" height=\"169\" srcset=\"https:\/\/laugar.is\/wp-content\/uploads\/2017\/03\/FullSizeRender-2-300x225.jpg 300w, https:\/\/laugar.is\/wp-content\/uploads\/2017\/03\/FullSizeRender-2.jpg 640w\" sizes=\"auto, (max-width: 225px) 100vw, 225px\" \/>Mi\u00f0vikudaginn 8. mars sl. f\u00f3ru nemendur Framhaldssk\u00f3lans \u00e1 Laugum til Akureyrar \u00fear sem fer\u00f0inni var heiti\u00f0 upp \u00ed Hl\u00ed\u00f0arfjall. Dagurinn var tekinn snemma og a\u00f0 loknum morgunver\u00f0i var lagt af sta\u00f0. Gu\u00f0mundur Sm\u00e1ri Gunnarsson, kennari og Mar\u00eda J\u00f3nsd\u00f3ttir, n\u00e1msr\u00e1\u00f0gjafi voru \u00feeim til halds og trausts \u00ed fer\u00f0inni. \u00deau voru einnig myndasmi\u00f0ir \u00fear sem \u00feau t\u00f3ku skemmtilegar myndir af nemendum \u00fdmist \u00e1 flj\u00fagandi fer\u00f0, n\u00fddottin eins og vera ber um brekkurnar \u00e1 sk\u00ed\u00f0um og brettum, e\u00f0a a\u00f0 g\u00e6\u00f0a s\u00e9r \u00e1 nestinu. \u00a0Ekki er h\u00e6gt a\u00f0 segja anna\u00f0 en ve\u00f0ri\u00f0 hafi veri\u00f0 \u00feeim hli\u00f0hollt, eins og s\u00e9st \u00e1 myndunum. Sk\u00ed\u00f0afer\u00f0in gekk eins og best ver\u00f0ur \u00e1 kosi\u00f0 og \u00feegar l\u00ed\u00f0a t\u00f3k \u00e1 daginn var haldi\u00f0 af sta\u00f0 til bygg\u00f0a og \u00fe\u00e1 var\u00f0 veitingasta\u00f0urinn Greifinn fyrir valinu \u00fear sem bo\u00f0i\u00f0 var upp \u00e1 pizzuhla\u00f0bor\u00f0.\u00a0<img loading=\"lazy\" decoding=\"async\" class=\" wp-image-729 alignright\" src=\"http:\/\/laugar.is\/wp-content\/uploads\/2017\/03\/skidaferd.4-300x225.jpg\" alt=\"\" width=\"204\" height=\"153\" srcset=\"https:\/\/laugar.is\/wp-content\/uploads\/2017\/03\/skidaferd.4-300x225.jpg 300w, https:\/\/laugar.is\/wp-content\/uploads\/2017\/03\/skidaferd.4.jpg 640w\" sizes=\"auto, (max-width: 204px) 100vw, 204px\" \/><\/p>\n","protected":false},"excerpt":{"rendered":"<p>Mi\u00f0vikudaginn 8. mars sl. f\u00f3ru nemendur Framhaldssk\u00f3lans \u00e1 Laugum til Akureyrar \u00fear sem fer\u00f0inni var heiti\u00f0 upp \u00ed Hl\u00ed\u00f0arfjall. Dagurinn var tekinn snemma og a\u00f0 loknum morgunver\u00f0i var lagt af sta\u00f0. Gu\u00f0mundur Sm\u00e1ri Gunnarsson, kennari og Mar\u00eda J\u00f3nsd\u00f3ttir, n\u00e1msr\u00e1\u00f0gjafi voru \u00feeim til halds og trausts \u00ed fer\u00f0inni. \u00deau voru einnig myndasmi\u00f0ir \u00fear sem \u00feau t\u00f3ku skemmtilegar myndir af nemendum \u00fdmist \u00e1 flj\u00fagandi fer\u00f0, n\u00fddottin eins og vera ber um brekkurnar <a class=\"more-link\" href=\"https:\/\/laugar.is\/?p=727\">&#8230;Lestu \u00e1fram<\/a><\/p>\n","protected":false},"author":6,"featured_media":0,"comment_status":"closed","ping_status":"closed","sticky":false,"template":"","format":"standard","meta":{"_acf_changed":false,"_lmt_disableupdate":"","_lmt_disable":"","ngg_post_thumbnail":0,"footnotes":""},"class_list":["post-727","post","type-post","status-publish","format-standard","hentry"],"acf":[],"yoast_head":"<!-- This site is optimized with the Yoast SEO plugin v27.5 - https:\/\/yoast.com\/product\/yoast-seo-wordpress\/ -->\n<title>Sk\u00ed\u00f0afer\u00f0 - FRAMHALDSSK\u00d3LINN \u00c1 LAUGUM<\/title>\n<meta name=\"robots\" content=\"index, follow, max-snippet:-1, max-image-preview:large, max-video-preview:-1\" \/>\n<link rel=\"canonical\" href=\"https:\/\/laugar.is\/?p=727\" \/>\n<meta property=\"og:locale\" content=\"is_IS\" \/>\n<meta property=\"og:type\" content=\"article\" \/>\n<meta property=\"og:title\" content=\"Sk\u00ed\u00f0afer\u00f0 - FRAMHALDSSK\u00d3LINN \u00c1 LAUGUM\" \/>\n<meta property=\"og:description\" content=\"Mi\u00f0vikudaginn 8. mars sl. f\u00f3ru nemendur Framhaldssk\u00f3lans \u00e1 Laugum til Akureyrar \u00fear sem fer\u00f0inni var heiti\u00f0 upp \u00ed Hl\u00ed\u00f0arfjall. Dagurinn var tekinn snemma og a\u00f0 loknum morgunver\u00f0i var lagt af sta\u00f0. Gu\u00f0mundur Sm\u00e1ri Gunnarsson, kennari og Mar\u00eda J\u00f3nsd\u00f3ttir, n\u00e1msr\u00e1\u00f0gjafi voru \u00feeim til halds og trausts \u00ed fer\u00f0inni. \u00deau voru einnig myndasmi\u00f0ir \u00fear sem \u00feau t\u00f3ku skemmtilegar myndir af nemendum \u00fdmist \u00e1 flj\u00fagandi fer\u00f0, n\u00fddottin eins og vera ber um brekkurnar ...Lestu \u00e1fram\" \/>\n<meta property=\"og:url\" content=\"https:\/\/laugar.is\/?p=727\" \/>\n<meta property=\"og:site_name\" content=\"FRAMHALDSSK\u00d3LINN \u00c1 LAUGUM\" \/>\n<meta property=\"article:publisher\" content=\"https:\/\/www.facebook.com\/laugaskoli\/\" \/>\n<meta property=\"article:published_time\" content=\"2017-03-10T11:07:04+00:00\" \/>\n<meta property=\"article:modified_time\" content=\"2017-03-10T11:25:02+00:00\" \/>\n<meta property=\"og:image\" content=\"http:\/\/laugar.is\/wp-content\/uploads\/2017\/03\/FullSizeRender-2-300x225.jpg\" \/>\n<meta name=\"author\" content=\"Ritari Framhaldssk\u00f3lans \u00e1 Laugum\" \/>\n<meta name=\"twitter:card\" content=\"summary_large_image\" \/>\n<meta name=\"twitter:label1\" content=\"Written by\" \/>\n\t<meta name=\"twitter:data1\" content=\"Ritari Framhaldssk\u00f3lans \u00e1 Laugum\" \/>\n\t<meta name=\"twitter:label2\" content=\"Est. reading time\" \/>\n\t<meta name=\"twitter:data2\" content=\"1 minute\" \/>\n<script type=\"application\/ld+json\" class=\"yoast-schema-graph\">{\"@context\":\"https:\\\/\\\/schema.org\",\"@graph\":[{\"@type\":\"Article\",\"@id\":\"https:\\\/\\\/laugar.is\\\/?p=727#article\",\"isPartOf\":{\"@id\":\"https:\\\/\\\/laugar.is\\\/?p=727\"},\"author\":{\"name\":\"Ritari Framhaldssk\u00f3lans \u00e1 Laugum\",\"@id\":\"https:\\\/\\\/laugar.is\\\/#\\\/schema\\\/person\\\/15a9bc03ef120f11cf86889d5ebdfaf5\"},\"headline\":\"Sk\u00ed\u00f0afer\u00f0\",\"datePublished\":\"2017-03-10T11:07:04+00:00\",\"dateModified\":\"2017-03-10T11:25:02+00:00\",\"mainEntityOfPage\":{\"@id\":\"https:\\\/\\\/laugar.is\\\/?p=727\"},\"wordCount\":156,\"publisher\":{\"@id\":\"https:\\\/\\\/laugar.is\\\/#organization\"},\"image\":{\"@id\":\"https:\\\/\\\/laugar.is\\\/?p=727#primaryimage\"},\"thumbnailUrl\":\"http:\\\/\\\/laugar.is\\\/wp-content\\\/uploads\\\/2017\\\/03\\\/FullSizeRender-2-300x225.jpg\",\"articleSection\":[\"Fr\u00e9ttir og tilkynningar\"],\"inLanguage\":\"is\"},{\"@type\":\"WebPage\",\"@id\":\"https:\\\/\\\/laugar.is\\\/?p=727\",\"url\":\"https:\\\/\\\/laugar.is\\\/?p=727\",\"name\":\"Sk\u00ed\u00f0afer\u00f0 - FRAMHALDSSK\u00d3LINN \u00c1 LAUGUM\",\"isPartOf\":{\"@id\":\"https:\\\/\\\/laugar.is\\\/#website\"},\"primaryImageOfPage\":{\"@id\":\"https:\\\/\\\/laugar.is\\\/?p=727#primaryimage\"},\"image\":{\"@id\":\"https:\\\/\\\/laugar.is\\\/?p=727#primaryimage\"},\"thumbnailUrl\":\"http:\\\/\\\/laugar.is\\\/wp-content\\\/uploads\\\/2017\\\/03\\\/FullSizeRender-2-300x225.jpg\",\"datePublished\":\"2017-03-10T11:07:04+00:00\",\"dateModified\":\"2017-03-10T11:25:02+00:00\",\"breadcrumb\":{\"@id\":\"https:\\\/\\\/laugar.is\\\/?p=727#breadcrumb\"},\"inLanguage\":\"is\",\"potentialAction\":[{\"@type\":\"ReadAction\",\"target\":[\"https:\\\/\\\/laugar.is\\\/?p=727\"]}]},{\"@type\":\"ImageObject\",\"inLanguage\":\"is\",\"@id\":\"https:\\\/\\\/laugar.is\\\/?p=727#primaryimage\",\"url\":\"http:\\\/\\\/laugar.is\\\/wp-content\\\/uploads\\\/2017\\\/03\\\/FullSizeRender-2-300x225.jpg\",\"contentUrl\":\"http:\\\/\\\/laugar.is\\\/wp-content\\\/uploads\\\/2017\\\/03\\\/FullSizeRender-2-300x225.jpg\"},{\"@type\":\"BreadcrumbList\",\"@id\":\"https:\\\/\\\/laugar.is\\\/?p=727#breadcrumb\",\"itemListElement\":[{\"@type\":\"ListItem\",\"position\":1,\"name\":\"Home\",\"item\":\"https:\\\/\\\/laugar.is\\\/\"},{\"@type\":\"ListItem\",\"position\":2,\"name\":\"Sk\u00ed\u00f0afer\u00f0\"}]},{\"@type\":\"WebSite\",\"@id\":\"https:\\\/\\\/laugar.is\\\/#website\",\"url\":\"https:\\\/\\\/laugar.is\\\/\",\"name\":\"FRAMHALDSSK\u00d3LINN \u00c1 LAUGUM\",\"description\":\"Metna\u00f0ur - Tr\u00famennska  - Tillitssemi - Gla\u00f0lyndi\",\"publisher\":{\"@id\":\"https:\\\/\\\/laugar.is\\\/#organization\"},\"potentialAction\":[{\"@type\":\"SearchAction\",\"target\":{\"@type\":\"EntryPoint\",\"urlTemplate\":\"https:\\\/\\\/laugar.is\\\/?s={search_term_string}\"},\"query-input\":{\"@type\":\"PropertyValueSpecification\",\"valueRequired\":true,\"valueName\":\"search_term_string\"}}],\"inLanguage\":\"is\"},{\"@type\":\"Organization\",\"@id\":\"https:\\\/\\\/laugar.is\\\/#organization\",\"name\":\"Framhaldssk\u00f3linn \u00e1 Laugum\",\"url\":\"https:\\\/\\\/laugar.is\\\/\",\"logo\":{\"@type\":\"ImageObject\",\"inLanguage\":\"is\",\"@id\":\"https:\\\/\\\/laugar.is\\\/#\\\/schema\\\/logo\\\/image\\\/\",\"url\":\"https:\\\/\\\/laugar.is\\\/wp-content\\\/uploads\\\/2017\\\/01\\\/laugar_merki_antexta-kip.jpg\",\"contentUrl\":\"https:\\\/\\\/laugar.is\\\/wp-content\\\/uploads\\\/2017\\\/01\\\/laugar_merki_antexta-kip.jpg\",\"width\":536,\"height\":551,\"caption\":\"Framhaldssk\u00f3linn \u00e1 Laugum\"},\"image\":{\"@id\":\"https:\\\/\\\/laugar.is\\\/#\\\/schema\\\/logo\\\/image\\\/\"},\"sameAs\":[\"https:\\\/\\\/www.facebook.com\\\/laugaskoli\\\/\"]},{\"@type\":\"Person\",\"@id\":\"https:\\\/\\\/laugar.is\\\/#\\\/schema\\\/person\\\/15a9bc03ef120f11cf86889d5ebdfaf5\",\"name\":\"Ritari Framhaldssk\u00f3lans \u00e1 Laugum\",\"url\":\"https:\\\/\\\/laugar.is\\\/?author=6\"}]}<\/script>\n<!-- \/ Yoast SEO plugin. -->","yoast_head_json":{"title":"Sk\u00ed\u00f0afer\u00f0 - FRAMHALDSSK\u00d3LINN \u00c1 LAUGUM","robots":{"index":"index","follow":"follow","max-snippet":"max-snippet:-1","max-image-preview":"max-image-preview:large","max-video-preview":"max-video-preview:-1"},"canonical":"https:\/\/laugar.is\/?p=727","og_locale":"is_IS","og_type":"article","og_title":"Sk\u00ed\u00f0afer\u00f0 - FRAMHALDSSK\u00d3LINN \u00c1 LAUGUM","og_description":"Mi\u00f0vikudaginn 8. mars sl. f\u00f3ru nemendur Framhaldssk\u00f3lans \u00e1 Laugum til Akureyrar \u00fear sem fer\u00f0inni var heiti\u00f0 upp \u00ed Hl\u00ed\u00f0arfjall. Dagurinn var tekinn snemma og a\u00f0 loknum morgunver\u00f0i var lagt af sta\u00f0. Gu\u00f0mundur Sm\u00e1ri Gunnarsson, kennari og Mar\u00eda J\u00f3nsd\u00f3ttir, n\u00e1msr\u00e1\u00f0gjafi voru \u00feeim til halds og trausts \u00ed fer\u00f0inni. \u00deau voru einnig myndasmi\u00f0ir \u00fear sem \u00feau t\u00f3ku skemmtilegar myndir af nemendum \u00fdmist \u00e1 flj\u00fagandi fer\u00f0, n\u00fddottin eins og vera ber um brekkurnar ...Lestu \u00e1fram","og_url":"https:\/\/laugar.is\/?p=727","og_site_name":"FRAMHALDSSK\u00d3LINN \u00c1 LAUGUM","article_publisher":"https:\/\/www.facebook.com\/laugaskoli\/","article_published_time":"2017-03-10T11:07:04+00:00","article_modified_time":"2017-03-10T11:25:02+00:00","og_image":[{"url":"http:\/\/laugar.is\/wp-content\/uploads\/2017\/03\/FullSizeRender-2-300x225.jpg","type":"","width":"","height":""}],"author":"Ritari Framhaldssk\u00f3lans \u00e1 Laugum","twitter_card":"summary_large_image","twitter_misc":{"Written by":"Ritari Framhaldssk\u00f3lans \u00e1 Laugum","Est. reading time":"1 minute"},"schema":{"@context":"https:\/\/schema.org","@graph":[{"@type":"Article","@id":"https:\/\/laugar.is\/?p=727#article","isPartOf":{"@id":"https:\/\/laugar.is\/?p=727"},"author":{"name":"Ritari Framhaldssk\u00f3lans \u00e1 Laugum","@id":"https:\/\/laugar.is\/#\/schema\/person\/15a9bc03ef120f11cf86889d5ebdfaf5"},"headline":"Sk\u00ed\u00f0afer\u00f0","datePublished":"2017-03-10T11:07:04+00:00","dateModified":"2017-03-10T11:25:02+00:00","mainEntityOfPage":{"@id":"https:\/\/laugar.is\/?p=727"},"wordCount":156,"publisher":{"@id":"https:\/\/laugar.is\/#organization"},"image":{"@id":"https:\/\/laugar.is\/?p=727#primaryimage"},"thumbnailUrl":"http:\/\/laugar.is\/wp-content\/uploads\/2017\/03\/FullSizeRender-2-300x225.jpg","articleSection":["Fr\u00e9ttir og tilkynningar"],"inLanguage":"is"},{"@type":"WebPage","@id":"https:\/\/laugar.is\/?p=727","url":"https:\/\/laugar.is\/?p=727","name":"Sk\u00ed\u00f0afer\u00f0 - FRAMHALDSSK\u00d3LINN \u00c1 LAUGUM","isPartOf":{"@id":"https:\/\/laugar.is\/#website"},"primaryImageOfPage":{"@id":"https:\/\/laugar.is\/?p=727#primaryimage"},"image":{"@id":"https:\/\/laugar.is\/?p=727#primaryimage"},"thumbnailUrl":"http:\/\/laugar.is\/wp-content\/uploads\/2017\/03\/FullSizeRender-2-300x225.jpg","datePublished":"2017-03-10T11:07:04+00:00","dateModified":"2017-03-10T11:25:02+00:00","breadcrumb":{"@id":"https:\/\/laugar.is\/?p=727#breadcrumb"},"inLanguage":"is","potentialAction":[{"@type":"ReadAction","target":["https:\/\/laugar.is\/?p=727"]}]},{"@type":"ImageObject","inLanguage":"is","@id":"https:\/\/laugar.is\/?p=727#primaryimage","url":"http:\/\/laugar.is\/wp-content\/uploads\/2017\/03\/FullSizeRender-2-300x225.jpg","contentUrl":"http:\/\/laugar.is\/wp-content\/uploads\/2017\/03\/FullSizeRender-2-300x225.jpg"},{"@type":"BreadcrumbList","@id":"https:\/\/laugar.is\/?p=727#breadcrumb","itemListElement":[{"@type":"ListItem","position":1,"name":"Home","item":"https:\/\/laugar.is\/"},{"@type":"ListItem","position":2,"name":"Sk\u00ed\u00f0afer\u00f0"}]},{"@type":"WebSite","@id":"https:\/\/laugar.is\/#website","url":"https:\/\/laugar.is\/","name":"FRAMHALDSSK\u00d3LINN \u00c1 LAUGUM","description":"Metna\u00f0ur - Tr\u00famennska  - Tillitssemi - Gla\u00f0lyndi","publisher":{"@id":"https:\/\/laugar.is\/#organization"},"potentialAction":[{"@type":"SearchAction","target":{"@type":"EntryPoint","urlTemplate":"https:\/\/laugar.is\/?s={search_term_string}"},"query-input":{"@type":"PropertyValueSpecification","valueRequired":true,"valueName":"search_term_string"}}],"inLanguage":"is"},{"@type":"Organization","@id":"https:\/\/laugar.is\/#organization","name":"Framhaldssk\u00f3linn \u00e1 Laugum","url":"https:\/\/laugar.is\/","logo":{"@type":"ImageObject","inLanguage":"is","@id":"https:\/\/laugar.is\/#\/schema\/logo\/image\/","url":"https:\/\/laugar.is\/wp-content\/uploads\/2017\/01\/laugar_merki_antexta-kip.jpg","contentUrl":"https:\/\/laugar.is\/wp-content\/uploads\/2017\/01\/laugar_merki_antexta-kip.jpg","width":536,"height":551,"caption":"Framhaldssk\u00f3linn \u00e1 Laugum"},"image":{"@id":"https:\/\/laugar.is\/#\/schema\/logo\/image\/"},"sameAs":["https:\/\/www.facebook.com\/laugaskoli\/"]},{"@type":"Person","@id":"https:\/\/laugar.is\/#\/schema\/person\/15a9bc03ef120f11cf86889d5ebdfaf5","name":"Ritari Framhaldssk\u00f3lans \u00e1 Laugum","url":"https:\/\/laugar.is\/?author=6"}]}},"modified_by":null,"_links":{"self":[{"href":"https:\/\/laugar.is\/index.php?rest_route=\/wp\/v2\/posts\/727","targetHints":{"allow":["GET"]}}],"collection":[{"href":"https:\/\/laugar.is\/index.php?rest_route=\/wp\/v2\/posts"}],"about":[{"href":"https:\/\/laugar.is\/index.php?rest_route=\/wp\/v2\/types\/post"}],"author":[{"embeddable":true,"href":"https:\/\/laugar.is\/index.php?rest_route=\/wp\/v2\/users\/6"}],"replies":[{"embeddable":true,"href":"https:\/\/laugar.is\/index.php?rest_route=%2Fwp%2Fv2%2Fcomments&post=727"}],"version-history":[{"count":0,"href":"https:\/\/laugar.is\/index.php?rest_route=\/wp\/v2\/posts\/727\/revisions"}],"wp:attachment":[{"href":"https:\/\/laugar.is\/index.php?rest_route=%2Fwp%2Fv2%2Fmedia&parent=727"}],"curies":[{"name":"wp","href":"https:\/\/api.w.org\/{rel}","templated":true}]}}