{"id":5072,"date":"2023-11-24T11:05:52","date_gmt":"2023-11-24T11:05:52","guid":{"rendered":"https:\/\/laugar.is\/?p=5072"},"modified":"2023-11-24T11:05:52","modified_gmt":"2023-11-24T11:05:52","slug":"tonkvislin-25-november-2023","status":"publish","type":"post","link":"https:\/\/laugar.is\/?p=5072","title":{"rendered":"T\u00f3nkv\u00edslin 25.n\u00f3vember 2023"},"content":{"rendered":"<p>T\u00f3nkv\u00edslin er \u00e1rleg s\u00f6ngvakeppni sem haldin hefur veri\u00f0 af Nemendaf\u00e9lagi Framhaldssk\u00f3lans \u00e1 Laugum fr\u00e1 \u00e1rinu 2006. Keppninni er skipt upp \u00ed tvo flokka, annars vegar eru \u00fea\u00f0 keppendur fr\u00e1 Framhaldssk\u00f3lanum, og hins vegar keppendur fr\u00e1 grunnsk\u00f3lum n\u00e6sta n\u00e1grennis, allt fr\u00e1 Va\u00f0lahei\u00f0i austur a\u00f0 Vopnafir\u00f0i.&nbsp;D\u00f3mnefnd velur \u00ferj\u00fa bestu atri\u00f0in fr\u00e1 framhaldssk\u00f3lanum og \u00ferj\u00fa bestu atri\u00f0in \u00far h\u00f3pi grunnsk\u00f3lanna.<\/p>\n<p>Allt til \u00e1rsins 2016 var T\u00f3nkv\u00edslin forkeppni fyrir S\u00f6ngkeppni framhaldssk\u00f3lanna e\u00f0a \u00fear til Nemendaf\u00e9lag FL dr\u00f3 sig \u00far keppninni \u00ed byrjun 2016, \u00e1samt nokkrum \u00f6\u00f0rum framhaldssk\u00f3lum. \u00cd \u00e1r er keppnin haldin laugardaginn 25. n\u00f3vember og er sigurvegari keppninnar fulltr\u00fai Framhaldssk\u00f3lans \u00e1 Laugum \u00ed S\u00f6ngkeppni framhaldssk\u00f3lanna. \u00dea\u00f0 er \u00fev\u00ed mikils til a\u00f0 vinna me\u00f0 sigri \u00ed keppninni \u00ed \u00e1r.<\/p>\n<p style=\"text-align: center;\"><strong>Smelltu \u00e1 myndina til \u00feess a\u00f0 sj\u00e1 hana st\u00e6rri&nbsp;<\/strong><\/p>\nngg_shortcode_0_placeholder\n","protected":false},"excerpt":{"rendered":"<p>T\u00f3nkv\u00edslin er \u00e1rleg s\u00f6ngvakeppni sem haldin hefur veri\u00f0 af Nemendaf\u00e9lagi Framhaldssk\u00f3lans \u00e1 Laugum fr\u00e1 \u00e1rinu 2006. Keppninni er skipt upp \u00ed tvo flokka, annars vegar eru \u00fea\u00f0 keppendur fr\u00e1 Framhaldssk\u00f3lanum, og hins vegar keppendur fr\u00e1 grunnsk\u00f3lum n\u00e6sta n\u00e1grennis, allt fr\u00e1 Va\u00f0lahei\u00f0i austur a\u00f0 Vopnafir\u00f0i.&nbsp;D\u00f3mnefnd velur \u00ferj\u00fa bestu atri\u00f0in fr\u00e1 framhaldssk\u00f3lanum og \u00ferj\u00fa bestu atri\u00f0in \u00far h\u00f3pi grunnsk\u00f3lanna. Allt til \u00e1rsins 2016 var T\u00f3nkv\u00edslin forkeppni fyrir S\u00f6ngkeppni framhaldssk\u00f3lanna e\u00f0a \u00fear til <a class=\"more-link\" href=\"https:\/\/laugar.is\/?p=5072\">&#8230;Lestu \u00e1fram<\/a><\/p>\n","protected":false},"author":6,"featured_media":5073,"comment_status":"closed","ping_status":"closed","sticky":false,"template":"","format":"standard","meta":{"_acf_changed":false,"_lmt_disableupdate":"","_lmt_disable":"","ngg_post_thumbnail":0,"footnotes":""},"class_list":["post-5072","post","type-post","status-publish","format-standard","has-post-thumbnail","hentry"],"acf":[],"yoast_head":"<!-- This site is optimized with the Yoast SEO plugin v27.5 - https:\/\/yoast.com\/product\/yoast-seo-wordpress\/ -->\n<title>T\u00f3nkv\u00edslin 25.n\u00f3vember 2023 - FRAMHALDSSK\u00d3LINN \u00c1 LAUGUM<\/title>\n<meta name=\"robots\" content=\"index, follow, max-snippet:-1, max-image-preview:large, max-video-preview:-1\" \/>\n<link rel=\"canonical\" href=\"https:\/\/laugar.is\/?p=5072\" \/>\n<meta property=\"og:locale\" content=\"is_IS\" \/>\n<meta property=\"og:type\" content=\"article\" \/>\n<meta property=\"og:title\" content=\"T\u00f3nkv\u00edslin 25.n\u00f3vember 2023 - FRAMHALDSSK\u00d3LINN \u00c1 LAUGUM\" \/>\n<meta property=\"og:description\" content=\"T\u00f3nkv\u00edslin er \u00e1rleg s\u00f6ngvakeppni sem haldin hefur veri\u00f0 af Nemendaf\u00e9lagi Framhaldssk\u00f3lans \u00e1 Laugum fr\u00e1 \u00e1rinu 2006. Keppninni er skipt upp \u00ed tvo flokka, annars vegar eru \u00fea\u00f0 keppendur fr\u00e1 Framhaldssk\u00f3lanum, og hins vegar keppendur fr\u00e1 grunnsk\u00f3lum n\u00e6sta n\u00e1grennis, allt fr\u00e1 Va\u00f0lahei\u00f0i austur a\u00f0 Vopnafir\u00f0i.&nbsp;D\u00f3mnefnd velur \u00ferj\u00fa bestu atri\u00f0in fr\u00e1 framhaldssk\u00f3lanum og \u00ferj\u00fa bestu atri\u00f0in \u00far h\u00f3pi grunnsk\u00f3lanna. Allt til \u00e1rsins 2016 var T\u00f3nkv\u00edslin forkeppni fyrir S\u00f6ngkeppni framhaldssk\u00f3lanna e\u00f0a \u00fear til ...Lestu \u00e1fram\" \/>\n<meta property=\"og:url\" content=\"https:\/\/laugar.is\/?p=5072\" \/>\n<meta property=\"og:site_name\" content=\"FRAMHALDSSK\u00d3LINN \u00c1 LAUGUM\" \/>\n<meta property=\"article:publisher\" content=\"https:\/\/www.facebook.com\/laugaskoli\/\" \/>\n<meta property=\"article:published_time\" content=\"2023-11-24T11:05:52+00:00\" \/>\n<meta property=\"og:image\" content=\"https:\/\/laugar.is\/wp-content\/uploads\/2023\/11\/403719475_859332736197486_4271831672151574666_n.png\" \/>\n\t<meta property=\"og:image:width\" content=\"751\" \/>\n\t<meta property=\"og:image:height\" content=\"417\" \/>\n\t<meta property=\"og:image:type\" content=\"image\/png\" \/>\n<meta name=\"author\" content=\"Ritari Framhaldssk\u00f3lans \u00e1 Laugum\" \/>\n<meta name=\"twitter:card\" content=\"summary_large_image\" \/>\n<meta name=\"twitter:label1\" content=\"Written by\" \/>\n\t<meta name=\"twitter:data1\" content=\"Ritari Framhaldssk\u00f3lans \u00e1 Laugum\" \/>\n\t<meta name=\"twitter:label2\" content=\"Est. reading time\" \/>\n\t<meta name=\"twitter:data2\" content=\"1 minute\" \/>\n<script type=\"application\/ld+json\" class=\"yoast-schema-graph\">{\"@context\":\"https:\\\/\\\/schema.org\",\"@graph\":[{\"@type\":\"Article\",\"@id\":\"https:\\\/\\\/laugar.is\\\/?p=5072#article\",\"isPartOf\":{\"@id\":\"https:\\\/\\\/laugar.is\\\/?p=5072\"},\"author\":{\"name\":\"Ritari Framhaldssk\u00f3lans \u00e1 Laugum\",\"@id\":\"https:\\\/\\\/laugar.is\\\/#\\\/schema\\\/person\\\/15a9bc03ef120f11cf86889d5ebdfaf5\"},\"headline\":\"T\u00f3nkv\u00edslin 25.n\u00f3vember 2023\",\"datePublished\":\"2023-11-24T11:05:52+00:00\",\"mainEntityOfPage\":{\"@id\":\"https:\\\/\\\/laugar.is\\\/?p=5072\"},\"wordCount\":158,\"publisher\":{\"@id\":\"https:\\\/\\\/laugar.is\\\/#organization\"},\"image\":{\"@id\":\"https:\\\/\\\/laugar.is\\\/?p=5072#primaryimage\"},\"thumbnailUrl\":\"https:\\\/\\\/laugar.is\\\/wp-content\\\/uploads\\\/2023\\\/11\\\/403719475_859332736197486_4271831672151574666_n.png\",\"articleSection\":[\"Fr\u00e9ttir og tilkynningar\"],\"inLanguage\":\"is\"},{\"@type\":\"WebPage\",\"@id\":\"https:\\\/\\\/laugar.is\\\/?p=5072\",\"url\":\"https:\\\/\\\/laugar.is\\\/?p=5072\",\"name\":\"T\u00f3nkv\u00edslin 25.n\u00f3vember 2023 - FRAMHALDSSK\u00d3LINN \u00c1 LAUGUM\",\"isPartOf\":{\"@id\":\"https:\\\/\\\/laugar.is\\\/#website\"},\"primaryImageOfPage\":{\"@id\":\"https:\\\/\\\/laugar.is\\\/?p=5072#primaryimage\"},\"image\":{\"@id\":\"https:\\\/\\\/laugar.is\\\/?p=5072#primaryimage\"},\"thumbnailUrl\":\"https:\\\/\\\/laugar.is\\\/wp-content\\\/uploads\\\/2023\\\/11\\\/403719475_859332736197486_4271831672151574666_n.png\",\"datePublished\":\"2023-11-24T11:05:52+00:00\",\"breadcrumb\":{\"@id\":\"https:\\\/\\\/laugar.is\\\/?p=5072#breadcrumb\"},\"inLanguage\":\"is\",\"potentialAction\":[{\"@type\":\"ReadAction\",\"target\":[\"https:\\\/\\\/laugar.is\\\/?p=5072\"]}]},{\"@type\":\"ImageObject\",\"inLanguage\":\"is\",\"@id\":\"https:\\\/\\\/laugar.is\\\/?p=5072#primaryimage\",\"url\":\"https:\\\/\\\/laugar.is\\\/wp-content\\\/uploads\\\/2023\\\/11\\\/403719475_859332736197486_4271831672151574666_n.png\",\"contentUrl\":\"https:\\\/\\\/laugar.is\\\/wp-content\\\/uploads\\\/2023\\\/11\\\/403719475_859332736197486_4271831672151574666_n.png\",\"width\":751,\"height\":417},{\"@type\":\"BreadcrumbList\",\"@id\":\"https:\\\/\\\/laugar.is\\\/?p=5072#breadcrumb\",\"itemListElement\":[{\"@type\":\"ListItem\",\"position\":1,\"name\":\"Home\",\"item\":\"https:\\\/\\\/laugar.is\\\/\"},{\"@type\":\"ListItem\",\"position\":2,\"name\":\"T\u00f3nkv\u00edslin 25.n\u00f3vember 2023\"}]},{\"@type\":\"WebSite\",\"@id\":\"https:\\\/\\\/laugar.is\\\/#website\",\"url\":\"https:\\\/\\\/laugar.is\\\/\",\"name\":\"FRAMHALDSSK\u00d3LINN \u00c1 LAUGUM\",\"description\":\"Metna\u00f0ur - Tr\u00famennska  - Tillitssemi - Gla\u00f0lyndi\",\"publisher\":{\"@id\":\"https:\\\/\\\/laugar.is\\\/#organization\"},\"potentialAction\":[{\"@type\":\"SearchAction\",\"target\":{\"@type\":\"EntryPoint\",\"urlTemplate\":\"https:\\\/\\\/laugar.is\\\/?s={search_term_string}\"},\"query-input\":{\"@type\":\"PropertyValueSpecification\",\"valueRequired\":true,\"valueName\":\"search_term_string\"}}],\"inLanguage\":\"is\"},{\"@type\":\"Organization\",\"@id\":\"https:\\\/\\\/laugar.is\\\/#organization\",\"name\":\"Framhaldssk\u00f3linn \u00e1 Laugum\",\"url\":\"https:\\\/\\\/laugar.is\\\/\",\"logo\":{\"@type\":\"ImageObject\",\"inLanguage\":\"is\",\"@id\":\"https:\\\/\\\/laugar.is\\\/#\\\/schema\\\/logo\\\/image\\\/\",\"url\":\"https:\\\/\\\/laugar.is\\\/wp-content\\\/uploads\\\/2017\\\/01\\\/laugar_merki_antexta-kip.jpg\",\"contentUrl\":\"https:\\\/\\\/laugar.is\\\/wp-content\\\/uploads\\\/2017\\\/01\\\/laugar_merki_antexta-kip.jpg\",\"width\":536,\"height\":551,\"caption\":\"Framhaldssk\u00f3linn \u00e1 Laugum\"},\"image\":{\"@id\":\"https:\\\/\\\/laugar.is\\\/#\\\/schema\\\/logo\\\/image\\\/\"},\"sameAs\":[\"https:\\\/\\\/www.facebook.com\\\/laugaskoli\\\/\"]},{\"@type\":\"Person\",\"@id\":\"https:\\\/\\\/laugar.is\\\/#\\\/schema\\\/person\\\/15a9bc03ef120f11cf86889d5ebdfaf5\",\"name\":\"Ritari Framhaldssk\u00f3lans \u00e1 Laugum\",\"url\":\"https:\\\/\\\/laugar.is\\\/?author=6\"}]}<\/script>\n<!-- \/ Yoast SEO plugin. -->","yoast_head_json":{"title":"T\u00f3nkv\u00edslin 25.n\u00f3vember 2023 - FRAMHALDSSK\u00d3LINN \u00c1 LAUGUM","robots":{"index":"index","follow":"follow","max-snippet":"max-snippet:-1","max-image-preview":"max-image-preview:large","max-video-preview":"max-video-preview:-1"},"canonical":"https:\/\/laugar.is\/?p=5072","og_locale":"is_IS","og_type":"article","og_title":"T\u00f3nkv\u00edslin 25.n\u00f3vember 2023 - FRAMHALDSSK\u00d3LINN \u00c1 LAUGUM","og_description":"T\u00f3nkv\u00edslin er \u00e1rleg s\u00f6ngvakeppni sem haldin hefur veri\u00f0 af Nemendaf\u00e9lagi Framhaldssk\u00f3lans \u00e1 Laugum fr\u00e1 \u00e1rinu 2006. Keppninni er skipt upp \u00ed tvo flokka, annars vegar eru \u00fea\u00f0 keppendur fr\u00e1 Framhaldssk\u00f3lanum, og hins vegar keppendur fr\u00e1 grunnsk\u00f3lum n\u00e6sta n\u00e1grennis, allt fr\u00e1 Va\u00f0lahei\u00f0i austur a\u00f0 Vopnafir\u00f0i.&nbsp;D\u00f3mnefnd velur \u00ferj\u00fa bestu atri\u00f0in fr\u00e1 framhaldssk\u00f3lanum og \u00ferj\u00fa bestu atri\u00f0in \u00far h\u00f3pi grunnsk\u00f3lanna. Allt til \u00e1rsins 2016 var T\u00f3nkv\u00edslin forkeppni fyrir S\u00f6ngkeppni framhaldssk\u00f3lanna e\u00f0a \u00fear til ...Lestu \u00e1fram","og_url":"https:\/\/laugar.is\/?p=5072","og_site_name":"FRAMHALDSSK\u00d3LINN \u00c1 LAUGUM","article_publisher":"https:\/\/www.facebook.com\/laugaskoli\/","article_published_time":"2023-11-24T11:05:52+00:00","og_image":[{"width":751,"height":417,"url":"https:\/\/laugar.is\/wp-content\/uploads\/2023\/11\/403719475_859332736197486_4271831672151574666_n.png","type":"image\/png"}],"author":"Ritari Framhaldssk\u00f3lans \u00e1 Laugum","twitter_card":"summary_large_image","twitter_misc":{"Written by":"Ritari Framhaldssk\u00f3lans \u00e1 Laugum","Est. reading time":"1 minute"},"schema":{"@context":"https:\/\/schema.org","@graph":[{"@type":"Article","@id":"https:\/\/laugar.is\/?p=5072#article","isPartOf":{"@id":"https:\/\/laugar.is\/?p=5072"},"author":{"name":"Ritari Framhaldssk\u00f3lans \u00e1 Laugum","@id":"https:\/\/laugar.is\/#\/schema\/person\/15a9bc03ef120f11cf86889d5ebdfaf5"},"headline":"T\u00f3nkv\u00edslin 25.n\u00f3vember 2023","datePublished":"2023-11-24T11:05:52+00:00","mainEntityOfPage":{"@id":"https:\/\/laugar.is\/?p=5072"},"wordCount":158,"publisher":{"@id":"https:\/\/laugar.is\/#organization"},"image":{"@id":"https:\/\/laugar.is\/?p=5072#primaryimage"},"thumbnailUrl":"https:\/\/laugar.is\/wp-content\/uploads\/2023\/11\/403719475_859332736197486_4271831672151574666_n.png","articleSection":["Fr\u00e9ttir og tilkynningar"],"inLanguage":"is"},{"@type":"WebPage","@id":"https:\/\/laugar.is\/?p=5072","url":"https:\/\/laugar.is\/?p=5072","name":"T\u00f3nkv\u00edslin 25.n\u00f3vember 2023 - FRAMHALDSSK\u00d3LINN \u00c1 LAUGUM","isPartOf":{"@id":"https:\/\/laugar.is\/#website"},"primaryImageOfPage":{"@id":"https:\/\/laugar.is\/?p=5072#primaryimage"},"image":{"@id":"https:\/\/laugar.is\/?p=5072#primaryimage"},"thumbnailUrl":"https:\/\/laugar.is\/wp-content\/uploads\/2023\/11\/403719475_859332736197486_4271831672151574666_n.png","datePublished":"2023-11-24T11:05:52+00:00","breadcrumb":{"@id":"https:\/\/laugar.is\/?p=5072#breadcrumb"},"inLanguage":"is","potentialAction":[{"@type":"ReadAction","target":["https:\/\/laugar.is\/?p=5072"]}]},{"@type":"ImageObject","inLanguage":"is","@id":"https:\/\/laugar.is\/?p=5072#primaryimage","url":"https:\/\/laugar.is\/wp-content\/uploads\/2023\/11\/403719475_859332736197486_4271831672151574666_n.png","contentUrl":"https:\/\/laugar.is\/wp-content\/uploads\/2023\/11\/403719475_859332736197486_4271831672151574666_n.png","width":751,"height":417},{"@type":"BreadcrumbList","@id":"https:\/\/laugar.is\/?p=5072#breadcrumb","itemListElement":[{"@type":"ListItem","position":1,"name":"Home","item":"https:\/\/laugar.is\/"},{"@type":"ListItem","position":2,"name":"T\u00f3nkv\u00edslin 25.n\u00f3vember 2023"}]},{"@type":"WebSite","@id":"https:\/\/laugar.is\/#website","url":"https:\/\/laugar.is\/","name":"FRAMHALDSSK\u00d3LINN \u00c1 LAUGUM","description":"Metna\u00f0ur - Tr\u00famennska  - Tillitssemi - Gla\u00f0lyndi","publisher":{"@id":"https:\/\/laugar.is\/#organization"},"potentialAction":[{"@type":"SearchAction","target":{"@type":"EntryPoint","urlTemplate":"https:\/\/laugar.is\/?s={search_term_string}"},"query-input":{"@type":"PropertyValueSpecification","valueRequired":true,"valueName":"search_term_string"}}],"inLanguage":"is"},{"@type":"Organization","@id":"https:\/\/laugar.is\/#organization","name":"Framhaldssk\u00f3linn \u00e1 Laugum","url":"https:\/\/laugar.is\/","logo":{"@type":"ImageObject","inLanguage":"is","@id":"https:\/\/laugar.is\/#\/schema\/logo\/image\/","url":"https:\/\/laugar.is\/wp-content\/uploads\/2017\/01\/laugar_merki_antexta-kip.jpg","contentUrl":"https:\/\/laugar.is\/wp-content\/uploads\/2017\/01\/laugar_merki_antexta-kip.jpg","width":536,"height":551,"caption":"Framhaldssk\u00f3linn \u00e1 Laugum"},"image":{"@id":"https:\/\/laugar.is\/#\/schema\/logo\/image\/"},"sameAs":["https:\/\/www.facebook.com\/laugaskoli\/"]},{"@type":"Person","@id":"https:\/\/laugar.is\/#\/schema\/person\/15a9bc03ef120f11cf86889d5ebdfaf5","name":"Ritari Framhaldssk\u00f3lans \u00e1 Laugum","url":"https:\/\/laugar.is\/?author=6"}]}},"modified_by":"Ritari Framhaldssk\u00f3lans \u00e1 Laugum","_links":{"self":[{"href":"https:\/\/laugar.is\/index.php?rest_route=\/wp\/v2\/posts\/5072","targetHints":{"allow":["GET"]}}],"collection":[{"href":"https:\/\/laugar.is\/index.php?rest_route=\/wp\/v2\/posts"}],"about":[{"href":"https:\/\/laugar.is\/index.php?rest_route=\/wp\/v2\/types\/post"}],"author":[{"embeddable":true,"href":"https:\/\/laugar.is\/index.php?rest_route=\/wp\/v2\/users\/6"}],"replies":[{"embeddable":true,"href":"https:\/\/laugar.is\/index.php?rest_route=%2Fwp%2Fv2%2Fcomments&post=5072"}],"version-history":[{"count":10,"href":"https:\/\/laugar.is\/index.php?rest_route=\/wp\/v2\/posts\/5072\/revisions"}],"predecessor-version":[{"id":5086,"href":"https:\/\/laugar.is\/index.php?rest_route=\/wp\/v2\/posts\/5072\/revisions\/5086"}],"wp:featuredmedia":[{"embeddable":true,"href":"https:\/\/laugar.is\/index.php?rest_route=\/wp\/v2\/media\/5073"}],"wp:attachment":[{"href":"https:\/\/laugar.is\/index.php?rest_route=%2Fwp%2Fv2%2Fmedia&parent=5072"}],"curies":[{"name":"wp","href":"https:\/\/api.w.org\/{rel}","templated":true}]}}