{"id":4983,"date":"2023-11-06T09:40:44","date_gmt":"2023-11-06T09:40:44","guid":{"rendered":"https:\/\/laugar.is\/?p=4983"},"modified":"2023-11-06T10:00:31","modified_gmt":"2023-11-06T10:00:31","slug":"hrekkjavakan-i-framhaldsskolanum-a-laugum","status":"publish","type":"post","link":"https:\/\/laugar.is\/?p=4983","title":{"rendered":"Hrekkjavakan \u00ed Framhaldssk\u00f3lanum \u00e1 Laugum"},"content":{"rendered":"<p><span data-contrast=\"auto\">\u00cd tilefni hrekkjav\u00f6kuvikunnar \u00e1kv\u00e1\u00f0um vi\u00f0 a\u00f0 gera stutta umfj\u00f6llun um hrekkjav\u00f6kuna \u00ed Framhaldssk\u00f3lanum \u00e1 Laugum. Hrekkjavaka er betur \u00feekkt sem hin amer\u00edska Halloween og er haldin v\u00ed\u00f0a um heiminn \u00feann 31. okt\u00f3ber. \u00cdsland hefur lengi veri\u00f0 undir sterkum \u00e1hrifum fr\u00e1 Bandar\u00edkjunum og f\u00e6rist menning fr\u00e1 Bandar\u00edkjunum miki\u00f0 yfir til \u00cdslands. S\u00ed\u00f0astli\u00f0in \u00e1r hafa margir \u00cdslendingar fari\u00f0 a\u00f0 halda upp\u00e1 hrekkjav\u00f6ku og \u00fear \u00e1 me\u00f0al er Laugask\u00f3li.&nbsp;<\/span><span data-ccp-props=\"{&quot;201341983&quot;:0,&quot;335551550&quot;:6,&quot;335551620&quot;:6,&quot;335559739&quot;:160,&quot;335559740&quot;:360}\">&nbsp;<\/span><\/p>\n<p><span data-contrast=\"auto\">Haldi\u00f0 var upp \u00e1 daginn me\u00f0 \u00fev\u00ed a\u00f0 hvetja nemendur til \u00feess a\u00f0 m\u00e6ta \u00ed b\u00faningunum og vegleg ver\u00f0laun voru gefin besta b\u00faningnum. Skreytingarnefnd Laugask\u00f3la skreytti sk\u00f3lann kv\u00f6ldi\u00f0 \u00e1\u00f0ur og blasti \u00e1 m\u00f3ti nemendum allskonar hryllilegar skreytingar \u00feegar \u00feeir m\u00e6ttu \u00ed sk\u00f3lann \u00feann 31.okt\u00f3ber sl. Stj\u00f3rn nemendaf\u00e9lagsins t\u00f3k \u00e1 m\u00f3ti nemendum \u00ed hryllilegum b\u00faningum og bau\u00f0 upp \u00e1 nammi og t\u00f3nlist og g\u00edru\u00f0u nemendur upp \u00ed daginn. Tilkynnt var sigurvegara b\u00faningakeppninnar \u00ed kaffit\u00edma eftir a\u00f0 sk\u00f3la lauk og s\u00e1tu nokkrir kennarar sk\u00f3lans \u00ed d\u00f3mnefnd. Sigurvegarar keppninnar voru J\u00f3na Stefan\u00eda Gu\u00f0laugsd\u00f3ttir og Karin Niznianska en \u00fe\u00e6r kl\u00e6ddu \u00fe\u00e6r sig sem gl\u00e6sileg v\u00ednber. H\u00e9r eru nokkrar myndir fr\u00e1 \u00feessum skemmtilega degi.<\/span><span data-ccp-props=\"{&quot;201341983&quot;:0,&quot;335551550&quot;:6,&quot;335551620&quot;:6,&quot;335559739&quot;:160,&quot;335559740&quot;:360}\">&nbsp;<\/span><\/p>\nngg_shortcode_0_placeholderNemendur<strong> : Arnd\u00eds Inga \u00c1rnad\u00f3ttir og Christine Lea Fregiste.<\/strong><\/p>\n<p>&nbsp;<\/p>\n","protected":false},"excerpt":{"rendered":"<p>\u00cd tilefni hrekkjav\u00f6kuvikunnar \u00e1kv\u00e1\u00f0um vi\u00f0 a\u00f0 gera stutta umfj\u00f6llun um hrekkjav\u00f6kuna \u00ed Framhaldssk\u00f3lanum \u00e1 Laugum. Hrekkjavaka er betur \u00feekkt sem hin amer\u00edska Halloween og er haldin v\u00ed\u00f0a um heiminn \u00feann 31. okt\u00f3ber. \u00cdsland hefur lengi veri\u00f0 undir sterkum \u00e1hrifum fr\u00e1 Bandar\u00edkjunum og f\u00e6rist menning fr\u00e1 Bandar\u00edkjunum miki\u00f0 yfir til \u00cdslands. S\u00ed\u00f0astli\u00f0in \u00e1r hafa margir \u00cdslendingar fari\u00f0 a\u00f0 halda upp\u00e1 hrekkjav\u00f6ku og \u00fear \u00e1 me\u00f0al er Laugask\u00f3li.&nbsp;&nbsp; Haldi\u00f0 var upp \u00e1 <a class=\"more-link\" href=\"https:\/\/laugar.is\/?p=4983\">&#8230;Lestu \u00e1fram<\/a><\/p>\n","protected":false},"author":6,"featured_media":5004,"comment_status":"closed","ping_status":"closed","sticky":false,"template":"","format":"standard","meta":{"_acf_changed":false,"_lmt_disableupdate":"","_lmt_disable":"","ngg_post_thumbnail":0,"footnotes":""},"class_list":["post-4983","post","type-post","status-publish","format-standard","has-post-thumbnail","hentry"],"acf":[],"yoast_head":"<!-- This site is optimized with the Yoast SEO plugin v27.5 - https:\/\/yoast.com\/product\/yoast-seo-wordpress\/ -->\n<title>Hrekkjavakan \u00ed Framhaldssk\u00f3lanum \u00e1 Laugum - FRAMHALDSSK\u00d3LINN \u00c1 LAUGUM<\/title>\n<meta name=\"robots\" content=\"index, follow, max-snippet:-1, max-image-preview:large, max-video-preview:-1\" \/>\n<link rel=\"canonical\" href=\"https:\/\/laugar.is\/?p=4983\" \/>\n<meta property=\"og:locale\" content=\"is_IS\" \/>\n<meta property=\"og:type\" content=\"article\" \/>\n<meta property=\"og:title\" content=\"Hrekkjavakan \u00ed Framhaldssk\u00f3lanum \u00e1 Laugum - FRAMHALDSSK\u00d3LINN \u00c1 LAUGUM\" \/>\n<meta property=\"og:description\" content=\"\u00cd tilefni hrekkjav\u00f6kuvikunnar \u00e1kv\u00e1\u00f0um vi\u00f0 a\u00f0 gera stutta umfj\u00f6llun um hrekkjav\u00f6kuna \u00ed Framhaldssk\u00f3lanum \u00e1 Laugum. Hrekkjavaka er betur \u00feekkt sem hin amer\u00edska Halloween og er haldin v\u00ed\u00f0a um heiminn \u00feann 31. okt\u00f3ber. \u00cdsland hefur lengi veri\u00f0 undir sterkum \u00e1hrifum fr\u00e1 Bandar\u00edkjunum og f\u00e6rist menning fr\u00e1 Bandar\u00edkjunum miki\u00f0 yfir til \u00cdslands. S\u00ed\u00f0astli\u00f0in \u00e1r hafa margir \u00cdslendingar fari\u00f0 a\u00f0 halda upp\u00e1 hrekkjav\u00f6ku og \u00fear \u00e1 me\u00f0al er Laugask\u00f3li.&nbsp;&nbsp; Haldi\u00f0 var upp \u00e1 ...Lestu \u00e1fram\" \/>\n<meta property=\"og:url\" content=\"https:\/\/laugar.is\/?p=4983\" \/>\n<meta property=\"og:site_name\" content=\"FRAMHALDSSK\u00d3LINN \u00c1 LAUGUM\" \/>\n<meta property=\"article:publisher\" content=\"https:\/\/www.facebook.com\/laugaskoli\/\" \/>\n<meta property=\"article:published_time\" content=\"2023-11-06T09:40:44+00:00\" \/>\n<meta property=\"article:modified_time\" content=\"2023-11-06T10:00:31+00:00\" \/>\n<meta property=\"og:image\" content=\"https:\/\/laugar.is\/wp-content\/uploads\/2023\/11\/g.jpg\" \/>\n\t<meta property=\"og:image:width\" content=\"2389\" \/>\n\t<meta property=\"og:image:height\" content=\"1102\" \/>\n\t<meta property=\"og:image:type\" content=\"image\/jpeg\" \/>\n<meta name=\"author\" content=\"Ritari Framhaldssk\u00f3lans \u00e1 Laugum\" \/>\n<meta name=\"twitter:card\" content=\"summary_large_image\" \/>\n<meta name=\"twitter:label1\" content=\"Written by\" \/>\n\t<meta name=\"twitter:data1\" content=\"Ritari Framhaldssk\u00f3lans \u00e1 Laugum\" \/>\n\t<meta name=\"twitter:label2\" content=\"Est. reading time\" \/>\n\t<meta name=\"twitter:data2\" content=\"2 minutes\" \/>\n<script type=\"application\/ld+json\" class=\"yoast-schema-graph\">{\"@context\":\"https:\\\/\\\/schema.org\",\"@graph\":[{\"@type\":\"Article\",\"@id\":\"https:\\\/\\\/laugar.is\\\/?p=4983#article\",\"isPartOf\":{\"@id\":\"https:\\\/\\\/laugar.is\\\/?p=4983\"},\"author\":{\"name\":\"Ritari Framhaldssk\u00f3lans \u00e1 Laugum\",\"@id\":\"https:\\\/\\\/laugar.is\\\/#\\\/schema\\\/person\\\/15a9bc03ef120f11cf86889d5ebdfaf5\"},\"headline\":\"Hrekkjavakan \u00ed Framhaldssk\u00f3lanum \u00e1 Laugum\",\"datePublished\":\"2023-11-06T09:40:44+00:00\",\"dateModified\":\"2023-11-06T10:00:31+00:00\",\"mainEntityOfPage\":{\"@id\":\"https:\\\/\\\/laugar.is\\\/?p=4983\"},\"wordCount\":251,\"publisher\":{\"@id\":\"https:\\\/\\\/laugar.is\\\/#organization\"},\"image\":{\"@id\":\"https:\\\/\\\/laugar.is\\\/?p=4983#primaryimage\"},\"thumbnailUrl\":\"https:\\\/\\\/laugar.is\\\/wp-content\\\/uploads\\\/2023\\\/11\\\/g.jpg\",\"articleSection\":[\"Fr\u00e9ttir og tilkynningar\"],\"inLanguage\":\"is\"},{\"@type\":\"WebPage\",\"@id\":\"https:\\\/\\\/laugar.is\\\/?p=4983\",\"url\":\"https:\\\/\\\/laugar.is\\\/?p=4983\",\"name\":\"Hrekkjavakan \u00ed Framhaldssk\u00f3lanum \u00e1 Laugum - FRAMHALDSSK\u00d3LINN \u00c1 LAUGUM\",\"isPartOf\":{\"@id\":\"https:\\\/\\\/laugar.is\\\/#website\"},\"primaryImageOfPage\":{\"@id\":\"https:\\\/\\\/laugar.is\\\/?p=4983#primaryimage\"},\"image\":{\"@id\":\"https:\\\/\\\/laugar.is\\\/?p=4983#primaryimage\"},\"thumbnailUrl\":\"https:\\\/\\\/laugar.is\\\/wp-content\\\/uploads\\\/2023\\\/11\\\/g.jpg\",\"datePublished\":\"2023-11-06T09:40:44+00:00\",\"dateModified\":\"2023-11-06T10:00:31+00:00\",\"breadcrumb\":{\"@id\":\"https:\\\/\\\/laugar.is\\\/?p=4983#breadcrumb\"},\"inLanguage\":\"is\",\"potentialAction\":[{\"@type\":\"ReadAction\",\"target\":[\"https:\\\/\\\/laugar.is\\\/?p=4983\"]}]},{\"@type\":\"ImageObject\",\"inLanguage\":\"is\",\"@id\":\"https:\\\/\\\/laugar.is\\\/?p=4983#primaryimage\",\"url\":\"https:\\\/\\\/laugar.is\\\/wp-content\\\/uploads\\\/2023\\\/11\\\/g.jpg\",\"contentUrl\":\"https:\\\/\\\/laugar.is\\\/wp-content\\\/uploads\\\/2023\\\/11\\\/g.jpg\",\"width\":2389,\"height\":1102},{\"@type\":\"BreadcrumbList\",\"@id\":\"https:\\\/\\\/laugar.is\\\/?p=4983#breadcrumb\",\"itemListElement\":[{\"@type\":\"ListItem\",\"position\":1,\"name\":\"Home\",\"item\":\"https:\\\/\\\/laugar.is\\\/\"},{\"@type\":\"ListItem\",\"position\":2,\"name\":\"Hrekkjavakan \u00ed Framhaldssk\u00f3lanum \u00e1 Laugum\"}]},{\"@type\":\"WebSite\",\"@id\":\"https:\\\/\\\/laugar.is\\\/#website\",\"url\":\"https:\\\/\\\/laugar.is\\\/\",\"name\":\"FRAMHALDSSK\u00d3LINN \u00c1 LAUGUM\",\"description\":\"Metna\u00f0ur - Tr\u00famennska  - Tillitssemi - Gla\u00f0lyndi\",\"publisher\":{\"@id\":\"https:\\\/\\\/laugar.is\\\/#organization\"},\"potentialAction\":[{\"@type\":\"SearchAction\",\"target\":{\"@type\":\"EntryPoint\",\"urlTemplate\":\"https:\\\/\\\/laugar.is\\\/?s={search_term_string}\"},\"query-input\":{\"@type\":\"PropertyValueSpecification\",\"valueRequired\":true,\"valueName\":\"search_term_string\"}}],\"inLanguage\":\"is\"},{\"@type\":\"Organization\",\"@id\":\"https:\\\/\\\/laugar.is\\\/#organization\",\"name\":\"Framhaldssk\u00f3linn \u00e1 Laugum\",\"url\":\"https:\\\/\\\/laugar.is\\\/\",\"logo\":{\"@type\":\"ImageObject\",\"inLanguage\":\"is\",\"@id\":\"https:\\\/\\\/laugar.is\\\/#\\\/schema\\\/logo\\\/image\\\/\",\"url\":\"https:\\\/\\\/laugar.is\\\/wp-content\\\/uploads\\\/2017\\\/01\\\/laugar_merki_antexta-kip.jpg\",\"contentUrl\":\"https:\\\/\\\/laugar.is\\\/wp-content\\\/uploads\\\/2017\\\/01\\\/laugar_merki_antexta-kip.jpg\",\"width\":536,\"height\":551,\"caption\":\"Framhaldssk\u00f3linn \u00e1 Laugum\"},\"image\":{\"@id\":\"https:\\\/\\\/laugar.is\\\/#\\\/schema\\\/logo\\\/image\\\/\"},\"sameAs\":[\"https:\\\/\\\/www.facebook.com\\\/laugaskoli\\\/\"]},{\"@type\":\"Person\",\"@id\":\"https:\\\/\\\/laugar.is\\\/#\\\/schema\\\/person\\\/15a9bc03ef120f11cf86889d5ebdfaf5\",\"name\":\"Ritari Framhaldssk\u00f3lans \u00e1 Laugum\",\"url\":\"https:\\\/\\\/laugar.is\\\/?author=6\"}]}<\/script>\n<!-- \/ Yoast SEO plugin. -->","yoast_head_json":{"title":"Hrekkjavakan \u00ed Framhaldssk\u00f3lanum \u00e1 Laugum - FRAMHALDSSK\u00d3LINN \u00c1 LAUGUM","robots":{"index":"index","follow":"follow","max-snippet":"max-snippet:-1","max-image-preview":"max-image-preview:large","max-video-preview":"max-video-preview:-1"},"canonical":"https:\/\/laugar.is\/?p=4983","og_locale":"is_IS","og_type":"article","og_title":"Hrekkjavakan \u00ed Framhaldssk\u00f3lanum \u00e1 Laugum - FRAMHALDSSK\u00d3LINN \u00c1 LAUGUM","og_description":"\u00cd tilefni hrekkjav\u00f6kuvikunnar \u00e1kv\u00e1\u00f0um vi\u00f0 a\u00f0 gera stutta umfj\u00f6llun um hrekkjav\u00f6kuna \u00ed Framhaldssk\u00f3lanum \u00e1 Laugum. Hrekkjavaka er betur \u00feekkt sem hin amer\u00edska Halloween og er haldin v\u00ed\u00f0a um heiminn \u00feann 31. okt\u00f3ber. \u00cdsland hefur lengi veri\u00f0 undir sterkum \u00e1hrifum fr\u00e1 Bandar\u00edkjunum og f\u00e6rist menning fr\u00e1 Bandar\u00edkjunum miki\u00f0 yfir til \u00cdslands. S\u00ed\u00f0astli\u00f0in \u00e1r hafa margir \u00cdslendingar fari\u00f0 a\u00f0 halda upp\u00e1 hrekkjav\u00f6ku og \u00fear \u00e1 me\u00f0al er Laugask\u00f3li.&nbsp;&nbsp; Haldi\u00f0 var upp \u00e1 ...Lestu \u00e1fram","og_url":"https:\/\/laugar.is\/?p=4983","og_site_name":"FRAMHALDSSK\u00d3LINN \u00c1 LAUGUM","article_publisher":"https:\/\/www.facebook.com\/laugaskoli\/","article_published_time":"2023-11-06T09:40:44+00:00","article_modified_time":"2023-11-06T10:00:31+00:00","og_image":[{"width":2389,"height":1102,"url":"https:\/\/laugar.is\/wp-content\/uploads\/2023\/11\/g.jpg","type":"image\/jpeg"}],"author":"Ritari Framhaldssk\u00f3lans \u00e1 Laugum","twitter_card":"summary_large_image","twitter_misc":{"Written by":"Ritari Framhaldssk\u00f3lans \u00e1 Laugum","Est. reading time":"2 minutes"},"schema":{"@context":"https:\/\/schema.org","@graph":[{"@type":"Article","@id":"https:\/\/laugar.is\/?p=4983#article","isPartOf":{"@id":"https:\/\/laugar.is\/?p=4983"},"author":{"name":"Ritari Framhaldssk\u00f3lans \u00e1 Laugum","@id":"https:\/\/laugar.is\/#\/schema\/person\/15a9bc03ef120f11cf86889d5ebdfaf5"},"headline":"Hrekkjavakan \u00ed Framhaldssk\u00f3lanum \u00e1 Laugum","datePublished":"2023-11-06T09:40:44+00:00","dateModified":"2023-11-06T10:00:31+00:00","mainEntityOfPage":{"@id":"https:\/\/laugar.is\/?p=4983"},"wordCount":251,"publisher":{"@id":"https:\/\/laugar.is\/#organization"},"image":{"@id":"https:\/\/laugar.is\/?p=4983#primaryimage"},"thumbnailUrl":"https:\/\/laugar.is\/wp-content\/uploads\/2023\/11\/g.jpg","articleSection":["Fr\u00e9ttir og tilkynningar"],"inLanguage":"is"},{"@type":"WebPage","@id":"https:\/\/laugar.is\/?p=4983","url":"https:\/\/laugar.is\/?p=4983","name":"Hrekkjavakan \u00ed Framhaldssk\u00f3lanum \u00e1 Laugum - FRAMHALDSSK\u00d3LINN \u00c1 LAUGUM","isPartOf":{"@id":"https:\/\/laugar.is\/#website"},"primaryImageOfPage":{"@id":"https:\/\/laugar.is\/?p=4983#primaryimage"},"image":{"@id":"https:\/\/laugar.is\/?p=4983#primaryimage"},"thumbnailUrl":"https:\/\/laugar.is\/wp-content\/uploads\/2023\/11\/g.jpg","datePublished":"2023-11-06T09:40:44+00:00","dateModified":"2023-11-06T10:00:31+00:00","breadcrumb":{"@id":"https:\/\/laugar.is\/?p=4983#breadcrumb"},"inLanguage":"is","potentialAction":[{"@type":"ReadAction","target":["https:\/\/laugar.is\/?p=4983"]}]},{"@type":"ImageObject","inLanguage":"is","@id":"https:\/\/laugar.is\/?p=4983#primaryimage","url":"https:\/\/laugar.is\/wp-content\/uploads\/2023\/11\/g.jpg","contentUrl":"https:\/\/laugar.is\/wp-content\/uploads\/2023\/11\/g.jpg","width":2389,"height":1102},{"@type":"BreadcrumbList","@id":"https:\/\/laugar.is\/?p=4983#breadcrumb","itemListElement":[{"@type":"ListItem","position":1,"name":"Home","item":"https:\/\/laugar.is\/"},{"@type":"ListItem","position":2,"name":"Hrekkjavakan \u00ed Framhaldssk\u00f3lanum \u00e1 Laugum"}]},{"@type":"WebSite","@id":"https:\/\/laugar.is\/#website","url":"https:\/\/laugar.is\/","name":"FRAMHALDSSK\u00d3LINN \u00c1 LAUGUM","description":"Metna\u00f0ur - Tr\u00famennska  - Tillitssemi - Gla\u00f0lyndi","publisher":{"@id":"https:\/\/laugar.is\/#organization"},"potentialAction":[{"@type":"SearchAction","target":{"@type":"EntryPoint","urlTemplate":"https:\/\/laugar.is\/?s={search_term_string}"},"query-input":{"@type":"PropertyValueSpecification","valueRequired":true,"valueName":"search_term_string"}}],"inLanguage":"is"},{"@type":"Organization","@id":"https:\/\/laugar.is\/#organization","name":"Framhaldssk\u00f3linn \u00e1 Laugum","url":"https:\/\/laugar.is\/","logo":{"@type":"ImageObject","inLanguage":"is","@id":"https:\/\/laugar.is\/#\/schema\/logo\/image\/","url":"https:\/\/laugar.is\/wp-content\/uploads\/2017\/01\/laugar_merki_antexta-kip.jpg","contentUrl":"https:\/\/laugar.is\/wp-content\/uploads\/2017\/01\/laugar_merki_antexta-kip.jpg","width":536,"height":551,"caption":"Framhaldssk\u00f3linn \u00e1 Laugum"},"image":{"@id":"https:\/\/laugar.is\/#\/schema\/logo\/image\/"},"sameAs":["https:\/\/www.facebook.com\/laugaskoli\/"]},{"@type":"Person","@id":"https:\/\/laugar.is\/#\/schema\/person\/15a9bc03ef120f11cf86889d5ebdfaf5","name":"Ritari Framhaldssk\u00f3lans \u00e1 Laugum","url":"https:\/\/laugar.is\/?author=6"}]}},"modified_by":"Ritari Framhaldssk\u00f3lans \u00e1 Laugum","_links":{"self":[{"href":"https:\/\/laugar.is\/index.php?rest_route=\/wp\/v2\/posts\/4983","targetHints":{"allow":["GET"]}}],"collection":[{"href":"https:\/\/laugar.is\/index.php?rest_route=\/wp\/v2\/posts"}],"about":[{"href":"https:\/\/laugar.is\/index.php?rest_route=\/wp\/v2\/types\/post"}],"author":[{"embeddable":true,"href":"https:\/\/laugar.is\/index.php?rest_route=\/wp\/v2\/users\/6"}],"replies":[{"embeddable":true,"href":"https:\/\/laugar.is\/index.php?rest_route=%2Fwp%2Fv2%2Fcomments&post=4983"}],"version-history":[{"count":10,"href":"https:\/\/laugar.is\/index.php?rest_route=\/wp\/v2\/posts\/4983\/revisions"}],"predecessor-version":[{"id":5005,"href":"https:\/\/laugar.is\/index.php?rest_route=\/wp\/v2\/posts\/4983\/revisions\/5005"}],"wp:featuredmedia":[{"embeddable":true,"href":"https:\/\/laugar.is\/index.php?rest_route=\/wp\/v2\/media\/5004"}],"wp:attachment":[{"href":"https:\/\/laugar.is\/index.php?rest_route=%2Fwp%2Fv2%2Fmedia&parent=4983"}],"curies":[{"name":"wp","href":"https:\/\/api.w.org\/{rel}","templated":true}]}}