{"id":3332,"date":"2021-11-18T09:18:40","date_gmt":"2021-11-18T09:18:40","guid":{"rendered":"https:\/\/laugar.is\/?p=3332"},"modified":"2021-11-18T09:18:40","modified_gmt":"2021-11-18T09:18:40","slug":"nyr-afangi-i-islensku-slaer-i-gegn","status":"publish","type":"post","link":"https:\/\/laugar.is\/?p=3332","title":{"rendered":"N\u00fdr \u00e1fangi \u00ed \u00edslensku sl\u00e6r \u00ed gegn"},"content":{"rendered":"<div dir=\"auto\">&nbsp;<\/div>\n<div dir=\"auto\">&nbsp;<\/div>\n<div dir=\"auto\">\u00c1 degi \u00edslenskrar tungu st\u00f3\u00f0u nemendur fyrir fr\u00e1b\u00e6rri s\u00fdningu um Vesturfer\u00f0ir \u00cdslendinga og vestur\u00edslensku.\u00deetta er \u00ed anna\u00f0 sinn sem \u00feessi \u00edslensku\u00e1fangi er kenndur vi\u00f0 Framhaldssk\u00f3lann \u00e1 Laugum.N\u00e1mi\u00f0 byggir \u00e1 miklum lestri um Vesturfer\u00f0irnar \u00e1 19.\u00f6ld, vestur\u00edslensku, menningu og hef\u00f0um, tv\u00edtyngisstefnu, erf\u00f0am\u00e1lum \u00e1samt m\u00f6rgu \u00f6\u00f0ru, \u00fev\u00ed af n\u00f3gu er a\u00f0 taka.\u00dej\u00f3\u00f0r\u00e6knisf\u00e9lag \u00cdslendinga veitti \u00feessum \u00e1fanga styrk, vi\u00f0 fengum b\u00f3kagjafir fr\u00e1 nokkrum a\u00f0ilum og \u00dalfar Bragason kom og h\u00e9lt fyrirlestur um vestur\u00edslensku.<\/div>\n<div dir=\"auto\">&nbsp;<\/div>\n<div dir=\"auto\">\u00cd \u00e1fanganum eru 28 nemendur og hafa verkefnin veri\u00f0 sni\u00f0in a\u00f0 \u00fe\u00f6rfum og \u00e1huga hvers og eins.\u00dear m\u00e1 helst nefna v\u00ednartertubakstur, \u00fatg\u00e1fu Vesturbla\u00f0sins, b\u00f3k um reynsluheim kvenna, \u201eSvo f\u00f3ru \u00fe\u00e6r vestur \u2013 Saga kvenna til Vesturheims\u201c sem byggir m.a. \u00e1 uppl\u00fdsingum fr\u00e1 Vesturfarasetrinu \u00e1 Hofs\u00f3si, barnab\u00f3k, t\u00edma\u00e1s, vestur\u00edslensku og erf\u00f0am\u00e1l, yfirlit um f\u00f3lksflutninga fr\u00e1 \u00fdmsum sv\u00e6\u00f0um og svo m\u00e6tti lengja telja.<\/div>\n<div dir=\"auto\">Myndirnar tala s\u00ednu m\u00e1li, eint\u00f3m gle\u00f0i og sk\u00f6pun<\/div>\n<p>&nbsp;<\/p>\nngg_shortcode_0_placeholder\n<p>Ragna \u00edslenskukennari f\u00e9kk bl\u00f3m a\u00f0 gj\u00f6f fr\u00e1 nemendum fyrir fr\u00e1b\u00e6ran \u00e1fanga og skemmtilega kennslu sem allir voru yfir sig \u00e1n\u00e6g\u00f0ir me\u00f0.&nbsp;<\/p>\n<p><strong>Smelltu \u00e1 myndina til \u00feess a\u00f0 sj\u00e1 hana st\u00e6rri<\/strong><\/p>\nngg_shortcode_1_placeholder\n","protected":false},"excerpt":{"rendered":"<p>&nbsp; &nbsp; \u00c1 degi \u00edslenskrar tungu st\u00f3\u00f0u nemendur fyrir fr\u00e1b\u00e6rri s\u00fdningu um Vesturfer\u00f0ir \u00cdslendinga og vestur\u00edslensku.\u00deetta er \u00ed anna\u00f0 sinn sem \u00feessi \u00edslensku\u00e1fangi er kenndur vi\u00f0 Framhaldssk\u00f3lann \u00e1 Laugum.N\u00e1mi\u00f0 byggir \u00e1 miklum lestri um Vesturfer\u00f0irnar \u00e1 19.\u00f6ld, vestur\u00edslensku, menningu og hef\u00f0um, tv\u00edtyngisstefnu, erf\u00f0am\u00e1lum \u00e1samt m\u00f6rgu \u00f6\u00f0ru, \u00fev\u00ed af n\u00f3gu er a\u00f0 taka.\u00dej\u00f3\u00f0r\u00e6knisf\u00e9lag \u00cdslendinga veitti \u00feessum \u00e1fanga styrk, vi\u00f0 fengum b\u00f3kagjafir fr\u00e1 nokkrum a\u00f0ilum og \u00dalfar Bragason kom og h\u00e9lt fyrirlestur <a class=\"more-link\" href=\"https:\/\/laugar.is\/?p=3332\">&#8230;Lestu \u00e1fram<\/a><\/p>\n","protected":false},"author":11,"featured_media":3375,"comment_status":"closed","ping_status":"closed","sticky":false,"template":"","format":"image","meta":{"_acf_changed":false,"_lmt_disableupdate":"","_lmt_disable":"","ngg_post_thumbnail":0,"footnotes":""},"class_list":["post-3332","post","type-post","status-publish","format-image","has-post-thumbnail","hentry","post_format-post-format-image"],"acf":[],"yoast_head":"<!-- This site is optimized with the Yoast SEO plugin v27.5 - https:\/\/yoast.com\/product\/yoast-seo-wordpress\/ -->\n<title>N\u00fdr \u00e1fangi \u00ed \u00edslensku sl\u00e6r \u00ed gegn - FRAMHALDSSK\u00d3LINN \u00c1 LAUGUM<\/title>\n<meta name=\"robots\" content=\"index, follow, max-snippet:-1, max-image-preview:large, max-video-preview:-1\" \/>\n<link rel=\"canonical\" href=\"https:\/\/laugar.is\/?p=3332\" \/>\n<meta property=\"og:locale\" content=\"is_IS\" \/>\n<meta property=\"og:type\" content=\"article\" \/>\n<meta property=\"og:title\" content=\"N\u00fdr \u00e1fangi \u00ed \u00edslensku sl\u00e6r \u00ed gegn - FRAMHALDSSK\u00d3LINN \u00c1 LAUGUM\" \/>\n<meta property=\"og:description\" content=\"&nbsp; &nbsp; \u00c1 degi \u00edslenskrar tungu st\u00f3\u00f0u nemendur fyrir fr\u00e1b\u00e6rri s\u00fdningu um Vesturfer\u00f0ir \u00cdslendinga og vestur\u00edslensku.\u00deetta er \u00ed anna\u00f0 sinn sem \u00feessi \u00edslensku\u00e1fangi er kenndur vi\u00f0 Framhaldssk\u00f3lann \u00e1 Laugum.N\u00e1mi\u00f0 byggir \u00e1 miklum lestri um Vesturfer\u00f0irnar \u00e1 19.\u00f6ld, vestur\u00edslensku, menningu og hef\u00f0um, tv\u00edtyngisstefnu, erf\u00f0am\u00e1lum \u00e1samt m\u00f6rgu \u00f6\u00f0ru, \u00fev\u00ed af n\u00f3gu er a\u00f0 taka.\u00dej\u00f3\u00f0r\u00e6knisf\u00e9lag \u00cdslendinga veitti \u00feessum \u00e1fanga styrk, vi\u00f0 fengum b\u00f3kagjafir fr\u00e1 nokkrum a\u00f0ilum og \u00dalfar Bragason kom og h\u00e9lt fyrirlestur ...Lestu \u00e1fram\" \/>\n<meta property=\"og:url\" content=\"https:\/\/laugar.is\/?p=3332\" \/>\n<meta property=\"og:site_name\" content=\"FRAMHALDSSK\u00d3LINN \u00c1 LAUGUM\" \/>\n<meta property=\"article:publisher\" content=\"https:\/\/www.facebook.com\/laugaskoli\/\" \/>\n<meta property=\"article:published_time\" content=\"2021-11-18T09:18:40+00:00\" \/>\n<meta property=\"og:image\" content=\"https:\/\/laugar.is\/wp-content\/uploads\/2021\/11\/257657931_10159032430128952_5176341829096003631_n.jpg\" \/>\n\t<meta property=\"og:image:width\" content=\"2048\" \/>\n\t<meta property=\"og:image:height\" content=\"1365\" \/>\n\t<meta property=\"og:image:type\" content=\"image\/jpeg\" \/>\n<meta name=\"author\" content=\"S\u00f3lborg Matth\u00edasd\u00f3ttir\" \/>\n<meta name=\"twitter:card\" content=\"summary_large_image\" \/>\n<meta name=\"twitter:label1\" content=\"Written by\" \/>\n\t<meta name=\"twitter:data1\" content=\"S\u00f3lborg Matth\u00edasd\u00f3ttir\" \/>\n\t<meta name=\"twitter:label2\" content=\"Est. reading time\" \/>\n\t<meta name=\"twitter:data2\" content=\"1 minute\" \/>\n<script type=\"application\/ld+json\" class=\"yoast-schema-graph\">{\"@context\":\"https:\\\/\\\/schema.org\",\"@graph\":[{\"@type\":\"Article\",\"@id\":\"https:\\\/\\\/laugar.is\\\/?p=3332#article\",\"isPartOf\":{\"@id\":\"https:\\\/\\\/laugar.is\\\/?p=3332\"},\"author\":{\"name\":\"S\u00f3lborg Matth\u00edasd\u00f3ttir\",\"@id\":\"https:\\\/\\\/laugar.is\\\/#\\\/schema\\\/person\\\/c5635866493bb7316f48e406d8792a55\"},\"headline\":\"N\u00fdr \u00e1fangi \u00ed \u00edslensku sl\u00e6r \u00ed gegn\",\"datePublished\":\"2021-11-18T09:18:40+00:00\",\"mainEntityOfPage\":{\"@id\":\"https:\\\/\\\/laugar.is\\\/?p=3332\"},\"wordCount\":251,\"publisher\":{\"@id\":\"https:\\\/\\\/laugar.is\\\/#organization\"},\"image\":{\"@id\":\"https:\\\/\\\/laugar.is\\\/?p=3332#primaryimage\"},\"thumbnailUrl\":\"https:\\\/\\\/laugar.is\\\/wp-content\\\/uploads\\\/2021\\\/11\\\/257657931_10159032430128952_5176341829096003631_n.jpg\",\"articleSection\":[\"Fr\u00e9ttir og tilkynningar\"],\"inLanguage\":\"is\"},{\"@type\":\"WebPage\",\"@id\":\"https:\\\/\\\/laugar.is\\\/?p=3332\",\"url\":\"https:\\\/\\\/laugar.is\\\/?p=3332\",\"name\":\"N\u00fdr \u00e1fangi \u00ed \u00edslensku sl\u00e6r \u00ed gegn - FRAMHALDSSK\u00d3LINN \u00c1 LAUGUM\",\"isPartOf\":{\"@id\":\"https:\\\/\\\/laugar.is\\\/#website\"},\"primaryImageOfPage\":{\"@id\":\"https:\\\/\\\/laugar.is\\\/?p=3332#primaryimage\"},\"image\":{\"@id\":\"https:\\\/\\\/laugar.is\\\/?p=3332#primaryimage\"},\"thumbnailUrl\":\"https:\\\/\\\/laugar.is\\\/wp-content\\\/uploads\\\/2021\\\/11\\\/257657931_10159032430128952_5176341829096003631_n.jpg\",\"datePublished\":\"2021-11-18T09:18:40+00:00\",\"breadcrumb\":{\"@id\":\"https:\\\/\\\/laugar.is\\\/?p=3332#breadcrumb\"},\"inLanguage\":\"is\",\"potentialAction\":[{\"@type\":\"ReadAction\",\"target\":[\"https:\\\/\\\/laugar.is\\\/?p=3332\"]}]},{\"@type\":\"ImageObject\",\"inLanguage\":\"is\",\"@id\":\"https:\\\/\\\/laugar.is\\\/?p=3332#primaryimage\",\"url\":\"https:\\\/\\\/laugar.is\\\/wp-content\\\/uploads\\\/2021\\\/11\\\/257657931_10159032430128952_5176341829096003631_n.jpg\",\"contentUrl\":\"https:\\\/\\\/laugar.is\\\/wp-content\\\/uploads\\\/2021\\\/11\\\/257657931_10159032430128952_5176341829096003631_n.jpg\",\"width\":2048,\"height\":1365},{\"@type\":\"BreadcrumbList\",\"@id\":\"https:\\\/\\\/laugar.is\\\/?p=3332#breadcrumb\",\"itemListElement\":[{\"@type\":\"ListItem\",\"position\":1,\"name\":\"Home\",\"item\":\"https:\\\/\\\/laugar.is\\\/\"},{\"@type\":\"ListItem\",\"position\":2,\"name\":\"N\u00fdr \u00e1fangi \u00ed \u00edslensku sl\u00e6r \u00ed gegn\"}]},{\"@type\":\"WebSite\",\"@id\":\"https:\\\/\\\/laugar.is\\\/#website\",\"url\":\"https:\\\/\\\/laugar.is\\\/\",\"name\":\"FRAMHALDSSK\u00d3LINN \u00c1 LAUGUM\",\"description\":\"Metna\u00f0ur - Tr\u00famennska  - Tillitssemi - Gla\u00f0lyndi\",\"publisher\":{\"@id\":\"https:\\\/\\\/laugar.is\\\/#organization\"},\"potentialAction\":[{\"@type\":\"SearchAction\",\"target\":{\"@type\":\"EntryPoint\",\"urlTemplate\":\"https:\\\/\\\/laugar.is\\\/?s={search_term_string}\"},\"query-input\":{\"@type\":\"PropertyValueSpecification\",\"valueRequired\":true,\"valueName\":\"search_term_string\"}}],\"inLanguage\":\"is\"},{\"@type\":\"Organization\",\"@id\":\"https:\\\/\\\/laugar.is\\\/#organization\",\"name\":\"Framhaldssk\u00f3linn \u00e1 Laugum\",\"url\":\"https:\\\/\\\/laugar.is\\\/\",\"logo\":{\"@type\":\"ImageObject\",\"inLanguage\":\"is\",\"@id\":\"https:\\\/\\\/laugar.is\\\/#\\\/schema\\\/logo\\\/image\\\/\",\"url\":\"https:\\\/\\\/laugar.is\\\/wp-content\\\/uploads\\\/2017\\\/01\\\/laugar_merki_antexta-kip.jpg\",\"contentUrl\":\"https:\\\/\\\/laugar.is\\\/wp-content\\\/uploads\\\/2017\\\/01\\\/laugar_merki_antexta-kip.jpg\",\"width\":536,\"height\":551,\"caption\":\"Framhaldssk\u00f3linn \u00e1 Laugum\"},\"image\":{\"@id\":\"https:\\\/\\\/laugar.is\\\/#\\\/schema\\\/logo\\\/image\\\/\"},\"sameAs\":[\"https:\\\/\\\/www.facebook.com\\\/laugaskoli\\\/\"]},{\"@type\":\"Person\",\"@id\":\"https:\\\/\\\/laugar.is\\\/#\\\/schema\\\/person\\\/c5635866493bb7316f48e406d8792a55\",\"name\":\"S\u00f3lborg Matth\u00edasd\u00f3ttir\",\"url\":\"https:\\\/\\\/laugar.is\\\/?author=11\"}]}<\/script>\n<!-- \/ Yoast SEO plugin. -->","yoast_head_json":{"title":"N\u00fdr \u00e1fangi \u00ed \u00edslensku sl\u00e6r \u00ed gegn - FRAMHALDSSK\u00d3LINN \u00c1 LAUGUM","robots":{"index":"index","follow":"follow","max-snippet":"max-snippet:-1","max-image-preview":"max-image-preview:large","max-video-preview":"max-video-preview:-1"},"canonical":"https:\/\/laugar.is\/?p=3332","og_locale":"is_IS","og_type":"article","og_title":"N\u00fdr \u00e1fangi \u00ed \u00edslensku sl\u00e6r \u00ed gegn - FRAMHALDSSK\u00d3LINN \u00c1 LAUGUM","og_description":"&nbsp; &nbsp; \u00c1 degi \u00edslenskrar tungu st\u00f3\u00f0u nemendur fyrir fr\u00e1b\u00e6rri s\u00fdningu um Vesturfer\u00f0ir \u00cdslendinga og vestur\u00edslensku.\u00deetta er \u00ed anna\u00f0 sinn sem \u00feessi \u00edslensku\u00e1fangi er kenndur vi\u00f0 Framhaldssk\u00f3lann \u00e1 Laugum.N\u00e1mi\u00f0 byggir \u00e1 miklum lestri um Vesturfer\u00f0irnar \u00e1 19.\u00f6ld, vestur\u00edslensku, menningu og hef\u00f0um, tv\u00edtyngisstefnu, erf\u00f0am\u00e1lum \u00e1samt m\u00f6rgu \u00f6\u00f0ru, \u00fev\u00ed af n\u00f3gu er a\u00f0 taka.\u00dej\u00f3\u00f0r\u00e6knisf\u00e9lag \u00cdslendinga veitti \u00feessum \u00e1fanga styrk, vi\u00f0 fengum b\u00f3kagjafir fr\u00e1 nokkrum a\u00f0ilum og \u00dalfar Bragason kom og h\u00e9lt fyrirlestur ...Lestu \u00e1fram","og_url":"https:\/\/laugar.is\/?p=3332","og_site_name":"FRAMHALDSSK\u00d3LINN \u00c1 LAUGUM","article_publisher":"https:\/\/www.facebook.com\/laugaskoli\/","article_published_time":"2021-11-18T09:18:40+00:00","og_image":[{"width":2048,"height":1365,"url":"https:\/\/laugar.is\/wp-content\/uploads\/2021\/11\/257657931_10159032430128952_5176341829096003631_n.jpg","type":"image\/jpeg"}],"author":"S\u00f3lborg Matth\u00edasd\u00f3ttir","twitter_card":"summary_large_image","twitter_misc":{"Written by":"S\u00f3lborg Matth\u00edasd\u00f3ttir","Est. reading time":"1 minute"},"schema":{"@context":"https:\/\/schema.org","@graph":[{"@type":"Article","@id":"https:\/\/laugar.is\/?p=3332#article","isPartOf":{"@id":"https:\/\/laugar.is\/?p=3332"},"author":{"name":"S\u00f3lborg Matth\u00edasd\u00f3ttir","@id":"https:\/\/laugar.is\/#\/schema\/person\/c5635866493bb7316f48e406d8792a55"},"headline":"N\u00fdr \u00e1fangi \u00ed \u00edslensku sl\u00e6r \u00ed gegn","datePublished":"2021-11-18T09:18:40+00:00","mainEntityOfPage":{"@id":"https:\/\/laugar.is\/?p=3332"},"wordCount":251,"publisher":{"@id":"https:\/\/laugar.is\/#organization"},"image":{"@id":"https:\/\/laugar.is\/?p=3332#primaryimage"},"thumbnailUrl":"https:\/\/laugar.is\/wp-content\/uploads\/2021\/11\/257657931_10159032430128952_5176341829096003631_n.jpg","articleSection":["Fr\u00e9ttir og tilkynningar"],"inLanguage":"is"},{"@type":"WebPage","@id":"https:\/\/laugar.is\/?p=3332","url":"https:\/\/laugar.is\/?p=3332","name":"N\u00fdr \u00e1fangi \u00ed \u00edslensku sl\u00e6r \u00ed gegn - FRAMHALDSSK\u00d3LINN \u00c1 LAUGUM","isPartOf":{"@id":"https:\/\/laugar.is\/#website"},"primaryImageOfPage":{"@id":"https:\/\/laugar.is\/?p=3332#primaryimage"},"image":{"@id":"https:\/\/laugar.is\/?p=3332#primaryimage"},"thumbnailUrl":"https:\/\/laugar.is\/wp-content\/uploads\/2021\/11\/257657931_10159032430128952_5176341829096003631_n.jpg","datePublished":"2021-11-18T09:18:40+00:00","breadcrumb":{"@id":"https:\/\/laugar.is\/?p=3332#breadcrumb"},"inLanguage":"is","potentialAction":[{"@type":"ReadAction","target":["https:\/\/laugar.is\/?p=3332"]}]},{"@type":"ImageObject","inLanguage":"is","@id":"https:\/\/laugar.is\/?p=3332#primaryimage","url":"https:\/\/laugar.is\/wp-content\/uploads\/2021\/11\/257657931_10159032430128952_5176341829096003631_n.jpg","contentUrl":"https:\/\/laugar.is\/wp-content\/uploads\/2021\/11\/257657931_10159032430128952_5176341829096003631_n.jpg","width":2048,"height":1365},{"@type":"BreadcrumbList","@id":"https:\/\/laugar.is\/?p=3332#breadcrumb","itemListElement":[{"@type":"ListItem","position":1,"name":"Home","item":"https:\/\/laugar.is\/"},{"@type":"ListItem","position":2,"name":"N\u00fdr \u00e1fangi \u00ed \u00edslensku sl\u00e6r \u00ed gegn"}]},{"@type":"WebSite","@id":"https:\/\/laugar.is\/#website","url":"https:\/\/laugar.is\/","name":"FRAMHALDSSK\u00d3LINN \u00c1 LAUGUM","description":"Metna\u00f0ur - Tr\u00famennska  - Tillitssemi - Gla\u00f0lyndi","publisher":{"@id":"https:\/\/laugar.is\/#organization"},"potentialAction":[{"@type":"SearchAction","target":{"@type":"EntryPoint","urlTemplate":"https:\/\/laugar.is\/?s={search_term_string}"},"query-input":{"@type":"PropertyValueSpecification","valueRequired":true,"valueName":"search_term_string"}}],"inLanguage":"is"},{"@type":"Organization","@id":"https:\/\/laugar.is\/#organization","name":"Framhaldssk\u00f3linn \u00e1 Laugum","url":"https:\/\/laugar.is\/","logo":{"@type":"ImageObject","inLanguage":"is","@id":"https:\/\/laugar.is\/#\/schema\/logo\/image\/","url":"https:\/\/laugar.is\/wp-content\/uploads\/2017\/01\/laugar_merki_antexta-kip.jpg","contentUrl":"https:\/\/laugar.is\/wp-content\/uploads\/2017\/01\/laugar_merki_antexta-kip.jpg","width":536,"height":551,"caption":"Framhaldssk\u00f3linn \u00e1 Laugum"},"image":{"@id":"https:\/\/laugar.is\/#\/schema\/logo\/image\/"},"sameAs":["https:\/\/www.facebook.com\/laugaskoli\/"]},{"@type":"Person","@id":"https:\/\/laugar.is\/#\/schema\/person\/c5635866493bb7316f48e406d8792a55","name":"S\u00f3lborg Matth\u00edasd\u00f3ttir","url":"https:\/\/laugar.is\/?author=11"}]}},"modified_by":"S\u00f3lborg Matth\u00edasd\u00f3ttir","_links":{"self":[{"href":"https:\/\/laugar.is\/index.php?rest_route=\/wp\/v2\/posts\/3332","targetHints":{"allow":["GET"]}}],"collection":[{"href":"https:\/\/laugar.is\/index.php?rest_route=\/wp\/v2\/posts"}],"about":[{"href":"https:\/\/laugar.is\/index.php?rest_route=\/wp\/v2\/types\/post"}],"author":[{"embeddable":true,"href":"https:\/\/laugar.is\/index.php?rest_route=\/wp\/v2\/users\/11"}],"replies":[{"embeddable":true,"href":"https:\/\/laugar.is\/index.php?rest_route=%2Fwp%2Fv2%2Fcomments&post=3332"}],"version-history":[{"count":0,"href":"https:\/\/laugar.is\/index.php?rest_route=\/wp\/v2\/posts\/3332\/revisions"}],"wp:featuredmedia":[{"embeddable":true,"href":"https:\/\/laugar.is\/index.php?rest_route=\/wp\/v2\/media\/3375"}],"wp:attachment":[{"href":"https:\/\/laugar.is\/index.php?rest_route=%2Fwp%2Fv2%2Fmedia&parent=3332"}],"curies":[{"name":"wp","href":"https:\/\/api.w.org\/{rel}","templated":true}]}}