{"id":3106,"date":"2021-03-26T12:00:27","date_gmt":"2021-03-26T12:00:27","guid":{"rendered":"https:\/\/laugar.is\/?p=3106"},"modified":"2021-03-26T14:46:23","modified_gmt":"2021-03-26T14:46:23","slug":"paskaleyfi","status":"publish","type":"post","link":"https:\/\/laugar.is\/?p=3106","title":{"rendered":"P\u00e1skaleyfi"},"content":{"rendered":"<p style=\"text-align: left;\">Nemendur og starfsf\u00f3lk Framhaldssk\u00f3lans \u00e1 Laugum fara \u00ed p\u00e1skaleyfi a\u00f0 loknum vinnudegi f\u00f6studaginn 26. mars. Sk\u00f3linn og skrifstofur hans ver\u00f0a loka\u00f0ar \u00ed Dymbilvikunni og fram yfir p\u00e1ska.<\/p>\n<p style=\"text-align: left;\">Kennsla hefst aftur m\u00e1nudaginn<strong> 12. apr\u00edl<\/strong> og heimavistir opna aftur sunnudaginn <strong>11. apr\u00edl kl. 13:00<\/strong> leyfi gildandi s\u00f3ttvarnarreglur \u00fea\u00f0. Nemendur og forr\u00e1\u00f0amenn munu f\u00e1 t\u00f6lvup\u00f3st me\u00f0 n\u00e1nari \u00fatsk\u00fdringum og lei\u00f0beiningum \u00feegar lj\u00f3st ver\u00f0ur hva\u00f0a s\u00f3ttvarnarreglur gilda um sk\u00f3lastarf eftir p\u00e1ska. Alltaf er h\u00e6gt senda p\u00f3st \u00e1 netfangi\u00f0 <a href=\"mailto:laugar@laugar.is\">laugar@laugar.is<\/a> og ver\u00f0ur \u00feeim svara\u00f0 eins flj\u00f3tt og au\u00f0i\u00f0 er. Ef m\u00e1li\u00f0 \u00feolir enga bi\u00f0 er f\u00f3lki bent \u00e1 a\u00f0 hringja \u00ed s\u00edman\u00fameri\u00f0 848-3242. Vi\u00f0 vonum a\u00f0 allir fari varlega, hugi a\u00f0 einstaklingsbundnum smitv\u00f6rnum og nj\u00f3ti p\u00e1skaleyfisins. Vi\u00f0 hl\u00f6kkum til a\u00f0 hitta ykkur aftur eftir p\u00e1ska.<\/p>\nngg_shortcode_0_placeholder\n","protected":false},"excerpt":{"rendered":"<p>Nemendur og starfsf\u00f3lk Framhaldssk\u00f3lans \u00e1 Laugum fara \u00ed p\u00e1skaleyfi a\u00f0 loknum vinnudegi f\u00f6studaginn 26. mars. Sk\u00f3linn og skrifstofur hans ver\u00f0a loka\u00f0ar \u00ed Dymbilvikunni og fram yfir p\u00e1ska. Kennsla hefst aftur m\u00e1nudaginn 12. apr\u00edl og heimavistir opna aftur sunnudaginn 11. apr\u00edl kl. 13:00 leyfi gildandi s\u00f3ttvarnarreglur \u00fea\u00f0. Nemendur og forr\u00e1\u00f0amenn munu f\u00e1 t\u00f6lvup\u00f3st me\u00f0 n\u00e1nari \u00fatsk\u00fdringum og lei\u00f0beiningum \u00feegar lj\u00f3st ver\u00f0ur hva\u00f0a s\u00f3ttvarnarreglur gilda um sk\u00f3lastarf eftir p\u00e1ska. Alltaf er h\u00e6gt <a class=\"more-link\" href=\"https:\/\/laugar.is\/?p=3106\">&#8230;Lestu \u00e1fram<\/a><\/p>\n","protected":false},"author":11,"featured_media":0,"comment_status":"closed","ping_status":"closed","sticky":false,"template":"","format":"standard","meta":{"_acf_changed":false,"_lmt_disableupdate":"","_lmt_disable":"","ngg_post_thumbnail":0,"footnotes":""},"class_list":["post-3106","post","type-post","status-publish","format-standard","hentry"],"acf":[],"yoast_head":"<!-- This site is optimized with the Yoast SEO plugin v27.5 - https:\/\/yoast.com\/product\/yoast-seo-wordpress\/ -->\n<title>P\u00e1skaleyfi - FRAMHALDSSK\u00d3LINN \u00c1 LAUGUM<\/title>\n<meta name=\"robots\" content=\"index, follow, max-snippet:-1, max-image-preview:large, max-video-preview:-1\" \/>\n<link rel=\"canonical\" href=\"https:\/\/laugar.is\/?p=3106\" \/>\n<meta property=\"og:locale\" content=\"is_IS\" \/>\n<meta property=\"og:type\" content=\"article\" \/>\n<meta property=\"og:title\" content=\"P\u00e1skaleyfi - FRAMHALDSSK\u00d3LINN \u00c1 LAUGUM\" \/>\n<meta property=\"og:description\" content=\"Nemendur og starfsf\u00f3lk Framhaldssk\u00f3lans \u00e1 Laugum fara \u00ed p\u00e1skaleyfi a\u00f0 loknum vinnudegi f\u00f6studaginn 26. mars. Sk\u00f3linn og skrifstofur hans ver\u00f0a loka\u00f0ar \u00ed Dymbilvikunni og fram yfir p\u00e1ska. Kennsla hefst aftur m\u00e1nudaginn 12. apr\u00edl og heimavistir opna aftur sunnudaginn 11. apr\u00edl kl. 13:00 leyfi gildandi s\u00f3ttvarnarreglur \u00fea\u00f0. Nemendur og forr\u00e1\u00f0amenn munu f\u00e1 t\u00f6lvup\u00f3st me\u00f0 n\u00e1nari \u00fatsk\u00fdringum og lei\u00f0beiningum \u00feegar lj\u00f3st ver\u00f0ur hva\u00f0a s\u00f3ttvarnarreglur gilda um sk\u00f3lastarf eftir p\u00e1ska. Alltaf er h\u00e6gt ...Lestu \u00e1fram\" \/>\n<meta property=\"og:url\" content=\"https:\/\/laugar.is\/?p=3106\" \/>\n<meta property=\"og:site_name\" content=\"FRAMHALDSSK\u00d3LINN \u00c1 LAUGUM\" \/>\n<meta property=\"article:publisher\" content=\"https:\/\/www.facebook.com\/laugaskoli\/\" \/>\n<meta property=\"article:published_time\" content=\"2021-03-26T12:00:27+00:00\" \/>\n<meta property=\"article:modified_time\" content=\"2021-03-26T14:46:23+00:00\" \/>\n<meta name=\"author\" content=\"S\u00f3lborg Matth\u00edasd\u00f3ttir\" \/>\n<meta name=\"twitter:card\" content=\"summary_large_image\" \/>\n<meta name=\"twitter:label1\" content=\"Written by\" \/>\n\t<meta name=\"twitter:data1\" content=\"S\u00f3lborg Matth\u00edasd\u00f3ttir\" \/>\n\t<meta name=\"twitter:label2\" content=\"Est. reading time\" \/>\n\t<meta name=\"twitter:data2\" content=\"1 minute\" \/>\n<script type=\"application\/ld+json\" class=\"yoast-schema-graph\">{\"@context\":\"https:\\\/\\\/schema.org\",\"@graph\":[{\"@type\":\"Article\",\"@id\":\"https:\\\/\\\/laugar.is\\\/?p=3106#article\",\"isPartOf\":{\"@id\":\"https:\\\/\\\/laugar.is\\\/?p=3106\"},\"author\":{\"name\":\"S\u00f3lborg Matth\u00edasd\u00f3ttir\",\"@id\":\"https:\\\/\\\/laugar.is\\\/#\\\/schema\\\/person\\\/c5635866493bb7316f48e406d8792a55\"},\"headline\":\"P\u00e1skaleyfi\",\"datePublished\":\"2021-03-26T12:00:27+00:00\",\"dateModified\":\"2021-03-26T14:46:23+00:00\",\"mainEntityOfPage\":{\"@id\":\"https:\\\/\\\/laugar.is\\\/?p=3106\"},\"wordCount\":161,\"publisher\":{\"@id\":\"https:\\\/\\\/laugar.is\\\/#organization\"},\"articleSection\":[\"Fr\u00e9ttir og tilkynningar\"],\"inLanguage\":\"is\"},{\"@type\":\"WebPage\",\"@id\":\"https:\\\/\\\/laugar.is\\\/?p=3106\",\"url\":\"https:\\\/\\\/laugar.is\\\/?p=3106\",\"name\":\"P\u00e1skaleyfi - FRAMHALDSSK\u00d3LINN \u00c1 LAUGUM\",\"isPartOf\":{\"@id\":\"https:\\\/\\\/laugar.is\\\/#website\"},\"datePublished\":\"2021-03-26T12:00:27+00:00\",\"dateModified\":\"2021-03-26T14:46:23+00:00\",\"breadcrumb\":{\"@id\":\"https:\\\/\\\/laugar.is\\\/?p=3106#breadcrumb\"},\"inLanguage\":\"is\",\"potentialAction\":[{\"@type\":\"ReadAction\",\"target\":[\"https:\\\/\\\/laugar.is\\\/?p=3106\"]}]},{\"@type\":\"BreadcrumbList\",\"@id\":\"https:\\\/\\\/laugar.is\\\/?p=3106#breadcrumb\",\"itemListElement\":[{\"@type\":\"ListItem\",\"position\":1,\"name\":\"Home\",\"item\":\"https:\\\/\\\/laugar.is\\\/\"},{\"@type\":\"ListItem\",\"position\":2,\"name\":\"P\u00e1skaleyfi\"}]},{\"@type\":\"WebSite\",\"@id\":\"https:\\\/\\\/laugar.is\\\/#website\",\"url\":\"https:\\\/\\\/laugar.is\\\/\",\"name\":\"FRAMHALDSSK\u00d3LINN \u00c1 LAUGUM\",\"description\":\"Metna\u00f0ur - Tr\u00famennska  - Tillitssemi - Gla\u00f0lyndi\",\"publisher\":{\"@id\":\"https:\\\/\\\/laugar.is\\\/#organization\"},\"potentialAction\":[{\"@type\":\"SearchAction\",\"target\":{\"@type\":\"EntryPoint\",\"urlTemplate\":\"https:\\\/\\\/laugar.is\\\/?s={search_term_string}\"},\"query-input\":{\"@type\":\"PropertyValueSpecification\",\"valueRequired\":true,\"valueName\":\"search_term_string\"}}],\"inLanguage\":\"is\"},{\"@type\":\"Organization\",\"@id\":\"https:\\\/\\\/laugar.is\\\/#organization\",\"name\":\"Framhaldssk\u00f3linn \u00e1 Laugum\",\"url\":\"https:\\\/\\\/laugar.is\\\/\",\"logo\":{\"@type\":\"ImageObject\",\"inLanguage\":\"is\",\"@id\":\"https:\\\/\\\/laugar.is\\\/#\\\/schema\\\/logo\\\/image\\\/\",\"url\":\"https:\\\/\\\/laugar.is\\\/wp-content\\\/uploads\\\/2017\\\/01\\\/laugar_merki_antexta-kip.jpg\",\"contentUrl\":\"https:\\\/\\\/laugar.is\\\/wp-content\\\/uploads\\\/2017\\\/01\\\/laugar_merki_antexta-kip.jpg\",\"width\":536,\"height\":551,\"caption\":\"Framhaldssk\u00f3linn \u00e1 Laugum\"},\"image\":{\"@id\":\"https:\\\/\\\/laugar.is\\\/#\\\/schema\\\/logo\\\/image\\\/\"},\"sameAs\":[\"https:\\\/\\\/www.facebook.com\\\/laugaskoli\\\/\"]},{\"@type\":\"Person\",\"@id\":\"https:\\\/\\\/laugar.is\\\/#\\\/schema\\\/person\\\/c5635866493bb7316f48e406d8792a55\",\"name\":\"S\u00f3lborg Matth\u00edasd\u00f3ttir\",\"url\":\"https:\\\/\\\/laugar.is\\\/?author=11\"}]}<\/script>\n<!-- \/ Yoast SEO plugin. -->","yoast_head_json":{"title":"P\u00e1skaleyfi - FRAMHALDSSK\u00d3LINN \u00c1 LAUGUM","robots":{"index":"index","follow":"follow","max-snippet":"max-snippet:-1","max-image-preview":"max-image-preview:large","max-video-preview":"max-video-preview:-1"},"canonical":"https:\/\/laugar.is\/?p=3106","og_locale":"is_IS","og_type":"article","og_title":"P\u00e1skaleyfi - FRAMHALDSSK\u00d3LINN \u00c1 LAUGUM","og_description":"Nemendur og starfsf\u00f3lk Framhaldssk\u00f3lans \u00e1 Laugum fara \u00ed p\u00e1skaleyfi a\u00f0 loknum vinnudegi f\u00f6studaginn 26. mars. Sk\u00f3linn og skrifstofur hans ver\u00f0a loka\u00f0ar \u00ed Dymbilvikunni og fram yfir p\u00e1ska. Kennsla hefst aftur m\u00e1nudaginn 12. apr\u00edl og heimavistir opna aftur sunnudaginn 11. apr\u00edl kl. 13:00 leyfi gildandi s\u00f3ttvarnarreglur \u00fea\u00f0. Nemendur og forr\u00e1\u00f0amenn munu f\u00e1 t\u00f6lvup\u00f3st me\u00f0 n\u00e1nari \u00fatsk\u00fdringum og lei\u00f0beiningum \u00feegar lj\u00f3st ver\u00f0ur hva\u00f0a s\u00f3ttvarnarreglur gilda um sk\u00f3lastarf eftir p\u00e1ska. Alltaf er h\u00e6gt ...Lestu \u00e1fram","og_url":"https:\/\/laugar.is\/?p=3106","og_site_name":"FRAMHALDSSK\u00d3LINN \u00c1 LAUGUM","article_publisher":"https:\/\/www.facebook.com\/laugaskoli\/","article_published_time":"2021-03-26T12:00:27+00:00","article_modified_time":"2021-03-26T14:46:23+00:00","author":"S\u00f3lborg Matth\u00edasd\u00f3ttir","twitter_card":"summary_large_image","twitter_misc":{"Written by":"S\u00f3lborg Matth\u00edasd\u00f3ttir","Est. reading time":"1 minute"},"schema":{"@context":"https:\/\/schema.org","@graph":[{"@type":"Article","@id":"https:\/\/laugar.is\/?p=3106#article","isPartOf":{"@id":"https:\/\/laugar.is\/?p=3106"},"author":{"name":"S\u00f3lborg Matth\u00edasd\u00f3ttir","@id":"https:\/\/laugar.is\/#\/schema\/person\/c5635866493bb7316f48e406d8792a55"},"headline":"P\u00e1skaleyfi","datePublished":"2021-03-26T12:00:27+00:00","dateModified":"2021-03-26T14:46:23+00:00","mainEntityOfPage":{"@id":"https:\/\/laugar.is\/?p=3106"},"wordCount":161,"publisher":{"@id":"https:\/\/laugar.is\/#organization"},"articleSection":["Fr\u00e9ttir og tilkynningar"],"inLanguage":"is"},{"@type":"WebPage","@id":"https:\/\/laugar.is\/?p=3106","url":"https:\/\/laugar.is\/?p=3106","name":"P\u00e1skaleyfi - FRAMHALDSSK\u00d3LINN \u00c1 LAUGUM","isPartOf":{"@id":"https:\/\/laugar.is\/#website"},"datePublished":"2021-03-26T12:00:27+00:00","dateModified":"2021-03-26T14:46:23+00:00","breadcrumb":{"@id":"https:\/\/laugar.is\/?p=3106#breadcrumb"},"inLanguage":"is","potentialAction":[{"@type":"ReadAction","target":["https:\/\/laugar.is\/?p=3106"]}]},{"@type":"BreadcrumbList","@id":"https:\/\/laugar.is\/?p=3106#breadcrumb","itemListElement":[{"@type":"ListItem","position":1,"name":"Home","item":"https:\/\/laugar.is\/"},{"@type":"ListItem","position":2,"name":"P\u00e1skaleyfi"}]},{"@type":"WebSite","@id":"https:\/\/laugar.is\/#website","url":"https:\/\/laugar.is\/","name":"FRAMHALDSSK\u00d3LINN \u00c1 LAUGUM","description":"Metna\u00f0ur - Tr\u00famennska  - Tillitssemi - Gla\u00f0lyndi","publisher":{"@id":"https:\/\/laugar.is\/#organization"},"potentialAction":[{"@type":"SearchAction","target":{"@type":"EntryPoint","urlTemplate":"https:\/\/laugar.is\/?s={search_term_string}"},"query-input":{"@type":"PropertyValueSpecification","valueRequired":true,"valueName":"search_term_string"}}],"inLanguage":"is"},{"@type":"Organization","@id":"https:\/\/laugar.is\/#organization","name":"Framhaldssk\u00f3linn \u00e1 Laugum","url":"https:\/\/laugar.is\/","logo":{"@type":"ImageObject","inLanguage":"is","@id":"https:\/\/laugar.is\/#\/schema\/logo\/image\/","url":"https:\/\/laugar.is\/wp-content\/uploads\/2017\/01\/laugar_merki_antexta-kip.jpg","contentUrl":"https:\/\/laugar.is\/wp-content\/uploads\/2017\/01\/laugar_merki_antexta-kip.jpg","width":536,"height":551,"caption":"Framhaldssk\u00f3linn \u00e1 Laugum"},"image":{"@id":"https:\/\/laugar.is\/#\/schema\/logo\/image\/"},"sameAs":["https:\/\/www.facebook.com\/laugaskoli\/"]},{"@type":"Person","@id":"https:\/\/laugar.is\/#\/schema\/person\/c5635866493bb7316f48e406d8792a55","name":"S\u00f3lborg Matth\u00edasd\u00f3ttir","url":"https:\/\/laugar.is\/?author=11"}]}},"modified_by":"Kristinn","_links":{"self":[{"href":"https:\/\/laugar.is\/index.php?rest_route=\/wp\/v2\/posts\/3106","targetHints":{"allow":["GET"]}}],"collection":[{"href":"https:\/\/laugar.is\/index.php?rest_route=\/wp\/v2\/posts"}],"about":[{"href":"https:\/\/laugar.is\/index.php?rest_route=\/wp\/v2\/types\/post"}],"author":[{"embeddable":true,"href":"https:\/\/laugar.is\/index.php?rest_route=\/wp\/v2\/users\/11"}],"replies":[{"embeddable":true,"href":"https:\/\/laugar.is\/index.php?rest_route=%2Fwp%2Fv2%2Fcomments&post=3106"}],"version-history":[{"count":0,"href":"https:\/\/laugar.is\/index.php?rest_route=\/wp\/v2\/posts\/3106\/revisions"}],"wp:attachment":[{"href":"https:\/\/laugar.is\/index.php?rest_route=%2Fwp%2Fv2%2Fmedia&parent=3106"}],"curies":[{"name":"wp","href":"https:\/\/api.w.org\/{rel}","templated":true}]}}