{"id":3023,"date":"2021-01-06T11:03:52","date_gmt":"2021-01-06T11:03:52","guid":{"rendered":"https:\/\/laugar.is\/?p=3023"},"modified":"2021-01-06T11:03:52","modified_gmt":"2021-01-06T11:03:52","slug":"voronnin-ad-hefjast","status":"publish","type":"post","link":"https:\/\/laugar.is\/?p=3023","title":{"rendered":"Vor\u00f6nnin a\u00f0 hefjast"},"content":{"rendered":"<p>N\u00fa er vor\u00f6nnin a\u00f0 hefjast, daginn tekur a\u00f0 lengja og vi\u00f0 \u00f6ll full tilhl\u00f6kkunar a\u00f0 hitta nemendurna \u00e1 n\u00fd.<\/p>\n<p><iframe loading=\"lazy\" style=\"border: none; overflow: hidden;\" src=\"https:\/\/www.facebook.com\/plugins\/video.php?height=314&amp;href=https%3A%2F%2Fwww.facebook.com%2Flaugaskoli%2Fvideos%2F227537305651502%2F&amp;show_text=false&amp;width=560\" width=\"560\" height=\"314\" frameborder=\"0\" scrolling=\"no\" allowfullscreen=\"allowfullscreen\"><\/iframe><\/p>\n<p>&nbsp;<\/p>\n","protected":false},"excerpt":{"rendered":"<p>N\u00fa er vor\u00f6nnin a\u00f0 hefjast, daginn tekur a\u00f0 lengja og vi\u00f0 \u00f6ll full tilhl\u00f6kkunar a\u00f0 hitta nemendurna \u00e1 n\u00fd. &nbsp;<\/p>\n","protected":false},"author":1,"featured_media":0,"comment_status":"closed","ping_status":"closed","sticky":false,"template":"","format":"image","meta":{"_acf_changed":false,"_lmt_disableupdate":"","_lmt_disable":"","ngg_post_thumbnail":0,"footnotes":""},"class_list":["post-3023","post","type-post","status-publish","format-image","hentry","post_format-post-format-image"],"acf":[],"yoast_head":"<!-- This site is optimized with the Yoast SEO plugin v27.5 - https:\/\/yoast.com\/product\/yoast-seo-wordpress\/ -->\n<title>Vor\u00f6nnin a\u00f0 hefjast - FRAMHALDSSK\u00d3LINN \u00c1 LAUGUM<\/title>\n<meta name=\"robots\" content=\"index, follow, max-snippet:-1, max-image-preview:large, max-video-preview:-1\" \/>\n<link rel=\"canonical\" href=\"https:\/\/laugar.is\/?p=3023\" \/>\n<meta property=\"og:locale\" content=\"is_IS\" \/>\n<meta property=\"og:type\" content=\"article\" \/>\n<meta property=\"og:title\" content=\"Vor\u00f6nnin a\u00f0 hefjast - FRAMHALDSSK\u00d3LINN \u00c1 LAUGUM\" \/>\n<meta property=\"og:description\" content=\"N\u00fa er vor\u00f6nnin a\u00f0 hefjast, daginn tekur a\u00f0 lengja og vi\u00f0 \u00f6ll full tilhl\u00f6kkunar a\u00f0 hitta nemendurna \u00e1 n\u00fd. &nbsp;\" \/>\n<meta property=\"og:url\" content=\"https:\/\/laugar.is\/?p=3023\" \/>\n<meta property=\"og:site_name\" content=\"FRAMHALDSSK\u00d3LINN \u00c1 LAUGUM\" \/>\n<meta property=\"article:publisher\" content=\"https:\/\/www.facebook.com\/laugaskoli\/\" \/>\n<meta property=\"article:published_time\" content=\"2021-01-06T11:03:52+00:00\" \/>\n<meta name=\"author\" content=\"Kristinn\" \/>\n<meta name=\"twitter:card\" content=\"summary_large_image\" \/>\n<meta name=\"twitter:label1\" content=\"Written by\" \/>\n\t<meta name=\"twitter:data1\" content=\"Kristinn\" \/>\n<script type=\"application\/ld+json\" class=\"yoast-schema-graph\">{\"@context\":\"https:\\\/\\\/schema.org\",\"@graph\":[{\"@type\":\"Article\",\"@id\":\"https:\\\/\\\/laugar.is\\\/?p=3023#article\",\"isPartOf\":{\"@id\":\"https:\\\/\\\/laugar.is\\\/?p=3023\"},\"author\":{\"name\":\"Kristinn\",\"@id\":\"https:\\\/\\\/laugar.is\\\/#\\\/schema\\\/person\\\/24eb2a70a13f829193e2f306bb4b9dcd\"},\"headline\":\"Vor\u00f6nnin a\u00f0 hefjast\",\"datePublished\":\"2021-01-06T11:03:52+00:00\",\"mainEntityOfPage\":{\"@id\":\"https:\\\/\\\/laugar.is\\\/?p=3023\"},\"wordCount\":25,\"publisher\":{\"@id\":\"https:\\\/\\\/laugar.is\\\/#organization\"},\"articleSection\":[\"Fr\u00e9ttir og tilkynningar\"],\"inLanguage\":\"is\"},{\"@type\":\"WebPage\",\"@id\":\"https:\\\/\\\/laugar.is\\\/?p=3023\",\"url\":\"https:\\\/\\\/laugar.is\\\/?p=3023\",\"name\":\"Vor\u00f6nnin a\u00f0 hefjast - FRAMHALDSSK\u00d3LINN \u00c1 LAUGUM\",\"isPartOf\":{\"@id\":\"https:\\\/\\\/laugar.is\\\/#website\"},\"datePublished\":\"2021-01-06T11:03:52+00:00\",\"breadcrumb\":{\"@id\":\"https:\\\/\\\/laugar.is\\\/?p=3023#breadcrumb\"},\"inLanguage\":\"is\",\"potentialAction\":[{\"@type\":\"ReadAction\",\"target\":[\"https:\\\/\\\/laugar.is\\\/?p=3023\"]}]},{\"@type\":\"BreadcrumbList\",\"@id\":\"https:\\\/\\\/laugar.is\\\/?p=3023#breadcrumb\",\"itemListElement\":[{\"@type\":\"ListItem\",\"position\":1,\"name\":\"Home\",\"item\":\"https:\\\/\\\/laugar.is\\\/\"},{\"@type\":\"ListItem\",\"position\":2,\"name\":\"Vor\u00f6nnin a\u00f0 hefjast\"}]},{\"@type\":\"WebSite\",\"@id\":\"https:\\\/\\\/laugar.is\\\/#website\",\"url\":\"https:\\\/\\\/laugar.is\\\/\",\"name\":\"FRAMHALDSSK\u00d3LINN \u00c1 LAUGUM\",\"description\":\"Metna\u00f0ur - Tr\u00famennska  - Tillitssemi - Gla\u00f0lyndi\",\"publisher\":{\"@id\":\"https:\\\/\\\/laugar.is\\\/#organization\"},\"potentialAction\":[{\"@type\":\"SearchAction\",\"target\":{\"@type\":\"EntryPoint\",\"urlTemplate\":\"https:\\\/\\\/laugar.is\\\/?s={search_term_string}\"},\"query-input\":{\"@type\":\"PropertyValueSpecification\",\"valueRequired\":true,\"valueName\":\"search_term_string\"}}],\"inLanguage\":\"is\"},{\"@type\":\"Organization\",\"@id\":\"https:\\\/\\\/laugar.is\\\/#organization\",\"name\":\"Framhaldssk\u00f3linn \u00e1 Laugum\",\"url\":\"https:\\\/\\\/laugar.is\\\/\",\"logo\":{\"@type\":\"ImageObject\",\"inLanguage\":\"is\",\"@id\":\"https:\\\/\\\/laugar.is\\\/#\\\/schema\\\/logo\\\/image\\\/\",\"url\":\"https:\\\/\\\/laugar.is\\\/wp-content\\\/uploads\\\/2017\\\/01\\\/laugar_merki_antexta-kip.jpg\",\"contentUrl\":\"https:\\\/\\\/laugar.is\\\/wp-content\\\/uploads\\\/2017\\\/01\\\/laugar_merki_antexta-kip.jpg\",\"width\":536,\"height\":551,\"caption\":\"Framhaldssk\u00f3linn \u00e1 Laugum\"},\"image\":{\"@id\":\"https:\\\/\\\/laugar.is\\\/#\\\/schema\\\/logo\\\/image\\\/\"},\"sameAs\":[\"https:\\\/\\\/www.facebook.com\\\/laugaskoli\\\/\"]},{\"@type\":\"Person\",\"@id\":\"https:\\\/\\\/laugar.is\\\/#\\\/schema\\\/person\\\/24eb2a70a13f829193e2f306bb4b9dcd\",\"name\":\"Kristinn\",\"description\":\"Kerfisstj\u00f3ri Framhaldssk\u00f3lans \u00e1 Laugum\",\"url\":\"https:\\\/\\\/laugar.is\\\/?author=1\"}]}<\/script>\n<!-- \/ Yoast SEO plugin. -->","yoast_head_json":{"title":"Vor\u00f6nnin a\u00f0 hefjast - FRAMHALDSSK\u00d3LINN \u00c1 LAUGUM","robots":{"index":"index","follow":"follow","max-snippet":"max-snippet:-1","max-image-preview":"max-image-preview:large","max-video-preview":"max-video-preview:-1"},"canonical":"https:\/\/laugar.is\/?p=3023","og_locale":"is_IS","og_type":"article","og_title":"Vor\u00f6nnin a\u00f0 hefjast - FRAMHALDSSK\u00d3LINN \u00c1 LAUGUM","og_description":"N\u00fa er vor\u00f6nnin a\u00f0 hefjast, daginn tekur a\u00f0 lengja og vi\u00f0 \u00f6ll full tilhl\u00f6kkunar a\u00f0 hitta nemendurna \u00e1 n\u00fd. &nbsp;","og_url":"https:\/\/laugar.is\/?p=3023","og_site_name":"FRAMHALDSSK\u00d3LINN \u00c1 LAUGUM","article_publisher":"https:\/\/www.facebook.com\/laugaskoli\/","article_published_time":"2021-01-06T11:03:52+00:00","author":"Kristinn","twitter_card":"summary_large_image","twitter_misc":{"Written by":"Kristinn"},"schema":{"@context":"https:\/\/schema.org","@graph":[{"@type":"Article","@id":"https:\/\/laugar.is\/?p=3023#article","isPartOf":{"@id":"https:\/\/laugar.is\/?p=3023"},"author":{"name":"Kristinn","@id":"https:\/\/laugar.is\/#\/schema\/person\/24eb2a70a13f829193e2f306bb4b9dcd"},"headline":"Vor\u00f6nnin a\u00f0 hefjast","datePublished":"2021-01-06T11:03:52+00:00","mainEntityOfPage":{"@id":"https:\/\/laugar.is\/?p=3023"},"wordCount":25,"publisher":{"@id":"https:\/\/laugar.is\/#organization"},"articleSection":["Fr\u00e9ttir og tilkynningar"],"inLanguage":"is"},{"@type":"WebPage","@id":"https:\/\/laugar.is\/?p=3023","url":"https:\/\/laugar.is\/?p=3023","name":"Vor\u00f6nnin a\u00f0 hefjast - FRAMHALDSSK\u00d3LINN \u00c1 LAUGUM","isPartOf":{"@id":"https:\/\/laugar.is\/#website"},"datePublished":"2021-01-06T11:03:52+00:00","breadcrumb":{"@id":"https:\/\/laugar.is\/?p=3023#breadcrumb"},"inLanguage":"is","potentialAction":[{"@type":"ReadAction","target":["https:\/\/laugar.is\/?p=3023"]}]},{"@type":"BreadcrumbList","@id":"https:\/\/laugar.is\/?p=3023#breadcrumb","itemListElement":[{"@type":"ListItem","position":1,"name":"Home","item":"https:\/\/laugar.is\/"},{"@type":"ListItem","position":2,"name":"Vor\u00f6nnin a\u00f0 hefjast"}]},{"@type":"WebSite","@id":"https:\/\/laugar.is\/#website","url":"https:\/\/laugar.is\/","name":"FRAMHALDSSK\u00d3LINN \u00c1 LAUGUM","description":"Metna\u00f0ur - Tr\u00famennska  - Tillitssemi - Gla\u00f0lyndi","publisher":{"@id":"https:\/\/laugar.is\/#organization"},"potentialAction":[{"@type":"SearchAction","target":{"@type":"EntryPoint","urlTemplate":"https:\/\/laugar.is\/?s={search_term_string}"},"query-input":{"@type":"PropertyValueSpecification","valueRequired":true,"valueName":"search_term_string"}}],"inLanguage":"is"},{"@type":"Organization","@id":"https:\/\/laugar.is\/#organization","name":"Framhaldssk\u00f3linn \u00e1 Laugum","url":"https:\/\/laugar.is\/","logo":{"@type":"ImageObject","inLanguage":"is","@id":"https:\/\/laugar.is\/#\/schema\/logo\/image\/","url":"https:\/\/laugar.is\/wp-content\/uploads\/2017\/01\/laugar_merki_antexta-kip.jpg","contentUrl":"https:\/\/laugar.is\/wp-content\/uploads\/2017\/01\/laugar_merki_antexta-kip.jpg","width":536,"height":551,"caption":"Framhaldssk\u00f3linn \u00e1 Laugum"},"image":{"@id":"https:\/\/laugar.is\/#\/schema\/logo\/image\/"},"sameAs":["https:\/\/www.facebook.com\/laugaskoli\/"]},{"@type":"Person","@id":"https:\/\/laugar.is\/#\/schema\/person\/24eb2a70a13f829193e2f306bb4b9dcd","name":"Kristinn","description":"Kerfisstj\u00f3ri Framhaldssk\u00f3lans \u00e1 Laugum","url":"https:\/\/laugar.is\/?author=1"}]}},"modified_by":"Kristinn","_links":{"self":[{"href":"https:\/\/laugar.is\/index.php?rest_route=\/wp\/v2\/posts\/3023","targetHints":{"allow":["GET"]}}],"collection":[{"href":"https:\/\/laugar.is\/index.php?rest_route=\/wp\/v2\/posts"}],"about":[{"href":"https:\/\/laugar.is\/index.php?rest_route=\/wp\/v2\/types\/post"}],"author":[{"embeddable":true,"href":"https:\/\/laugar.is\/index.php?rest_route=\/wp\/v2\/users\/1"}],"replies":[{"embeddable":true,"href":"https:\/\/laugar.is\/index.php?rest_route=%2Fwp%2Fv2%2Fcomments&post=3023"}],"version-history":[{"count":0,"href":"https:\/\/laugar.is\/index.php?rest_route=\/wp\/v2\/posts\/3023\/revisions"}],"wp:attachment":[{"href":"https:\/\/laugar.is\/index.php?rest_route=%2Fwp%2Fv2%2Fmedia&parent=3023"}],"curies":[{"name":"wp","href":"https:\/\/api.w.org\/{rel}","templated":true}]}}