{"id":2777,"date":"2020-09-08T09:56:07","date_gmt":"2020-09-08T09:56:07","guid":{"rendered":"http:\/\/laugar.is\/?p=2777"},"modified":"2020-09-08T09:59:26","modified_gmt":"2020-09-08T09:59:26","slug":"heimsokn-forsaetisradherra-i-laugaskola","status":"publish","type":"post","link":"https:\/\/laugar.is\/?p=2777","title":{"rendered":"Heims\u00f3kn fors\u00e6tisr\u00e1\u00f0herra \u00ed Laugask\u00f3la"},"content":{"rendered":"<h5>Katr\u00edn Jakobsd\u00f3ttir, fors\u00e6tisr\u00e1\u00f0herra, heims\u00f3tti Laugask\u00f3la \u00ed g\u00e6r \u00e1samt a\u00f0sto\u00f0arkonu sinni Berg\u00fe\u00f3ru Benediktsd\u00f3ttur. \u00de\u00e6r voru \u00e1 fer\u00f0alagi um Nor\u00f0urland og n\u00fdttu t\u00e6kif\u00e6ri\u00f0 og litu vi\u00f0 hj\u00e1 okkur. \u00dea\u00f0 var virkilega \u00e1n\u00e6gjulegt a\u00f0 f\u00e1 \u00fe\u00e6r \u00ed heims\u00f3kn og f\u00e1 a\u00f0 kynna fyrir \u00feeim flotta starfi\u00f0 sem fer fram \u00ed Laugask\u00f3la. \u00de\u00e6r sn\u00e6ddu h\u00e1degismat me\u00f0 okkur og spj\u00f6llu\u00f0u vi\u00f0 nemendur og starfsf\u00f3lk.&nbsp;<\/h5>\nngg_shortcode_0_placeholder\n","protected":false},"excerpt":{"rendered":"<p>\u00dea\u00f0 er ekki \u00e1 hverjum degi sem vi\u00f0 f\u00e1um fors\u00e6tisr\u00e1\u00f0herra \u00ed heims\u00f3kn! Katr\u00edn Jakobsd\u00f3ttir og a\u00f0sto\u00f0arkona hennar Berg\u00fe\u00f3ra Benediktsd\u00f3ttir heims\u00f3ttu okkur \u00ed g\u00e6r, bor\u00f0u\u00f0u me\u00f0 okkur h\u00e1degismat og spj\u00f6llu\u00f0u vi\u00f0 nemendur og starfsf\u00f3lk.  <a class=\"more-link\" href=\"https:\/\/laugar.is\/?p=2777\">&#8230;Lestu \u00e1fram<\/a><\/p>\n","protected":false},"author":6,"featured_media":0,"comment_status":"closed","ping_status":"closed","sticky":false,"template":"","format":"standard","meta":{"_acf_changed":false,"_lmt_disableupdate":"","_lmt_disable":"","ngg_post_thumbnail":0,"footnotes":""},"class_list":["post-2777","post","type-post","status-publish","format-standard","hentry"],"acf":[],"yoast_head":"<!-- This site is optimized with the Yoast SEO plugin v27.5 - https:\/\/yoast.com\/product\/yoast-seo-wordpress\/ -->\n<title>Heims\u00f3kn fors\u00e6tisr\u00e1\u00f0herra \u00ed Laugask\u00f3la - FRAMHALDSSK\u00d3LINN \u00c1 LAUGUM<\/title>\n<meta name=\"robots\" content=\"index, follow, max-snippet:-1, max-image-preview:large, max-video-preview:-1\" \/>\n<link rel=\"canonical\" href=\"https:\/\/laugar.is\/?p=2777\" \/>\n<meta property=\"og:locale\" content=\"is_IS\" \/>\n<meta property=\"og:type\" content=\"article\" \/>\n<meta property=\"og:title\" content=\"Katr\u00edn Jakobsd\u00f3ttir heims\u00f3tti okkur \u00ed g\u00e6r!\" \/>\n<meta property=\"og:description\" content=\"Katr\u00edn Jakobsd\u00f3ttir, fors\u00e6tisr\u00e1\u00f0herra, heims\u00f3tti Laugask\u00f3la \u00ed g\u00e6r \u00e1samt a\u00f0sto\u00f0arkonu sinni Berg\u00fe\u00f3ru Benediktsd\u00f3ttur. \u00de\u00e6r voru \u00e1 fer\u00f0alagi um Nor\u00f0urland og n\u00fdttu t\u00e6kif\u00e6ri\u00f0 og litu vi\u00f0 hj\u00e1 okkur. \u00dea\u00f0 var virkilega \u00e1n\u00e6gjulegt a\u00f0 f\u00e1 \u00fe\u00e6r \u00ed heims\u00f3kn og f\u00e1 a\u00f0 kynna fyrir \u00feeim flotta starfi\u00f0 sem fer fram \u00ed Laugask\u00f3la. \u00de\u00e6r sn\u00e6ddu h\u00e1degismat me\u00f0 okkur og spj\u00f6llu\u00f0u vi\u00f0 nemendur og starfsf\u00f3lk.\u00a0\" \/>\n<meta property=\"og:url\" content=\"https:\/\/laugar.is\/?p=2777\" \/>\n<meta property=\"og:site_name\" content=\"FRAMHALDSSK\u00d3LINN \u00c1 LAUGUM\" \/>\n<meta property=\"article:publisher\" content=\"https:\/\/www.facebook.com\/laugaskoli\/\" \/>\n<meta property=\"article:published_time\" content=\"2020-09-08T09:56:07+00:00\" \/>\n<meta property=\"article:modified_time\" content=\"2020-09-08T09:59:26+00:00\" \/>\n<meta property=\"og:image\" content=\"https:\/\/laugar.is\/wp-content\/uploads\/2020\/09\/forsaetisradherra-heimsokn.jpg\" \/>\n\t<meta property=\"og:image:width\" content=\"2048\" \/>\n\t<meta property=\"og:image:height\" content=\"996\" \/>\n\t<meta property=\"og:image:type\" content=\"image\/jpeg\" \/>\n<meta name=\"author\" content=\"Ritari Framhaldssk\u00f3lans \u00e1 Laugum\" \/>\n<meta name=\"twitter:card\" content=\"summary_large_image\" \/>\n<meta name=\"twitter:label1\" content=\"Written by\" \/>\n\t<meta name=\"twitter:data1\" content=\"Ritari Framhaldssk\u00f3lans \u00e1 Laugum\" \/>\n<script type=\"application\/ld+json\" class=\"yoast-schema-graph\">{\"@context\":\"https:\\\/\\\/schema.org\",\"@graph\":[{\"@type\":\"Article\",\"@id\":\"https:\\\/\\\/laugar.is\\\/?p=2777#article\",\"isPartOf\":{\"@id\":\"https:\\\/\\\/laugar.is\\\/?p=2777\"},\"author\":{\"name\":\"Ritari Framhaldssk\u00f3lans \u00e1 Laugum\",\"@id\":\"https:\\\/\\\/laugar.is\\\/#\\\/schema\\\/person\\\/15a9bc03ef120f11cf86889d5ebdfaf5\"},\"headline\":\"Heims\u00f3kn fors\u00e6tisr\u00e1\u00f0herra \u00ed Laugask\u00f3la\",\"datePublished\":\"2020-09-08T09:56:07+00:00\",\"dateModified\":\"2020-09-08T09:59:26+00:00\",\"mainEntityOfPage\":{\"@id\":\"https:\\\/\\\/laugar.is\\\/?p=2777\"},\"wordCount\":97,\"publisher\":{\"@id\":\"https:\\\/\\\/laugar.is\\\/#organization\"},\"articleSection\":[\"Fr\u00e9ttir og tilkynningar\"],\"inLanguage\":\"is\"},{\"@type\":\"WebPage\",\"@id\":\"https:\\\/\\\/laugar.is\\\/?p=2777\",\"url\":\"https:\\\/\\\/laugar.is\\\/?p=2777\",\"name\":\"Heims\u00f3kn fors\u00e6tisr\u00e1\u00f0herra \u00ed Laugask\u00f3la - FRAMHALDSSK\u00d3LINN \u00c1 LAUGUM\",\"isPartOf\":{\"@id\":\"https:\\\/\\\/laugar.is\\\/#website\"},\"datePublished\":\"2020-09-08T09:56:07+00:00\",\"dateModified\":\"2020-09-08T09:59:26+00:00\",\"breadcrumb\":{\"@id\":\"https:\\\/\\\/laugar.is\\\/?p=2777#breadcrumb\"},\"inLanguage\":\"is\",\"potentialAction\":[{\"@type\":\"ReadAction\",\"target\":[\"https:\\\/\\\/laugar.is\\\/?p=2777\"]}]},{\"@type\":\"BreadcrumbList\",\"@id\":\"https:\\\/\\\/laugar.is\\\/?p=2777#breadcrumb\",\"itemListElement\":[{\"@type\":\"ListItem\",\"position\":1,\"name\":\"Home\",\"item\":\"https:\\\/\\\/laugar.is\\\/\"},{\"@type\":\"ListItem\",\"position\":2,\"name\":\"Heims\u00f3kn fors\u00e6tisr\u00e1\u00f0herra \u00ed Laugask\u00f3la\"}]},{\"@type\":\"WebSite\",\"@id\":\"https:\\\/\\\/laugar.is\\\/#website\",\"url\":\"https:\\\/\\\/laugar.is\\\/\",\"name\":\"FRAMHALDSSK\u00d3LINN \u00c1 LAUGUM\",\"description\":\"Metna\u00f0ur - Tr\u00famennska  - Tillitssemi - Gla\u00f0lyndi\",\"publisher\":{\"@id\":\"https:\\\/\\\/laugar.is\\\/#organization\"},\"potentialAction\":[{\"@type\":\"SearchAction\",\"target\":{\"@type\":\"EntryPoint\",\"urlTemplate\":\"https:\\\/\\\/laugar.is\\\/?s={search_term_string}\"},\"query-input\":{\"@type\":\"PropertyValueSpecification\",\"valueRequired\":true,\"valueName\":\"search_term_string\"}}],\"inLanguage\":\"is\"},{\"@type\":\"Organization\",\"@id\":\"https:\\\/\\\/laugar.is\\\/#organization\",\"name\":\"Framhaldssk\u00f3linn \u00e1 Laugum\",\"url\":\"https:\\\/\\\/laugar.is\\\/\",\"logo\":{\"@type\":\"ImageObject\",\"inLanguage\":\"is\",\"@id\":\"https:\\\/\\\/laugar.is\\\/#\\\/schema\\\/logo\\\/image\\\/\",\"url\":\"https:\\\/\\\/laugar.is\\\/wp-content\\\/uploads\\\/2017\\\/01\\\/laugar_merki_antexta-kip.jpg\",\"contentUrl\":\"https:\\\/\\\/laugar.is\\\/wp-content\\\/uploads\\\/2017\\\/01\\\/laugar_merki_antexta-kip.jpg\",\"width\":536,\"height\":551,\"caption\":\"Framhaldssk\u00f3linn \u00e1 Laugum\"},\"image\":{\"@id\":\"https:\\\/\\\/laugar.is\\\/#\\\/schema\\\/logo\\\/image\\\/\"},\"sameAs\":[\"https:\\\/\\\/www.facebook.com\\\/laugaskoli\\\/\"]},{\"@type\":\"Person\",\"@id\":\"https:\\\/\\\/laugar.is\\\/#\\\/schema\\\/person\\\/15a9bc03ef120f11cf86889d5ebdfaf5\",\"name\":\"Ritari Framhaldssk\u00f3lans \u00e1 Laugum\",\"url\":\"https:\\\/\\\/laugar.is\\\/?author=6\"}]}<\/script>\n<!-- \/ Yoast SEO plugin. -->","yoast_head_json":{"title":"Heims\u00f3kn fors\u00e6tisr\u00e1\u00f0herra \u00ed Laugask\u00f3la - FRAMHALDSSK\u00d3LINN \u00c1 LAUGUM","robots":{"index":"index","follow":"follow","max-snippet":"max-snippet:-1","max-image-preview":"max-image-preview:large","max-video-preview":"max-video-preview:-1"},"canonical":"https:\/\/laugar.is\/?p=2777","og_locale":"is_IS","og_type":"article","og_title":"Katr\u00edn Jakobsd\u00f3ttir heims\u00f3tti okkur \u00ed g\u00e6r!","og_description":"Katr\u00edn Jakobsd\u00f3ttir, fors\u00e6tisr\u00e1\u00f0herra, heims\u00f3tti Laugask\u00f3la \u00ed g\u00e6r \u00e1samt a\u00f0sto\u00f0arkonu sinni Berg\u00fe\u00f3ru Benediktsd\u00f3ttur. \u00de\u00e6r voru \u00e1 fer\u00f0alagi um Nor\u00f0urland og n\u00fdttu t\u00e6kif\u00e6ri\u00f0 og litu vi\u00f0 hj\u00e1 okkur. \u00dea\u00f0 var virkilega \u00e1n\u00e6gjulegt a\u00f0 f\u00e1 \u00fe\u00e6r \u00ed heims\u00f3kn og f\u00e1 a\u00f0 kynna fyrir \u00feeim flotta starfi\u00f0 sem fer fram \u00ed Laugask\u00f3la. \u00de\u00e6r sn\u00e6ddu h\u00e1degismat me\u00f0 okkur og spj\u00f6llu\u00f0u vi\u00f0 nemendur og starfsf\u00f3lk.\u00a0","og_url":"https:\/\/laugar.is\/?p=2777","og_site_name":"FRAMHALDSSK\u00d3LINN \u00c1 LAUGUM","article_publisher":"https:\/\/www.facebook.com\/laugaskoli\/","article_published_time":"2020-09-08T09:56:07+00:00","article_modified_time":"2020-09-08T09:59:26+00:00","og_image":[{"width":2048,"height":996,"url":"https:\/\/laugar.is\/wp-content\/uploads\/2020\/09\/forsaetisradherra-heimsokn.jpg","type":"image\/jpeg"}],"author":"Ritari Framhaldssk\u00f3lans \u00e1 Laugum","twitter_card":"summary_large_image","twitter_misc":{"Written by":"Ritari Framhaldssk\u00f3lans \u00e1 Laugum"},"schema":{"@context":"https:\/\/schema.org","@graph":[{"@type":"Article","@id":"https:\/\/laugar.is\/?p=2777#article","isPartOf":{"@id":"https:\/\/laugar.is\/?p=2777"},"author":{"name":"Ritari Framhaldssk\u00f3lans \u00e1 Laugum","@id":"https:\/\/laugar.is\/#\/schema\/person\/15a9bc03ef120f11cf86889d5ebdfaf5"},"headline":"Heims\u00f3kn fors\u00e6tisr\u00e1\u00f0herra \u00ed Laugask\u00f3la","datePublished":"2020-09-08T09:56:07+00:00","dateModified":"2020-09-08T09:59:26+00:00","mainEntityOfPage":{"@id":"https:\/\/laugar.is\/?p=2777"},"wordCount":97,"publisher":{"@id":"https:\/\/laugar.is\/#organization"},"articleSection":["Fr\u00e9ttir og tilkynningar"],"inLanguage":"is"},{"@type":"WebPage","@id":"https:\/\/laugar.is\/?p=2777","url":"https:\/\/laugar.is\/?p=2777","name":"Heims\u00f3kn fors\u00e6tisr\u00e1\u00f0herra \u00ed Laugask\u00f3la - FRAMHALDSSK\u00d3LINN \u00c1 LAUGUM","isPartOf":{"@id":"https:\/\/laugar.is\/#website"},"datePublished":"2020-09-08T09:56:07+00:00","dateModified":"2020-09-08T09:59:26+00:00","breadcrumb":{"@id":"https:\/\/laugar.is\/?p=2777#breadcrumb"},"inLanguage":"is","potentialAction":[{"@type":"ReadAction","target":["https:\/\/laugar.is\/?p=2777"]}]},{"@type":"BreadcrumbList","@id":"https:\/\/laugar.is\/?p=2777#breadcrumb","itemListElement":[{"@type":"ListItem","position":1,"name":"Home","item":"https:\/\/laugar.is\/"},{"@type":"ListItem","position":2,"name":"Heims\u00f3kn fors\u00e6tisr\u00e1\u00f0herra \u00ed Laugask\u00f3la"}]},{"@type":"WebSite","@id":"https:\/\/laugar.is\/#website","url":"https:\/\/laugar.is\/","name":"FRAMHALDSSK\u00d3LINN \u00c1 LAUGUM","description":"Metna\u00f0ur - Tr\u00famennska  - Tillitssemi - Gla\u00f0lyndi","publisher":{"@id":"https:\/\/laugar.is\/#organization"},"potentialAction":[{"@type":"SearchAction","target":{"@type":"EntryPoint","urlTemplate":"https:\/\/laugar.is\/?s={search_term_string}"},"query-input":{"@type":"PropertyValueSpecification","valueRequired":true,"valueName":"search_term_string"}}],"inLanguage":"is"},{"@type":"Organization","@id":"https:\/\/laugar.is\/#organization","name":"Framhaldssk\u00f3linn \u00e1 Laugum","url":"https:\/\/laugar.is\/","logo":{"@type":"ImageObject","inLanguage":"is","@id":"https:\/\/laugar.is\/#\/schema\/logo\/image\/","url":"https:\/\/laugar.is\/wp-content\/uploads\/2017\/01\/laugar_merki_antexta-kip.jpg","contentUrl":"https:\/\/laugar.is\/wp-content\/uploads\/2017\/01\/laugar_merki_antexta-kip.jpg","width":536,"height":551,"caption":"Framhaldssk\u00f3linn \u00e1 Laugum"},"image":{"@id":"https:\/\/laugar.is\/#\/schema\/logo\/image\/"},"sameAs":["https:\/\/www.facebook.com\/laugaskoli\/"]},{"@type":"Person","@id":"https:\/\/laugar.is\/#\/schema\/person\/15a9bc03ef120f11cf86889d5ebdfaf5","name":"Ritari Framhaldssk\u00f3lans \u00e1 Laugum","url":"https:\/\/laugar.is\/?author=6"}]}},"modified_by":null,"_links":{"self":[{"href":"https:\/\/laugar.is\/index.php?rest_route=\/wp\/v2\/posts\/2777","targetHints":{"allow":["GET"]}}],"collection":[{"href":"https:\/\/laugar.is\/index.php?rest_route=\/wp\/v2\/posts"}],"about":[{"href":"https:\/\/laugar.is\/index.php?rest_route=\/wp\/v2\/types\/post"}],"author":[{"embeddable":true,"href":"https:\/\/laugar.is\/index.php?rest_route=\/wp\/v2\/users\/6"}],"replies":[{"embeddable":true,"href":"https:\/\/laugar.is\/index.php?rest_route=%2Fwp%2Fv2%2Fcomments&post=2777"}],"version-history":[{"count":0,"href":"https:\/\/laugar.is\/index.php?rest_route=\/wp\/v2\/posts\/2777\/revisions"}],"wp:attachment":[{"href":"https:\/\/laugar.is\/index.php?rest_route=%2Fwp%2Fv2%2Fmedia&parent=2777"}],"curies":[{"name":"wp","href":"https:\/\/api.w.org\/{rel}","templated":true}]}}