{"id":1807,"date":"2019-03-22T09:16:03","date_gmt":"2019-03-22T09:16:03","guid":{"rendered":"http:\/\/laugar.is\/?p=1807"},"modified":"2019-03-22T09:16:03","modified_gmt":"2019-03-22T09:16:03","slug":"reynslunni-rikari-eftir-veturinn","status":"publish","type":"post","link":"https:\/\/laugar.is\/?p=1807","title":{"rendered":"Reynslunni r\u00edkari eftir veturinn"},"content":{"rendered":"<p>Blakli\u00f0 sk\u00f3lans ger\u00f0i f\u00edna fer\u00f0 \u00ed K\u00f3pavoginn um s\u00ed\u00f0ustu helgi \u00fear sem \u00feeir spilu\u00f0u \u00ed s\u00ed\u00f0asta helgarm\u00f3tinu \u00ed 3. deild \u00cdslandsm\u00f3tsins.&nbsp; \u00dea\u00f0 f\u00f3r svo a\u00f0 li\u00f0i\u00f0 enda\u00f0i veturinn \u00ed 5. s\u00e6ti deildarinnar og eru reynslunni r\u00edkari eftir veturinn og eru kl\u00e1rlega b\u00fanir a\u00f0 setja vi\u00f0mi\u00f0 til a\u00f0 b\u00e6ta sig enn meira fyrir n\u00e6sta vetur. \u00deeir sem spilu\u00f0u \u00ed \u00feessu s\u00ed\u00f0asta m\u00f3ti voru: Haukur, Sigur\u00f0ur, \u00d3liver, \u00c1rni Fjalar, Gu\u00f0mundur G\u00edgjar og Stef\u00e1n Bogi \u00e1samt \u00feeim Bj\u00f6ssa sk\u00f3lameistara og Gumma kennara sem fylltu upp\u00ed h\u00f3pinn fyrir str\u00e1kana.&nbsp;<\/p>\n<p><a href=\"http:\/\/laugar.is\/wp-content\/uploads\/2019\/03\/blak-hnikarr-v2019.jpg\"><img loading=\"lazy\" decoding=\"async\" class=\"alignleft size-full wp-image-1808\" src=\"http:\/\/laugar.is\/wp-content\/uploads\/2019\/03\/blak-hnikarr-v2019.jpg\" alt=\"\" width=\"1710\" height=\"1398\" srcset=\"https:\/\/laugar.is\/wp-content\/uploads\/2019\/03\/blak-hnikarr-v2019.jpg 1710w, https:\/\/laugar.is\/wp-content\/uploads\/2019\/03\/blak-hnikarr-v2019-300x245.jpg 300w, https:\/\/laugar.is\/wp-content\/uploads\/2019\/03\/blak-hnikarr-v2019-768x628.jpg 768w, https:\/\/laugar.is\/wp-content\/uploads\/2019\/03\/blak-hnikarr-v2019-1024x837.jpg 1024w\" sizes=\"auto, (max-width: 1710px) 100vw, 1710px\" \/><\/a><\/p>\n<p>&nbsp;<\/p>\n","protected":false},"excerpt":{"rendered":"<p>Blakli\u00f0 sk\u00f3lans ger\u00f0i f\u00edna fer\u00f0 \u00ed K\u00f3pavoginn um s\u00ed\u00f0ustu helgi \u00fear sem \u00feeir spilu\u00f0u \u00ed s\u00ed\u00f0asta helgarm\u00f3tinu \u00ed 3. deild \u00cdslandsm\u00f3tsins.&nbsp; \u00dea\u00f0 f\u00f3r svo a\u00f0 li\u00f0i\u00f0 enda\u00f0i veturinn \u00ed 5. s\u00e6ti deildarinnar og eru reynslunni r\u00edkari eftir veturinn og eru kl\u00e1rlega b\u00fanir a\u00f0 setja vi\u00f0mi\u00f0 til a\u00f0 b\u00e6ta sig enn meira fyrir n\u00e6sta vetur. \u00deeir sem spilu\u00f0u \u00ed \u00feessu s\u00ed\u00f0asta m\u00f3ti voru: Haukur, Sigur\u00f0ur, \u00d3liver, \u00c1rni Fjalar, Gu\u00f0mundur G\u00edgjar og <a class=\"more-link\" href=\"https:\/\/laugar.is\/?p=1807\">&#8230;Lestu \u00e1fram<\/a><\/p>\n","protected":false},"author":1,"featured_media":0,"comment_status":"closed","ping_status":"closed","sticky":false,"template":"","format":"image","meta":{"_acf_changed":false,"_lmt_disableupdate":"","_lmt_disable":"","ngg_post_thumbnail":0,"footnotes":""},"class_list":["post-1807","post","type-post","status-publish","format-image","hentry","post_format-post-format-image"],"acf":[],"yoast_head":"<!-- This site is optimized with the Yoast SEO plugin v27.5 - https:\/\/yoast.com\/product\/yoast-seo-wordpress\/ -->\n<title>Reynslunni r\u00edkari eftir veturinn - FRAMHALDSSK\u00d3LINN \u00c1 LAUGUM<\/title>\n<meta name=\"robots\" content=\"index, follow, max-snippet:-1, max-image-preview:large, max-video-preview:-1\" \/>\n<link rel=\"canonical\" href=\"https:\/\/laugar.is\/?p=1807\" \/>\n<meta property=\"og:locale\" content=\"is_IS\" \/>\n<meta property=\"og:type\" content=\"article\" \/>\n<meta property=\"og:title\" content=\"Reynslunni r\u00edkari eftir veturinn - FRAMHALDSSK\u00d3LINN \u00c1 LAUGUM\" \/>\n<meta property=\"og:description\" content=\"Blakli\u00f0 sk\u00f3lans ger\u00f0i f\u00edna fer\u00f0 \u00ed K\u00f3pavoginn um s\u00ed\u00f0ustu helgi \u00fear sem \u00feeir spilu\u00f0u \u00ed s\u00ed\u00f0asta helgarm\u00f3tinu \u00ed 3. deild \u00cdslandsm\u00f3tsins.&nbsp; \u00dea\u00f0 f\u00f3r svo a\u00f0 li\u00f0i\u00f0 enda\u00f0i veturinn \u00ed 5. s\u00e6ti deildarinnar og eru reynslunni r\u00edkari eftir veturinn og eru kl\u00e1rlega b\u00fanir a\u00f0 setja vi\u00f0mi\u00f0 til a\u00f0 b\u00e6ta sig enn meira fyrir n\u00e6sta vetur. \u00deeir sem spilu\u00f0u \u00ed \u00feessu s\u00ed\u00f0asta m\u00f3ti voru: Haukur, Sigur\u00f0ur, \u00d3liver, \u00c1rni Fjalar, Gu\u00f0mundur G\u00edgjar og ...Lestu \u00e1fram\" \/>\n<meta property=\"og:url\" content=\"https:\/\/laugar.is\/?p=1807\" \/>\n<meta property=\"og:site_name\" content=\"FRAMHALDSSK\u00d3LINN \u00c1 LAUGUM\" \/>\n<meta property=\"article:publisher\" content=\"https:\/\/www.facebook.com\/laugaskoli\/\" \/>\n<meta property=\"article:published_time\" content=\"2019-03-22T09:16:03+00:00\" \/>\n<meta property=\"og:image\" content=\"http:\/\/laugar.is\/wp-content\/uploads\/2019\/03\/blak-hnikarr-v2019.jpg\" \/>\n<meta name=\"author\" content=\"Kristinn\" \/>\n<meta name=\"twitter:card\" content=\"summary_large_image\" \/>\n<meta name=\"twitter:label1\" content=\"Written by\" \/>\n\t<meta name=\"twitter:data1\" content=\"Kristinn\" \/>\n\t<meta name=\"twitter:label2\" content=\"Est. reading time\" \/>\n\t<meta name=\"twitter:data2\" content=\"1 minute\" \/>\n<script type=\"application\/ld+json\" class=\"yoast-schema-graph\">{\"@context\":\"https:\\\/\\\/schema.org\",\"@graph\":[{\"@type\":\"Article\",\"@id\":\"https:\\\/\\\/laugar.is\\\/?p=1807#article\",\"isPartOf\":{\"@id\":\"https:\\\/\\\/laugar.is\\\/?p=1807\"},\"author\":{\"name\":\"Kristinn\",\"@id\":\"https:\\\/\\\/laugar.is\\\/#\\\/schema\\\/person\\\/24eb2a70a13f829193e2f306bb4b9dcd\"},\"headline\":\"Reynslunni r\u00edkari eftir veturinn\",\"datePublished\":\"2019-03-22T09:16:03+00:00\",\"mainEntityOfPage\":{\"@id\":\"https:\\\/\\\/laugar.is\\\/?p=1807\"},\"wordCount\":116,\"publisher\":{\"@id\":\"https:\\\/\\\/laugar.is\\\/#organization\"},\"image\":{\"@id\":\"https:\\\/\\\/laugar.is\\\/?p=1807#primaryimage\"},\"thumbnailUrl\":\"http:\\\/\\\/laugar.is\\\/wp-content\\\/uploads\\\/2019\\\/03\\\/blak-hnikarr-v2019.jpg\",\"articleSection\":[\"Fr\u00e9ttir og tilkynningar\"],\"inLanguage\":\"is\"},{\"@type\":\"WebPage\",\"@id\":\"https:\\\/\\\/laugar.is\\\/?p=1807\",\"url\":\"https:\\\/\\\/laugar.is\\\/?p=1807\",\"name\":\"Reynslunni r\u00edkari eftir veturinn - FRAMHALDSSK\u00d3LINN \u00c1 LAUGUM\",\"isPartOf\":{\"@id\":\"https:\\\/\\\/laugar.is\\\/#website\"},\"primaryImageOfPage\":{\"@id\":\"https:\\\/\\\/laugar.is\\\/?p=1807#primaryimage\"},\"image\":{\"@id\":\"https:\\\/\\\/laugar.is\\\/?p=1807#primaryimage\"},\"thumbnailUrl\":\"http:\\\/\\\/laugar.is\\\/wp-content\\\/uploads\\\/2019\\\/03\\\/blak-hnikarr-v2019.jpg\",\"datePublished\":\"2019-03-22T09:16:03+00:00\",\"breadcrumb\":{\"@id\":\"https:\\\/\\\/laugar.is\\\/?p=1807#breadcrumb\"},\"inLanguage\":\"is\",\"potentialAction\":[{\"@type\":\"ReadAction\",\"target\":[\"https:\\\/\\\/laugar.is\\\/?p=1807\"]}]},{\"@type\":\"ImageObject\",\"inLanguage\":\"is\",\"@id\":\"https:\\\/\\\/laugar.is\\\/?p=1807#primaryimage\",\"url\":\"http:\\\/\\\/laugar.is\\\/wp-content\\\/uploads\\\/2019\\\/03\\\/blak-hnikarr-v2019.jpg\",\"contentUrl\":\"http:\\\/\\\/laugar.is\\\/wp-content\\\/uploads\\\/2019\\\/03\\\/blak-hnikarr-v2019.jpg\"},{\"@type\":\"BreadcrumbList\",\"@id\":\"https:\\\/\\\/laugar.is\\\/?p=1807#breadcrumb\",\"itemListElement\":[{\"@type\":\"ListItem\",\"position\":1,\"name\":\"Home\",\"item\":\"https:\\\/\\\/laugar.is\\\/\"},{\"@type\":\"ListItem\",\"position\":2,\"name\":\"Reynslunni r\u00edkari eftir veturinn\"}]},{\"@type\":\"WebSite\",\"@id\":\"https:\\\/\\\/laugar.is\\\/#website\",\"url\":\"https:\\\/\\\/laugar.is\\\/\",\"name\":\"FRAMHALDSSK\u00d3LINN \u00c1 LAUGUM\",\"description\":\"Metna\u00f0ur - Tr\u00famennska  - Tillitssemi - Gla\u00f0lyndi\",\"publisher\":{\"@id\":\"https:\\\/\\\/laugar.is\\\/#organization\"},\"potentialAction\":[{\"@type\":\"SearchAction\",\"target\":{\"@type\":\"EntryPoint\",\"urlTemplate\":\"https:\\\/\\\/laugar.is\\\/?s={search_term_string}\"},\"query-input\":{\"@type\":\"PropertyValueSpecification\",\"valueRequired\":true,\"valueName\":\"search_term_string\"}}],\"inLanguage\":\"is\"},{\"@type\":\"Organization\",\"@id\":\"https:\\\/\\\/laugar.is\\\/#organization\",\"name\":\"Framhaldssk\u00f3linn \u00e1 Laugum\",\"url\":\"https:\\\/\\\/laugar.is\\\/\",\"logo\":{\"@type\":\"ImageObject\",\"inLanguage\":\"is\",\"@id\":\"https:\\\/\\\/laugar.is\\\/#\\\/schema\\\/logo\\\/image\\\/\",\"url\":\"https:\\\/\\\/laugar.is\\\/wp-content\\\/uploads\\\/2017\\\/01\\\/laugar_merki_antexta-kip.jpg\",\"contentUrl\":\"https:\\\/\\\/laugar.is\\\/wp-content\\\/uploads\\\/2017\\\/01\\\/laugar_merki_antexta-kip.jpg\",\"width\":536,\"height\":551,\"caption\":\"Framhaldssk\u00f3linn \u00e1 Laugum\"},\"image\":{\"@id\":\"https:\\\/\\\/laugar.is\\\/#\\\/schema\\\/logo\\\/image\\\/\"},\"sameAs\":[\"https:\\\/\\\/www.facebook.com\\\/laugaskoli\\\/\"]},{\"@type\":\"Person\",\"@id\":\"https:\\\/\\\/laugar.is\\\/#\\\/schema\\\/person\\\/24eb2a70a13f829193e2f306bb4b9dcd\",\"name\":\"Kristinn\",\"description\":\"Kerfisstj\u00f3ri Framhaldssk\u00f3lans \u00e1 Laugum\",\"url\":\"https:\\\/\\\/laugar.is\\\/?author=1\"}]}<\/script>\n<!-- \/ Yoast SEO plugin. -->","yoast_head_json":{"title":"Reynslunni r\u00edkari eftir veturinn - FRAMHALDSSK\u00d3LINN \u00c1 LAUGUM","robots":{"index":"index","follow":"follow","max-snippet":"max-snippet:-1","max-image-preview":"max-image-preview:large","max-video-preview":"max-video-preview:-1"},"canonical":"https:\/\/laugar.is\/?p=1807","og_locale":"is_IS","og_type":"article","og_title":"Reynslunni r\u00edkari eftir veturinn - FRAMHALDSSK\u00d3LINN \u00c1 LAUGUM","og_description":"Blakli\u00f0 sk\u00f3lans ger\u00f0i f\u00edna fer\u00f0 \u00ed K\u00f3pavoginn um s\u00ed\u00f0ustu helgi \u00fear sem \u00feeir spilu\u00f0u \u00ed s\u00ed\u00f0asta helgarm\u00f3tinu \u00ed 3. deild \u00cdslandsm\u00f3tsins.&nbsp; \u00dea\u00f0 f\u00f3r svo a\u00f0 li\u00f0i\u00f0 enda\u00f0i veturinn \u00ed 5. s\u00e6ti deildarinnar og eru reynslunni r\u00edkari eftir veturinn og eru kl\u00e1rlega b\u00fanir a\u00f0 setja vi\u00f0mi\u00f0 til a\u00f0 b\u00e6ta sig enn meira fyrir n\u00e6sta vetur. \u00deeir sem spilu\u00f0u \u00ed \u00feessu s\u00ed\u00f0asta m\u00f3ti voru: Haukur, Sigur\u00f0ur, \u00d3liver, \u00c1rni Fjalar, Gu\u00f0mundur G\u00edgjar og ...Lestu \u00e1fram","og_url":"https:\/\/laugar.is\/?p=1807","og_site_name":"FRAMHALDSSK\u00d3LINN \u00c1 LAUGUM","article_publisher":"https:\/\/www.facebook.com\/laugaskoli\/","article_published_time":"2019-03-22T09:16:03+00:00","og_image":[{"url":"http:\/\/laugar.is\/wp-content\/uploads\/2019\/03\/blak-hnikarr-v2019.jpg","type":"","width":"","height":""}],"author":"Kristinn","twitter_card":"summary_large_image","twitter_misc":{"Written by":"Kristinn","Est. reading time":"1 minute"},"schema":{"@context":"https:\/\/schema.org","@graph":[{"@type":"Article","@id":"https:\/\/laugar.is\/?p=1807#article","isPartOf":{"@id":"https:\/\/laugar.is\/?p=1807"},"author":{"name":"Kristinn","@id":"https:\/\/laugar.is\/#\/schema\/person\/24eb2a70a13f829193e2f306bb4b9dcd"},"headline":"Reynslunni r\u00edkari eftir veturinn","datePublished":"2019-03-22T09:16:03+00:00","mainEntityOfPage":{"@id":"https:\/\/laugar.is\/?p=1807"},"wordCount":116,"publisher":{"@id":"https:\/\/laugar.is\/#organization"},"image":{"@id":"https:\/\/laugar.is\/?p=1807#primaryimage"},"thumbnailUrl":"http:\/\/laugar.is\/wp-content\/uploads\/2019\/03\/blak-hnikarr-v2019.jpg","articleSection":["Fr\u00e9ttir og tilkynningar"],"inLanguage":"is"},{"@type":"WebPage","@id":"https:\/\/laugar.is\/?p=1807","url":"https:\/\/laugar.is\/?p=1807","name":"Reynslunni r\u00edkari eftir veturinn - FRAMHALDSSK\u00d3LINN \u00c1 LAUGUM","isPartOf":{"@id":"https:\/\/laugar.is\/#website"},"primaryImageOfPage":{"@id":"https:\/\/laugar.is\/?p=1807#primaryimage"},"image":{"@id":"https:\/\/laugar.is\/?p=1807#primaryimage"},"thumbnailUrl":"http:\/\/laugar.is\/wp-content\/uploads\/2019\/03\/blak-hnikarr-v2019.jpg","datePublished":"2019-03-22T09:16:03+00:00","breadcrumb":{"@id":"https:\/\/laugar.is\/?p=1807#breadcrumb"},"inLanguage":"is","potentialAction":[{"@type":"ReadAction","target":["https:\/\/laugar.is\/?p=1807"]}]},{"@type":"ImageObject","inLanguage":"is","@id":"https:\/\/laugar.is\/?p=1807#primaryimage","url":"http:\/\/laugar.is\/wp-content\/uploads\/2019\/03\/blak-hnikarr-v2019.jpg","contentUrl":"http:\/\/laugar.is\/wp-content\/uploads\/2019\/03\/blak-hnikarr-v2019.jpg"},{"@type":"BreadcrumbList","@id":"https:\/\/laugar.is\/?p=1807#breadcrumb","itemListElement":[{"@type":"ListItem","position":1,"name":"Home","item":"https:\/\/laugar.is\/"},{"@type":"ListItem","position":2,"name":"Reynslunni r\u00edkari eftir veturinn"}]},{"@type":"WebSite","@id":"https:\/\/laugar.is\/#website","url":"https:\/\/laugar.is\/","name":"FRAMHALDSSK\u00d3LINN \u00c1 LAUGUM","description":"Metna\u00f0ur - Tr\u00famennska  - Tillitssemi - Gla\u00f0lyndi","publisher":{"@id":"https:\/\/laugar.is\/#organization"},"potentialAction":[{"@type":"SearchAction","target":{"@type":"EntryPoint","urlTemplate":"https:\/\/laugar.is\/?s={search_term_string}"},"query-input":{"@type":"PropertyValueSpecification","valueRequired":true,"valueName":"search_term_string"}}],"inLanguage":"is"},{"@type":"Organization","@id":"https:\/\/laugar.is\/#organization","name":"Framhaldssk\u00f3linn \u00e1 Laugum","url":"https:\/\/laugar.is\/","logo":{"@type":"ImageObject","inLanguage":"is","@id":"https:\/\/laugar.is\/#\/schema\/logo\/image\/","url":"https:\/\/laugar.is\/wp-content\/uploads\/2017\/01\/laugar_merki_antexta-kip.jpg","contentUrl":"https:\/\/laugar.is\/wp-content\/uploads\/2017\/01\/laugar_merki_antexta-kip.jpg","width":536,"height":551,"caption":"Framhaldssk\u00f3linn \u00e1 Laugum"},"image":{"@id":"https:\/\/laugar.is\/#\/schema\/logo\/image\/"},"sameAs":["https:\/\/www.facebook.com\/laugaskoli\/"]},{"@type":"Person","@id":"https:\/\/laugar.is\/#\/schema\/person\/24eb2a70a13f829193e2f306bb4b9dcd","name":"Kristinn","description":"Kerfisstj\u00f3ri Framhaldssk\u00f3lans \u00e1 Laugum","url":"https:\/\/laugar.is\/?author=1"}]}},"modified_by":"Kristinn","_links":{"self":[{"href":"https:\/\/laugar.is\/index.php?rest_route=\/wp\/v2\/posts\/1807","targetHints":{"allow":["GET"]}}],"collection":[{"href":"https:\/\/laugar.is\/index.php?rest_route=\/wp\/v2\/posts"}],"about":[{"href":"https:\/\/laugar.is\/index.php?rest_route=\/wp\/v2\/types\/post"}],"author":[{"embeddable":true,"href":"https:\/\/laugar.is\/index.php?rest_route=\/wp\/v2\/users\/1"}],"replies":[{"embeddable":true,"href":"https:\/\/laugar.is\/index.php?rest_route=%2Fwp%2Fv2%2Fcomments&post=1807"}],"version-history":[{"count":0,"href":"https:\/\/laugar.is\/index.php?rest_route=\/wp\/v2\/posts\/1807\/revisions"}],"wp:attachment":[{"href":"https:\/\/laugar.is\/index.php?rest_route=%2Fwp%2Fv2%2Fmedia&parent=1807"}],"curies":[{"name":"wp","href":"https:\/\/api.w.org\/{rel}","templated":true}]}}