{"id":12406,"date":"2026-09-03T12:44:11","date_gmt":"2026-09-03T12:44:11","guid":{"rendered":"https:\/\/laugar.is\/?p=12406"},"modified":"2026-09-03T12:44:13","modified_gmt":"2026-09-03T12:44:13","slug":"fyrstu-dagarnir","status":"publish","type":"post","link":"https:\/\/laugar.is\/?p=12406","title":{"rendered":"Fyrstu dagarnir"},"content":{"rendered":"\n<p data-id=\"d5490a59-e7ee-423e-a31f-353099ccc4fd\" data-pm-slice=\"1 1 []\">\u00dea\u00f0 hefur veri\u00f0 n\u00f3g um a\u00f0 vera fyrstu sk\u00f3ladagana.<\/p>\n<p data-id=\"ea001c81-2f8a-4fbf-a3e2-5fdd21a202b9\">Vikan f\u00f3r vel af sta\u00f0 \u00e1 m\u00e1nudag og \u00feri\u00f0judag \u00fear sem sk\u00f3lafundur, n\u00e1mskynningar og kynning \u00e1 a\u00f0st\u00f6\u00f0unni voru \u00ed brennidepli. Vi\u00f0 l\u00e9tum \u00fe\u00f3 ekki \u00fear vi\u00f0 sitja heldur n\u00fdttum l\u00edka t\u00edmann \u00ed skemmtilega leiki utandyra til \u00feess a\u00f0 hrista h\u00f3pinn saman.&nbsp;<\/p>\n<p data-id=\"4001396e-9e47-41e5-a5d4-98da300cc72f\">\u00c1 mi\u00f0vikudaginn var svo komi\u00f0 a\u00f0 hinni \u00e1rlegu og vins\u00e6lu sk\u00f3lafer\u00f0. Nemendur smur\u00f0u s\u00e9r nesti \u00ed b\u00edti\u00f0 og h\u00e9ldu af sta\u00f0 \u00ed mikla upplifunarfer\u00f0. Vi\u00f0 sko\u00f0u\u00f0um Go\u00f0afoss \u00ed \u00f6llu s\u00ednu veldi, f\u00f3rum \u00ed fj\u00f6rugan ratleik \u00e1 Greniv\u00edk og endu\u00f0um daginn \u00e1 Akureyri. Eftir d\u00fdrindis kv\u00f6ldmat \u00e1 Vitanum h\u00e9lt \u00fereyttur en einstaklega gla\u00f0ur h\u00f3pur heim \u00e1 lei\u00f0.<\/p>\n<p data-id=\"818ba92c-6190-450d-a8ad-91e45c09c97f\">Veturinn leggst gr\u00ed\u00f0arlega vel \u00ed okkur \u00ed Framhaldssk\u00f3lanum \u00e1 Laugum.<\/p>\n\n\n\n<p><img loading=\"lazy\" decoding=\"async\" class=\"alignnone size-full wp-image-12408\" src=\"https:\/\/laugar.is\/wp-content\/uploads\/2026\/09\/Beige-White-Food-Culinary-Promotion-Facebook-Post.jpg\" alt=\"\" width=\"940\" height=\"788\" srcset=\"https:\/\/laugar.is\/wp-content\/uploads\/2026\/09\/Beige-White-Food-Culinary-Promotion-Facebook-Post.jpg 940w, https:\/\/laugar.is\/wp-content\/uploads\/2026\/09\/Beige-White-Food-Culinary-Promotion-Facebook-Post-300x251.jpg 300w, https:\/\/laugar.is\/wp-content\/uploads\/2026\/09\/Beige-White-Food-Culinary-Promotion-Facebook-Post-768x644.jpg 768w\" sizes=\"auto, (max-width: 940px) 100vw, 940px\" \/><\/p>\n","protected":false},"excerpt":{"rendered":"<p>\u00dea\u00f0 hefur veri\u00f0 n\u00f3g um a\u00f0 vera fyrstu sk\u00f3ladagana. Vikan f\u00f3r vel af sta\u00f0 \u00e1 m\u00e1nudag og \u00feri\u00f0judag \u00fear sem sk\u00f3lafundur, n\u00e1mskynningar og kynning \u00e1 a\u00f0st\u00f6\u00f0unni voru \u00ed brennidepli. Vi\u00f0 l\u00e9tum \u00fe\u00f3 ekki \u00fear vi\u00f0 sitja heldur n\u00fdttum l\u00edka t\u00edmann \u00ed skemmtilega leiki utandyra til \u00feess a\u00f0 hrista h\u00f3pinn saman.&nbsp; \u00c1 mi\u00f0vikudaginn var svo komi\u00f0 a\u00f0 hinni \u00e1rlegu og vins\u00e6lu sk\u00f3lafer\u00f0. Nemendur smur\u00f0u s\u00e9r nesti \u00ed b\u00edti\u00f0 og h\u00e9ldu af <a class=\"more-link\" href=\"https:\/\/laugar.is\/?p=12406\">&#8230;Lestu \u00e1fram<\/a><\/p>\n","protected":false},"author":6,"featured_media":12410,"comment_status":"closed","ping_status":"closed","sticky":false,"template":"","format":"standard","meta":{"_acf_changed":false,"_lmt_disableupdate":"","_lmt_disable":"","ngg_post_thumbnail":0,"footnotes":""},"class_list":["post-12406","post","type-post","status-publish","format-standard","has-post-thumbnail","hentry"],"acf":[],"yoast_head":"<!-- This site is optimized with the Yoast SEO plugin v28.4 - https:\/\/yoast.com\/product\/yoast-seo-wordpress\/ -->\n<title>Fyrstu dagarnir - FRAMHALDSSK\u00d3LINN \u00c1 LAUGUM<\/title>\n<meta name=\"robots\" content=\"index, follow, max-snippet:-1, max-image-preview:large, max-video-preview:-1\" \/>\n<link rel=\"canonical\" href=\"https:\/\/laugar.is\/?p=12406\" \/>\n<meta property=\"og:locale\" content=\"is_IS\" \/>\n<meta property=\"og:type\" content=\"article\" \/>\n<meta property=\"og:title\" content=\"Fyrstu dagarnir - FRAMHALDSSK\u00d3LINN \u00c1 LAUGUM\" \/>\n<meta property=\"og:description\" content=\"\u00dea\u00f0 hefur veri\u00f0 n\u00f3g um a\u00f0 vera fyrstu sk\u00f3ladagana. Vikan f\u00f3r vel af sta\u00f0 \u00e1 m\u00e1nudag og \u00feri\u00f0judag \u00fear sem sk\u00f3lafundur, n\u00e1mskynningar og kynning \u00e1 a\u00f0st\u00f6\u00f0unni voru \u00ed brennidepli. Vi\u00f0 l\u00e9tum \u00fe\u00f3 ekki \u00fear vi\u00f0 sitja heldur n\u00fdttum l\u00edka t\u00edmann \u00ed skemmtilega leiki utandyra til \u00feess a\u00f0 hrista h\u00f3pinn saman.&nbsp; \u00c1 mi\u00f0vikudaginn var svo komi\u00f0 a\u00f0 hinni \u00e1rlegu og vins\u00e6lu sk\u00f3lafer\u00f0. Nemendur smur\u00f0u s\u00e9r nesti \u00ed b\u00edti\u00f0 og h\u00e9ldu af ...Lestu \u00e1fram\" \/>\n<meta property=\"og:url\" content=\"https:\/\/laugar.is\/?p=12406\" \/>\n<meta property=\"og:site_name\" content=\"FRAMHALDSSK\u00d3LINN \u00c1 LAUGUM\" \/>\n<meta property=\"article:publisher\" content=\"https:\/\/www.facebook.com\/laugaskoli\/\" \/>\n<meta property=\"article:published_time\" content=\"2026-09-03T12:44:11+00:00\" \/>\n<meta property=\"article:modified_time\" content=\"2026-09-03T12:44:13+00:00\" \/>\n<meta property=\"og:image\" content=\"https:\/\/laugar.is\/wp-content\/uploads\/2026\/09\/Midill-3.jpg\" \/>\n\t<meta property=\"og:image:width\" content=\"1919\" \/>\n\t<meta property=\"og:image:height\" content=\"1081\" \/>\n\t<meta property=\"og:image:type\" content=\"image\/jpeg\" \/>\n<meta name=\"author\" content=\"Ritari Framhaldssk\u00f3lans \u00e1 Laugum\" \/>\n<meta name=\"twitter:card\" content=\"summary_large_image\" \/>\n<meta name=\"twitter:label1\" content=\"Written by\" \/>\n\t<meta name=\"twitter:data1\" content=\"Ritari Framhaldssk\u00f3lans \u00e1 Laugum\" \/>\n\t<meta name=\"twitter:label2\" content=\"Est. reading time\" \/>\n\t<meta name=\"twitter:data2\" content=\"2 minutes\" \/>\n<script type=\"application\/ld+json\" class=\"yoast-schema-graph\">{\"@context\":\"https:\\\/\\\/schema.org\",\"@graph\":[{\"@type\":\"Article\",\"@id\":\"https:\\\/\\\/laugar.is\\\/?p=12406#article\",\"isPartOf\":{\"@id\":\"https:\\\/\\\/laugar.is\\\/?p=12406\"},\"author\":{\"name\":\"Ritari Framhaldssk\u00f3lans \u00e1 Laugum\",\"@id\":\"https:\\\/\\\/laugar.is\\\/#\\\/schema\\\/person\\\/15a9bc03ef120f11cf86889d5ebdfaf5\"},\"headline\":\"Fyrstu dagarnir\",\"datePublished\":\"2026-09-03T12:44:11+00:00\",\"dateModified\":\"2026-09-03T12:44:13+00:00\",\"mainEntityOfPage\":{\"@id\":\"https:\\\/\\\/laugar.is\\\/?p=12406\"},\"wordCount\":138,\"publisher\":{\"@id\":\"https:\\\/\\\/laugar.is\\\/#organization\"},\"image\":{\"@id\":\"https:\\\/\\\/laugar.is\\\/?p=12406#primaryimage\"},\"thumbnailUrl\":\"https:\\\/\\\/laugar.is\\\/wp-content\\\/uploads\\\/2026\\\/09\\\/Midill-3.jpg\",\"inLanguage\":\"is\"},{\"@type\":\"WebPage\",\"@id\":\"https:\\\/\\\/laugar.is\\\/?p=12406\",\"url\":\"https:\\\/\\\/laugar.is\\\/?p=12406\",\"name\":\"Fyrstu dagarnir - FRAMHALDSSK\u00d3LINN \u00c1 LAUGUM\",\"isPartOf\":{\"@id\":\"https:\\\/\\\/laugar.is\\\/#website\"},\"primaryImageOfPage\":{\"@id\":\"https:\\\/\\\/laugar.is\\\/?p=12406#primaryimage\"},\"image\":{\"@id\":\"https:\\\/\\\/laugar.is\\\/?p=12406#primaryimage\"},\"thumbnailUrl\":\"https:\\\/\\\/laugar.is\\\/wp-content\\\/uploads\\\/2026\\\/09\\\/Midill-3.jpg\",\"datePublished\":\"2026-09-03T12:44:11+00:00\",\"dateModified\":\"2026-09-03T12:44:13+00:00\",\"breadcrumb\":{\"@id\":\"https:\\\/\\\/laugar.is\\\/?p=12406#breadcrumb\"},\"inLanguage\":\"is\",\"potentialAction\":[{\"@type\":\"ReadAction\",\"target\":[\"https:\\\/\\\/laugar.is\\\/?p=12406\"]}]},{\"@type\":\"ImageObject\",\"inLanguage\":\"is\",\"@id\":\"https:\\\/\\\/laugar.is\\\/?p=12406#primaryimage\",\"url\":\"https:\\\/\\\/laugar.is\\\/wp-content\\\/uploads\\\/2026\\\/09\\\/Midill-3.jpg\",\"contentUrl\":\"https:\\\/\\\/laugar.is\\\/wp-content\\\/uploads\\\/2026\\\/09\\\/Midill-3.jpg\",\"width\":1919,\"height\":1081},{\"@type\":\"BreadcrumbList\",\"@id\":\"https:\\\/\\\/laugar.is\\\/?p=12406#breadcrumb\",\"itemListElement\":[{\"@type\":\"ListItem\",\"position\":1,\"name\":\"Home\",\"item\":\"https:\\\/\\\/laugar.is\\\/\"},{\"@type\":\"ListItem\",\"position\":2,\"name\":\"Fyrstu dagarnir\"}]},{\"@type\":\"WebSite\",\"@id\":\"https:\\\/\\\/laugar.is\\\/#website\",\"url\":\"https:\\\/\\\/laugar.is\\\/\",\"name\":\"FRAMHALDSSK\u00d3LINN \u00c1 LAUGUM\",\"description\":\"Metna\u00f0ur - Tr\u00famennska  - Tillitssemi - Gla\u00f0lyndi\",\"publisher\":{\"@id\":\"https:\\\/\\\/laugar.is\\\/#organization\"},\"potentialAction\":[{\"@type\":\"SearchAction\",\"target\":{\"@type\":\"EntryPoint\",\"urlTemplate\":\"https:\\\/\\\/laugar.is\\\/?s={search_term_string}\"},\"query-input\":{\"@type\":\"PropertyValueSpecification\",\"valueRequired\":true,\"valueName\":\"search_term_string\"}}],\"inLanguage\":\"is\"},{\"@type\":\"Organization\",\"@id\":\"https:\\\/\\\/laugar.is\\\/#organization\",\"name\":\"Framhaldssk\u00f3linn \u00e1 Laugum\",\"url\":\"https:\\\/\\\/laugar.is\\\/\",\"logo\":{\"@type\":\"ImageObject\",\"inLanguage\":\"is\",\"@id\":\"https:\\\/\\\/laugar.is\\\/#\\\/schema\\\/logo\\\/image\\\/\",\"url\":\"https:\\\/\\\/laugar.is\\\/wp-content\\\/uploads\\\/2017\\\/01\\\/laugar_merki_antexta-kip.jpg\",\"contentUrl\":\"https:\\\/\\\/laugar.is\\\/wp-content\\\/uploads\\\/2017\\\/01\\\/laugar_merki_antexta-kip.jpg\",\"width\":536,\"height\":551,\"caption\":\"Framhaldssk\u00f3linn \u00e1 Laugum\"},\"image\":{\"@id\":\"https:\\\/\\\/laugar.is\\\/#\\\/schema\\\/logo\\\/image\\\/\"},\"sameAs\":[\"https:\\\/\\\/www.facebook.com\\\/laugaskoli\\\/\"]},{\"@type\":\"Person\",\"@id\":\"https:\\\/\\\/laugar.is\\\/#\\\/schema\\\/person\\\/15a9bc03ef120f11cf86889d5ebdfaf5\",\"name\":\"Ritari Framhaldssk\u00f3lans \u00e1 Laugum\",\"url\":\"https:\\\/\\\/laugar.is\\\/?author=6\"}]}<\/script>\n<!-- \/ Yoast SEO plugin. -->","yoast_head_json":{"title":"Fyrstu dagarnir - FRAMHALDSSK\u00d3LINN \u00c1 LAUGUM","robots":{"index":"index","follow":"follow","max-snippet":"max-snippet:-1","max-image-preview":"max-image-preview:large","max-video-preview":"max-video-preview:-1"},"canonical":"https:\/\/laugar.is\/?p=12406","og_locale":"is_IS","og_type":"article","og_title":"Fyrstu dagarnir - FRAMHALDSSK\u00d3LINN \u00c1 LAUGUM","og_description":"\u00dea\u00f0 hefur veri\u00f0 n\u00f3g um a\u00f0 vera fyrstu sk\u00f3ladagana. Vikan f\u00f3r vel af sta\u00f0 \u00e1 m\u00e1nudag og \u00feri\u00f0judag \u00fear sem sk\u00f3lafundur, n\u00e1mskynningar og kynning \u00e1 a\u00f0st\u00f6\u00f0unni voru \u00ed brennidepli. Vi\u00f0 l\u00e9tum \u00fe\u00f3 ekki \u00fear vi\u00f0 sitja heldur n\u00fdttum l\u00edka t\u00edmann \u00ed skemmtilega leiki utandyra til \u00feess a\u00f0 hrista h\u00f3pinn saman.&nbsp; \u00c1 mi\u00f0vikudaginn var svo komi\u00f0 a\u00f0 hinni \u00e1rlegu og vins\u00e6lu sk\u00f3lafer\u00f0. Nemendur smur\u00f0u s\u00e9r nesti \u00ed b\u00edti\u00f0 og h\u00e9ldu af ...Lestu \u00e1fram","og_url":"https:\/\/laugar.is\/?p=12406","og_site_name":"FRAMHALDSSK\u00d3LINN \u00c1 LAUGUM","article_publisher":"https:\/\/www.facebook.com\/laugaskoli\/","article_published_time":"2026-09-03T12:44:11+00:00","article_modified_time":"2026-09-03T12:44:13+00:00","og_image":[{"width":1919,"height":1081,"url":"https:\/\/laugar.is\/wp-content\/uploads\/2026\/09\/Midill-3.jpg","type":"image\/jpeg"}],"author":"Ritari Framhaldssk\u00f3lans \u00e1 Laugum","twitter_card":"summary_large_image","twitter_misc":{"Written by":"Ritari Framhaldssk\u00f3lans \u00e1 Laugum","Est. reading time":"2 minutes"},"schema":{"@context":"https:\/\/schema.org","@graph":[{"@type":"Article","@id":"https:\/\/laugar.is\/?p=12406#article","isPartOf":{"@id":"https:\/\/laugar.is\/?p=12406"},"author":{"name":"Ritari Framhaldssk\u00f3lans \u00e1 Laugum","@id":"https:\/\/laugar.is\/#\/schema\/person\/15a9bc03ef120f11cf86889d5ebdfaf5"},"headline":"Fyrstu dagarnir","datePublished":"2026-09-03T12:44:11+00:00","dateModified":"2026-09-03T12:44:13+00:00","mainEntityOfPage":{"@id":"https:\/\/laugar.is\/?p=12406"},"wordCount":138,"publisher":{"@id":"https:\/\/laugar.is\/#organization"},"image":{"@id":"https:\/\/laugar.is\/?p=12406#primaryimage"},"thumbnailUrl":"https:\/\/laugar.is\/wp-content\/uploads\/2026\/09\/Midill-3.jpg","inLanguage":"is"},{"@type":"WebPage","@id":"https:\/\/laugar.is\/?p=12406","url":"https:\/\/laugar.is\/?p=12406","name":"Fyrstu dagarnir - FRAMHALDSSK\u00d3LINN \u00c1 LAUGUM","isPartOf":{"@id":"https:\/\/laugar.is\/#website"},"primaryImageOfPage":{"@id":"https:\/\/laugar.is\/?p=12406#primaryimage"},"image":{"@id":"https:\/\/laugar.is\/?p=12406#primaryimage"},"thumbnailUrl":"https:\/\/laugar.is\/wp-content\/uploads\/2026\/09\/Midill-3.jpg","datePublished":"2026-09-03T12:44:11+00:00","dateModified":"2026-09-03T12:44:13+00:00","breadcrumb":{"@id":"https:\/\/laugar.is\/?p=12406#breadcrumb"},"inLanguage":"is","potentialAction":[{"@type":"ReadAction","target":["https:\/\/laugar.is\/?p=12406"]}]},{"@type":"ImageObject","inLanguage":"is","@id":"https:\/\/laugar.is\/?p=12406#primaryimage","url":"https:\/\/laugar.is\/wp-content\/uploads\/2026\/09\/Midill-3.jpg","contentUrl":"https:\/\/laugar.is\/wp-content\/uploads\/2026\/09\/Midill-3.jpg","width":1919,"height":1081},{"@type":"BreadcrumbList","@id":"https:\/\/laugar.is\/?p=12406#breadcrumb","itemListElement":[{"@type":"ListItem","position":1,"name":"Home","item":"https:\/\/laugar.is\/"},{"@type":"ListItem","position":2,"name":"Fyrstu dagarnir"}]},{"@type":"WebSite","@id":"https:\/\/laugar.is\/#website","url":"https:\/\/laugar.is\/","name":"FRAMHALDSSK\u00d3LINN \u00c1 LAUGUM","description":"Metna\u00f0ur - Tr\u00famennska  - Tillitssemi - Gla\u00f0lyndi","publisher":{"@id":"https:\/\/laugar.is\/#organization"},"potentialAction":[{"@type":"SearchAction","target":{"@type":"EntryPoint","urlTemplate":"https:\/\/laugar.is\/?s={search_term_string}"},"query-input":{"@type":"PropertyValueSpecification","valueRequired":true,"valueName":"search_term_string"}}],"inLanguage":"is"},{"@type":"Organization","@id":"https:\/\/laugar.is\/#organization","name":"Framhaldssk\u00f3linn \u00e1 Laugum","url":"https:\/\/laugar.is\/","logo":{"@type":"ImageObject","inLanguage":"is","@id":"https:\/\/laugar.is\/#\/schema\/logo\/image\/","url":"https:\/\/laugar.is\/wp-content\/uploads\/2017\/01\/laugar_merki_antexta-kip.jpg","contentUrl":"https:\/\/laugar.is\/wp-content\/uploads\/2017\/01\/laugar_merki_antexta-kip.jpg","width":536,"height":551,"caption":"Framhaldssk\u00f3linn \u00e1 Laugum"},"image":{"@id":"https:\/\/laugar.is\/#\/schema\/logo\/image\/"},"sameAs":["https:\/\/www.facebook.com\/laugaskoli\/"]},{"@type":"Person","@id":"https:\/\/laugar.is\/#\/schema\/person\/15a9bc03ef120f11cf86889d5ebdfaf5","name":"Ritari Framhaldssk\u00f3lans \u00e1 Laugum","url":"https:\/\/laugar.is\/?author=6"}]}},"modified_by":"Ritari Framhaldssk\u00f3lans \u00e1 Laugum","_links":{"self":[{"href":"https:\/\/laugar.is\/index.php?rest_route=\/wp\/v2\/posts\/12406","targetHints":{"allow":["GET"]}}],"collection":[{"href":"https:\/\/laugar.is\/index.php?rest_route=\/wp\/v2\/posts"}],"about":[{"href":"https:\/\/laugar.is\/index.php?rest_route=\/wp\/v2\/types\/post"}],"author":[{"embeddable":true,"href":"https:\/\/laugar.is\/index.php?rest_route=\/wp\/v2\/users\/6"}],"replies":[{"embeddable":true,"href":"https:\/\/laugar.is\/index.php?rest_route=%2Fwp%2Fv2%2Fcomments&post=12406"}],"version-history":[{"count":2,"href":"https:\/\/laugar.is\/index.php?rest_route=\/wp\/v2\/posts\/12406\/revisions"}],"predecessor-version":[{"id":12409,"href":"https:\/\/laugar.is\/index.php?rest_route=\/wp\/v2\/posts\/12406\/revisions\/12409"}],"wp:featuredmedia":[{"embeddable":true,"href":"https:\/\/laugar.is\/index.php?rest_route=\/wp\/v2\/media\/12410"}],"wp:attachment":[{"href":"https:\/\/laugar.is\/index.php?rest_route=%2Fwp%2Fv2%2Fmedia&parent=12406"}],"curies":[{"name":"wp","href":"https:\/\/api.w.org\/{rel}","templated":true}]}}