{"id":11390,"date":"2026-04-30T09:31:25","date_gmt":"2026-04-30T09:31:25","guid":{"rendered":"https:\/\/laugar.is\/?p=11390"},"modified":"2026-04-30T09:31:26","modified_gmt":"2026-04-30T09:31:26","slug":"hannadi-kassa-utan-um-flateyjarbok","status":"publish","type":"post","link":"https:\/\/laugar.is\/?p=11390","title":{"rendered":"Hanna\u00f0i kassa utan um Flateyjarb\u00f3k"},"content":{"rendered":"\n<p><strong>Verkefni\u00f0 hans var a\u00f0 hanna og sm\u00ed\u00f0a sk\u00e1p<\/strong><\/p>\n<p>Emil Vilbergsson var nemandi \u00ed S\u00f6gu Laugask\u00f3la veturinn 2024 \u2013 2025. Umfangsmesta verkefni hans var a\u00f0 hanna og sm\u00ed\u00f0a sk\u00e1p utan um Flateyjarb\u00f3k, sem er rithandarprents\u00fatg\u00e1fa me\u00f0 \u00edslenskum form\u00e1la, sem Danakonungur f\u00e6r\u00f0i Laugask\u00f3la \u00e1ri\u00f0 1936.<\/p>\n<p><img loading=\"lazy\" decoding=\"async\" class=\"alignnone size-large wp-image-11433\" src=\"https:\/\/laugar.is\/wp-content\/uploads\/2026\/04\/image-copy-1-922x1024.jpg\" alt=\"\" width=\"800\" height=\"889\" srcset=\"https:\/\/laugar.is\/wp-content\/uploads\/2026\/04\/image-copy-1-922x1024.jpg 922w, https:\/\/laugar.is\/wp-content\/uploads\/2026\/04\/image-copy-1-270x300.jpg 270w, https:\/\/laugar.is\/wp-content\/uploads\/2026\/04\/image-copy-1-768x853.jpg 768w, https:\/\/laugar.is\/wp-content\/uploads\/2026\/04\/image-copy-1-1383x1536.jpg 1383w, https:\/\/laugar.is\/wp-content\/uploads\/2026\/04\/image-copy-1-1844x2048.jpg 1844w\" sizes=\"auto, (max-width: 800px) 100vw, 800px\" \/><\/p>\n<p><strong>Verki\u00f0 t\u00f3k t\u00f6luver\u00f0an t\u00edma&nbsp;<\/strong><\/p>\n<p>\u00dea\u00f0 var \u00fev\u00ed ver\u00f0ugt og spennandi verkefni, \u00e1 100 \u00e1ra afm\u00e6li sk\u00f3lans, a\u00f0 koma \u00feessum d\u00fdrgrip \u00ed veglegan sk\u00e1p. Verki\u00f0 t\u00f3k t\u00f6luver\u00f0an t\u00edma \u00fear sem h\u00f6nnun \u00feurfti a\u00f0 vera g\u00f3\u00f0 vegna \u00feyngdar b\u00f3karinnar og hvernig best f\u00e6ri um hana.<\/p>\n<p><img loading=\"lazy\" decoding=\"async\" class=\"alignnone size-full wp-image-11436\" src=\"https:\/\/laugar.is\/wp-content\/uploads\/2026\/04\/afmaeli.safn_.12-copy.jpg\" alt=\"\" width=\"911\" height=\"557\" srcset=\"https:\/\/laugar.is\/wp-content\/uploads\/2026\/04\/afmaeli.safn_.12-copy.jpg 911w, https:\/\/laugar.is\/wp-content\/uploads\/2026\/04\/afmaeli.safn_.12-copy-300x183.jpg 300w, https:\/\/laugar.is\/wp-content\/uploads\/2026\/04\/afmaeli.safn_.12-copy-768x470.jpg 768w\" sizes=\"auto, (max-width: 911px) 100vw, 911px\" \/><\/p>\n<p><strong>Samvinna \u00ed h\u00f6nnun og sm\u00ed\u00f0i<\/strong><\/p>\n<p>Um h\u00f6nnun s\u00e1 Emil og um sm\u00ed\u00f0ina s\u00e1 Kristj\u00e1n Sn\u00e6bj\u00f6rnsson, Laugabrekku. \u00dea\u00f0 fer vel um b\u00f3kina \u00ed vanda\u00f0a sk\u00e1pnum og vi\u00f0 erum \u00feakkl\u00e1t fyrir \u00e1huga og vinnusemi Emils og Kristj\u00e1ns a\u00f0 \u00feessu verki.&nbsp;<\/p>\n\n\n\n<p><img loading=\"lazy\" decoding=\"async\" class=\"alignnone size-large wp-image-11431\" src=\"https:\/\/laugar.is\/wp-content\/uploads\/2026\/04\/Emil.merki_-1024x977.jpg\" alt=\"\" width=\"800\" height=\"763\" srcset=\"https:\/\/laugar.is\/wp-content\/uploads\/2026\/04\/Emil.merki_-1024x977.jpg 1024w, https:\/\/laugar.is\/wp-content\/uploads\/2026\/04\/Emil.merki_-300x286.jpg 300w, https:\/\/laugar.is\/wp-content\/uploads\/2026\/04\/Emil.merki_-768x733.jpg 768w, https:\/\/laugar.is\/wp-content\/uploads\/2026\/04\/Emil.merki_.jpg 1040w\" sizes=\"auto, (max-width: 800px) 100vw, 800px\" \/><\/p>\n\n\n\n<p><strong>Emil \u00fatskrifast \u00far sk\u00f3lanum 16. ma\u00ed n\u00e6stkomandi&nbsp;<\/strong><\/p>\n<p>Emil Vilbergsson er uppalinn \u00e1 Fl\u00fa\u00f0um \u00ed Hrunamannahreppi. Honum datt \u00ed hug a\u00f0 pr\u00f3fa a\u00f0 stunda n\u00e1m eina \u00f6nn vi\u00f0 sk\u00f3lann eftir a\u00f0 vinaf\u00f3lk m\u00f3\u00f0ur hans m\u00e6lti me\u00f0 sk\u00f3lanum. \u00d6nnin var\u00f0 s\u00ed\u00f0an a\u00f0 \u00feremur \u00e1rum og er Emil a\u00f0 \u00fatskrifast \u00far sk\u00f3lanum 16. ma\u00ed n\u00e6stkomandi. Kassinn ver\u00f0ur h\u00e9r \u00e1fram um \u00f3komna t\u00ed\u00f0 og lykillinn a\u00f0 sk\u00e1pnum ver\u00f0ur merktur sem Emils kassi.&nbsp;<\/p>\n<p><img loading=\"lazy\" decoding=\"async\" class=\"alignnone size-large wp-image-11439\" src=\"https:\/\/laugar.is\/wp-content\/uploads\/2026\/04\/20260430_085645-copy-1024x777.jpg\" alt=\"\" width=\"800\" height=\"607\" srcset=\"https:\/\/laugar.is\/wp-content\/uploads\/2026\/04\/20260430_085645-copy-1024x777.jpg 1024w, https:\/\/laugar.is\/wp-content\/uploads\/2026\/04\/20260430_085645-copy-300x228.jpg 300w, https:\/\/laugar.is\/wp-content\/uploads\/2026\/04\/20260430_085645-copy-768x583.jpg 768w, https:\/\/laugar.is\/wp-content\/uploads\/2026\/04\/20260430_085645-copy-1536x1165.jpg 1536w, https:\/\/laugar.is\/wp-content\/uploads\/2026\/04\/20260430_085645-copy-2048x1554.jpg 2048w\" sizes=\"auto, (max-width: 800px) 100vw, 800px\" \/><\/p>\n\n\n\n\n\n<p>&nbsp;<\/p>\n<p>Fr\u00e9ttaskrif: S\u00f3lborg Matth\u00edasd\u00f3ttir&nbsp;<\/p>\n<p>&nbsp;<\/p>\n","protected":false},"excerpt":{"rendered":"<p>Verkefni\u00f0 hans var a\u00f0 hanna og sm\u00ed\u00f0a sk\u00e1p Emil Vilbergsson var nemandi \u00ed S\u00f6gu Laugask\u00f3la veturinn 2024 \u2013 2025. Umfangsmesta verkefni hans var a\u00f0 hanna og sm\u00ed\u00f0a sk\u00e1p utan um Flateyjarb\u00f3k, sem er rithandarprents\u00fatg\u00e1fa me\u00f0 \u00edslenskum form\u00e1la, sem Danakonungur f\u00e6r\u00f0i Laugask\u00f3la \u00e1ri\u00f0 1936. Verki\u00f0 t\u00f3k t\u00f6luver\u00f0an t\u00edma&nbsp; \u00dea\u00f0 var \u00fev\u00ed ver\u00f0ugt og spennandi verkefni, \u00e1 100 \u00e1ra afm\u00e6li sk\u00f3lans, a\u00f0 koma \u00feessum d\u00fdrgrip \u00ed veglegan sk\u00e1p. Verki\u00f0 t\u00f3k t\u00f6luver\u00f0an t\u00edma <a class=\"more-link\" href=\"https:\/\/laugar.is\/?p=11390\">&#8230;Lestu \u00e1fram<\/a><\/p>\n","protected":false},"author":6,"featured_media":11438,"comment_status":"closed","ping_status":"closed","sticky":false,"template":"","format":"standard","meta":{"_acf_changed":false,"_lmt_disableupdate":"","_lmt_disable":"","ngg_post_thumbnail":0,"footnotes":""},"class_list":["post-11390","post","type-post","status-publish","format-standard","has-post-thumbnail","hentry"],"acf":[],"yoast_head":"<!-- This site is optimized with the Yoast SEO plugin v27.5 - https:\/\/yoast.com\/product\/yoast-seo-wordpress\/ -->\n<title>Hanna\u00f0i kassa utan um Flateyjarb\u00f3k - FRAMHALDSSK\u00d3LINN \u00c1 LAUGUM<\/title>\n<meta name=\"description\" content=\"Hanna\u00f0i kassa utan um Flateyjarb\u00f3k\" \/>\n<meta name=\"robots\" content=\"index, follow, max-snippet:-1, max-image-preview:large, max-video-preview:-1\" \/>\n<link rel=\"canonical\" href=\"https:\/\/laugar.is\/?p=11390\" \/>\n<meta property=\"og:locale\" content=\"is_IS\" \/>\n<meta property=\"og:type\" content=\"article\" \/>\n<meta property=\"og:title\" content=\"Hanna\u00f0i kassa utan um Flateyjarb\u00f3k - FRAMHALDSSK\u00d3LINN \u00c1 LAUGUM\" \/>\n<meta property=\"og:description\" content=\"Hanna\u00f0i kassa utan um Flateyjarb\u00f3k\" \/>\n<meta property=\"og:url\" content=\"https:\/\/laugar.is\/?p=11390\" \/>\n<meta property=\"og:site_name\" content=\"FRAMHALDSSK\u00d3LINN \u00c1 LAUGUM\" \/>\n<meta property=\"article:publisher\" content=\"https:\/\/www.facebook.com\/laugaskoli\/\" \/>\n<meta property=\"article:published_time\" content=\"2026-04-30T09:31:25+00:00\" \/>\n<meta property=\"article:modified_time\" content=\"2026-04-30T09:31:26+00:00\" \/>\n<meta property=\"og:image\" content=\"https:\/\/laugar.is\/wp-content\/uploads\/2026\/04\/Blue-and-Pastel-Playful-Easter-Facebook-Cover-2.jpg\" \/>\n\t<meta property=\"og:image:width\" content=\"851\" \/>\n\t<meta property=\"og:image:height\" content=\"315\" \/>\n\t<meta property=\"og:image:type\" content=\"image\/jpeg\" \/>\n<meta name=\"author\" content=\"Ritari Framhaldssk\u00f3lans \u00e1 Laugum\" \/>\n<meta name=\"twitter:card\" content=\"summary_large_image\" \/>\n<meta name=\"twitter:label1\" content=\"Written by\" \/>\n\t<meta name=\"twitter:data1\" content=\"Ritari Framhaldssk\u00f3lans \u00e1 Laugum\" \/>\n\t<meta name=\"twitter:label2\" content=\"Est. reading time\" \/>\n\t<meta name=\"twitter:data2\" content=\"3 minutes\" \/>\n<script type=\"application\/ld+json\" class=\"yoast-schema-graph\">{\"@context\":\"https:\\\/\\\/schema.org\",\"@graph\":[{\"@type\":\"Article\",\"@id\":\"https:\\\/\\\/laugar.is\\\/?p=11390#article\",\"isPartOf\":{\"@id\":\"https:\\\/\\\/laugar.is\\\/?p=11390\"},\"author\":{\"name\":\"Ritari Framhaldssk\u00f3lans \u00e1 Laugum\",\"@id\":\"https:\\\/\\\/laugar.is\\\/#\\\/schema\\\/person\\\/15a9bc03ef120f11cf86889d5ebdfaf5\"},\"headline\":\"Hanna\u00f0i kassa utan um Flateyjarb\u00f3k\",\"datePublished\":\"2026-04-30T09:31:25+00:00\",\"dateModified\":\"2026-04-30T09:31:26+00:00\",\"mainEntityOfPage\":{\"@id\":\"https:\\\/\\\/laugar.is\\\/?p=11390\"},\"wordCount\":256,\"publisher\":{\"@id\":\"https:\\\/\\\/laugar.is\\\/#organization\"},\"image\":{\"@id\":\"https:\\\/\\\/laugar.is\\\/?p=11390#primaryimage\"},\"thumbnailUrl\":\"https:\\\/\\\/laugar.is\\\/wp-content\\\/uploads\\\/2026\\\/04\\\/Blue-and-Pastel-Playful-Easter-Facebook-Cover-2.jpg\",\"inLanguage\":\"is\"},{\"@type\":\"WebPage\",\"@id\":\"https:\\\/\\\/laugar.is\\\/?p=11390\",\"url\":\"https:\\\/\\\/laugar.is\\\/?p=11390\",\"name\":\"Hanna\u00f0i kassa utan um Flateyjarb\u00f3k - FRAMHALDSSK\u00d3LINN \u00c1 LAUGUM\",\"isPartOf\":{\"@id\":\"https:\\\/\\\/laugar.is\\\/#website\"},\"primaryImageOfPage\":{\"@id\":\"https:\\\/\\\/laugar.is\\\/?p=11390#primaryimage\"},\"image\":{\"@id\":\"https:\\\/\\\/laugar.is\\\/?p=11390#primaryimage\"},\"thumbnailUrl\":\"https:\\\/\\\/laugar.is\\\/wp-content\\\/uploads\\\/2026\\\/04\\\/Blue-and-Pastel-Playful-Easter-Facebook-Cover-2.jpg\",\"datePublished\":\"2026-04-30T09:31:25+00:00\",\"dateModified\":\"2026-04-30T09:31:26+00:00\",\"description\":\"Hanna\u00f0i kassa utan um Flateyjarb\u00f3k\",\"breadcrumb\":{\"@id\":\"https:\\\/\\\/laugar.is\\\/?p=11390#breadcrumb\"},\"inLanguage\":\"is\",\"potentialAction\":[{\"@type\":\"ReadAction\",\"target\":[\"https:\\\/\\\/laugar.is\\\/?p=11390\"]}]},{\"@type\":\"ImageObject\",\"inLanguage\":\"is\",\"@id\":\"https:\\\/\\\/laugar.is\\\/?p=11390#primaryimage\",\"url\":\"https:\\\/\\\/laugar.is\\\/wp-content\\\/uploads\\\/2026\\\/04\\\/Blue-and-Pastel-Playful-Easter-Facebook-Cover-2.jpg\",\"contentUrl\":\"https:\\\/\\\/laugar.is\\\/wp-content\\\/uploads\\\/2026\\\/04\\\/Blue-and-Pastel-Playful-Easter-Facebook-Cover-2.jpg\",\"width\":851,\"height\":315},{\"@type\":\"BreadcrumbList\",\"@id\":\"https:\\\/\\\/laugar.is\\\/?p=11390#breadcrumb\",\"itemListElement\":[{\"@type\":\"ListItem\",\"position\":1,\"name\":\"Home\",\"item\":\"https:\\\/\\\/laugar.is\\\/\"},{\"@type\":\"ListItem\",\"position\":2,\"name\":\"Hanna\u00f0i kassa utan um Flateyjarb\u00f3k\"}]},{\"@type\":\"WebSite\",\"@id\":\"https:\\\/\\\/laugar.is\\\/#website\",\"url\":\"https:\\\/\\\/laugar.is\\\/\",\"name\":\"FRAMHALDSSK\u00d3LINN \u00c1 LAUGUM\",\"description\":\"Metna\u00f0ur - Tr\u00famennska  - Tillitssemi - Gla\u00f0lyndi\",\"publisher\":{\"@id\":\"https:\\\/\\\/laugar.is\\\/#organization\"},\"potentialAction\":[{\"@type\":\"SearchAction\",\"target\":{\"@type\":\"EntryPoint\",\"urlTemplate\":\"https:\\\/\\\/laugar.is\\\/?s={search_term_string}\"},\"query-input\":{\"@type\":\"PropertyValueSpecification\",\"valueRequired\":true,\"valueName\":\"search_term_string\"}}],\"inLanguage\":\"is\"},{\"@type\":\"Organization\",\"@id\":\"https:\\\/\\\/laugar.is\\\/#organization\",\"name\":\"Framhaldssk\u00f3linn \u00e1 Laugum\",\"url\":\"https:\\\/\\\/laugar.is\\\/\",\"logo\":{\"@type\":\"ImageObject\",\"inLanguage\":\"is\",\"@id\":\"https:\\\/\\\/laugar.is\\\/#\\\/schema\\\/logo\\\/image\\\/\",\"url\":\"https:\\\/\\\/laugar.is\\\/wp-content\\\/uploads\\\/2017\\\/01\\\/laugar_merki_antexta-kip.jpg\",\"contentUrl\":\"https:\\\/\\\/laugar.is\\\/wp-content\\\/uploads\\\/2017\\\/01\\\/laugar_merki_antexta-kip.jpg\",\"width\":536,\"height\":551,\"caption\":\"Framhaldssk\u00f3linn \u00e1 Laugum\"},\"image\":{\"@id\":\"https:\\\/\\\/laugar.is\\\/#\\\/schema\\\/logo\\\/image\\\/\"},\"sameAs\":[\"https:\\\/\\\/www.facebook.com\\\/laugaskoli\\\/\"]},{\"@type\":\"Person\",\"@id\":\"https:\\\/\\\/laugar.is\\\/#\\\/schema\\\/person\\\/15a9bc03ef120f11cf86889d5ebdfaf5\",\"name\":\"Ritari Framhaldssk\u00f3lans \u00e1 Laugum\",\"url\":\"https:\\\/\\\/laugar.is\\\/?author=6\"}]}<\/script>\n<!-- \/ Yoast SEO plugin. -->","yoast_head_json":{"title":"Hanna\u00f0i kassa utan um Flateyjarb\u00f3k - FRAMHALDSSK\u00d3LINN \u00c1 LAUGUM","description":"Hanna\u00f0i kassa utan um Flateyjarb\u00f3k","robots":{"index":"index","follow":"follow","max-snippet":"max-snippet:-1","max-image-preview":"max-image-preview:large","max-video-preview":"max-video-preview:-1"},"canonical":"https:\/\/laugar.is\/?p=11390","og_locale":"is_IS","og_type":"article","og_title":"Hanna\u00f0i kassa utan um Flateyjarb\u00f3k - FRAMHALDSSK\u00d3LINN \u00c1 LAUGUM","og_description":"Hanna\u00f0i kassa utan um Flateyjarb\u00f3k","og_url":"https:\/\/laugar.is\/?p=11390","og_site_name":"FRAMHALDSSK\u00d3LINN \u00c1 LAUGUM","article_publisher":"https:\/\/www.facebook.com\/laugaskoli\/","article_published_time":"2026-04-30T09:31:25+00:00","article_modified_time":"2026-04-30T09:31:26+00:00","og_image":[{"width":851,"height":315,"url":"https:\/\/laugar.is\/wp-content\/uploads\/2026\/04\/Blue-and-Pastel-Playful-Easter-Facebook-Cover-2.jpg","type":"image\/jpeg"}],"author":"Ritari Framhaldssk\u00f3lans \u00e1 Laugum","twitter_card":"summary_large_image","twitter_misc":{"Written by":"Ritari Framhaldssk\u00f3lans \u00e1 Laugum","Est. reading time":"3 minutes"},"schema":{"@context":"https:\/\/schema.org","@graph":[{"@type":"Article","@id":"https:\/\/laugar.is\/?p=11390#article","isPartOf":{"@id":"https:\/\/laugar.is\/?p=11390"},"author":{"name":"Ritari Framhaldssk\u00f3lans \u00e1 Laugum","@id":"https:\/\/laugar.is\/#\/schema\/person\/15a9bc03ef120f11cf86889d5ebdfaf5"},"headline":"Hanna\u00f0i kassa utan um Flateyjarb\u00f3k","datePublished":"2026-04-30T09:31:25+00:00","dateModified":"2026-04-30T09:31:26+00:00","mainEntityOfPage":{"@id":"https:\/\/laugar.is\/?p=11390"},"wordCount":256,"publisher":{"@id":"https:\/\/laugar.is\/#organization"},"image":{"@id":"https:\/\/laugar.is\/?p=11390#primaryimage"},"thumbnailUrl":"https:\/\/laugar.is\/wp-content\/uploads\/2026\/04\/Blue-and-Pastel-Playful-Easter-Facebook-Cover-2.jpg","inLanguage":"is"},{"@type":"WebPage","@id":"https:\/\/laugar.is\/?p=11390","url":"https:\/\/laugar.is\/?p=11390","name":"Hanna\u00f0i kassa utan um Flateyjarb\u00f3k - FRAMHALDSSK\u00d3LINN \u00c1 LAUGUM","isPartOf":{"@id":"https:\/\/laugar.is\/#website"},"primaryImageOfPage":{"@id":"https:\/\/laugar.is\/?p=11390#primaryimage"},"image":{"@id":"https:\/\/laugar.is\/?p=11390#primaryimage"},"thumbnailUrl":"https:\/\/laugar.is\/wp-content\/uploads\/2026\/04\/Blue-and-Pastel-Playful-Easter-Facebook-Cover-2.jpg","datePublished":"2026-04-30T09:31:25+00:00","dateModified":"2026-04-30T09:31:26+00:00","description":"Hanna\u00f0i kassa utan um Flateyjarb\u00f3k","breadcrumb":{"@id":"https:\/\/laugar.is\/?p=11390#breadcrumb"},"inLanguage":"is","potentialAction":[{"@type":"ReadAction","target":["https:\/\/laugar.is\/?p=11390"]}]},{"@type":"ImageObject","inLanguage":"is","@id":"https:\/\/laugar.is\/?p=11390#primaryimage","url":"https:\/\/laugar.is\/wp-content\/uploads\/2026\/04\/Blue-and-Pastel-Playful-Easter-Facebook-Cover-2.jpg","contentUrl":"https:\/\/laugar.is\/wp-content\/uploads\/2026\/04\/Blue-and-Pastel-Playful-Easter-Facebook-Cover-2.jpg","width":851,"height":315},{"@type":"BreadcrumbList","@id":"https:\/\/laugar.is\/?p=11390#breadcrumb","itemListElement":[{"@type":"ListItem","position":1,"name":"Home","item":"https:\/\/laugar.is\/"},{"@type":"ListItem","position":2,"name":"Hanna\u00f0i kassa utan um Flateyjarb\u00f3k"}]},{"@type":"WebSite","@id":"https:\/\/laugar.is\/#website","url":"https:\/\/laugar.is\/","name":"FRAMHALDSSK\u00d3LINN \u00c1 LAUGUM","description":"Metna\u00f0ur - Tr\u00famennska  - Tillitssemi - Gla\u00f0lyndi","publisher":{"@id":"https:\/\/laugar.is\/#organization"},"potentialAction":[{"@type":"SearchAction","target":{"@type":"EntryPoint","urlTemplate":"https:\/\/laugar.is\/?s={search_term_string}"},"query-input":{"@type":"PropertyValueSpecification","valueRequired":true,"valueName":"search_term_string"}}],"inLanguage":"is"},{"@type":"Organization","@id":"https:\/\/laugar.is\/#organization","name":"Framhaldssk\u00f3linn \u00e1 Laugum","url":"https:\/\/laugar.is\/","logo":{"@type":"ImageObject","inLanguage":"is","@id":"https:\/\/laugar.is\/#\/schema\/logo\/image\/","url":"https:\/\/laugar.is\/wp-content\/uploads\/2017\/01\/laugar_merki_antexta-kip.jpg","contentUrl":"https:\/\/laugar.is\/wp-content\/uploads\/2017\/01\/laugar_merki_antexta-kip.jpg","width":536,"height":551,"caption":"Framhaldssk\u00f3linn \u00e1 Laugum"},"image":{"@id":"https:\/\/laugar.is\/#\/schema\/logo\/image\/"},"sameAs":["https:\/\/www.facebook.com\/laugaskoli\/"]},{"@type":"Person","@id":"https:\/\/laugar.is\/#\/schema\/person\/15a9bc03ef120f11cf86889d5ebdfaf5","name":"Ritari Framhaldssk\u00f3lans \u00e1 Laugum","url":"https:\/\/laugar.is\/?author=6"}]}},"modified_by":"Ritari Framhaldssk\u00f3lans \u00e1 Laugum","_links":{"self":[{"href":"https:\/\/laugar.is\/index.php?rest_route=\/wp\/v2\/posts\/11390","targetHints":{"allow":["GET"]}}],"collection":[{"href":"https:\/\/laugar.is\/index.php?rest_route=\/wp\/v2\/posts"}],"about":[{"href":"https:\/\/laugar.is\/index.php?rest_route=\/wp\/v2\/types\/post"}],"author":[{"embeddable":true,"href":"https:\/\/laugar.is\/index.php?rest_route=\/wp\/v2\/users\/6"}],"replies":[{"embeddable":true,"href":"https:\/\/laugar.is\/index.php?rest_route=%2Fwp%2Fv2%2Fcomments&post=11390"}],"version-history":[{"count":10,"href":"https:\/\/laugar.is\/index.php?rest_route=\/wp\/v2\/posts\/11390\/revisions"}],"predecessor-version":[{"id":11442,"href":"https:\/\/laugar.is\/index.php?rest_route=\/wp\/v2\/posts\/11390\/revisions\/11442"}],"wp:featuredmedia":[{"embeddable":true,"href":"https:\/\/laugar.is\/index.php?rest_route=\/wp\/v2\/media\/11438"}],"wp:attachment":[{"href":"https:\/\/laugar.is\/index.php?rest_route=%2Fwp%2Fv2%2Fmedia&parent=11390"}],"curies":[{"name":"wp","href":"https:\/\/api.w.org\/{rel}","templated":true}]}}