{"id":11311,"date":"2026-04-28T11:01:19","date_gmt":"2026-04-28T11:01:19","guid":{"rendered":"https:\/\/laugar.is\/?p=11311"},"modified":"2026-04-28T11:01:20","modified_gmt":"2026-04-28T11:01:20","slug":"mannrettindaskoli-arsins-thridja-arid-i-rod","status":"publish","type":"post","link":"https:\/\/laugar.is\/?p=11311","title":{"rendered":"Mannr\u00e9ttindask\u00f3li \u00e1rsins \u00feri\u00f0ja \u00e1ri\u00f0 \u00ed r\u00f6\u00f0"},"content":{"rendered":"\n\n\n<p>\u00c1 hverju \u00e1ri bl\u00e6s \u00cdslands\u00addeild Amnesty Internati\u00adonal til herfer\u00f0\u00adar\u00adinnar&nbsp;<em>\u00deitt nafn bjargar l\u00edfi<\/em>, sem er al\u00fej\u00f3\u00f0leg mann\u00adr\u00e9tt\u00adinda\u00adher\u00adfer\u00f0 vi\u00f0 a\u00f0 safna undir\u00adskriftum til stu\u00f0n\u00adings einstak\u00adlinga e\u00f0a h\u00f3pa sem \u00feola\u00f0 hafa mann\u00adr\u00e9tt\u00adinda\u00adbrot. Fastur li\u00f0ur \u00ed herfer\u00f0\u00adinni er fram\u00adhalds\u00adsk\u00f3la\u00adkeppni \u00ed undir\u00adskrifta\u00ads\u00f6fnun, \u00fear sem ungt f\u00f3lk er hvatt til a\u00f0 beita s\u00e9r \u00ed \u00fe\u00e1gu mann\u00adr\u00e9tt\u00adinda.<\/p>\n<h4><strong>Mannr\u00e9ttindask\u00f3li \u00e1rsins \u00feri\u00f0ja \u00e1ri\u00f0 \u00ed r\u00f6\u00f0<\/strong><\/h4>\n<p>Vi\u00f0 erum stolt og \u00e1n\u00e6g\u00f0 me\u00f0 a\u00f0 vera Mannr\u00e9ttindask\u00f3li \u00e1rsins \u00feri\u00f0ja \u00e1ri\u00f0 \u00ed r\u00f6\u00f0 me\u00f0 hlutfallslega flestar undirskriftir mi\u00f0a\u00f0 vi\u00f0 nemendafj\u00f6lda \u00ed framhaldssk\u00f3lakeppninni fyrir <em>\u00deitt nafn bjargar l\u00edfi \u00e1ri\u00f0 2025<\/em>.&nbsp;<\/p>\n<p>Vi\u00f0 erum afar stolt af okkar nemendum sem svo sannarlega leggja sitt af m\u00f6rkum i \u00feessari mikilv\u00e6gu bar\u00e1ttu.<\/p>\n<h5><strong>\u00c1fram Framhaldssk\u00f3linn \u00e1 Laugum&nbsp;<\/strong><\/h5>\n<p>&nbsp;<\/p>\n\n\n\n\n\n<p><img loading=\"lazy\" decoding=\"async\" class=\"alignnone size-full wp-image-11318\" src=\"https:\/\/laugar.is\/wp-content\/uploads\/2026\/04\/Mannrettindaskoli-arsins.jpg\" alt=\"\" width=\"940\" height=\"788\" srcset=\"https:\/\/laugar.is\/wp-content\/uploads\/2026\/04\/Mannrettindaskoli-arsins.jpg 940w, https:\/\/laugar.is\/wp-content\/uploads\/2026\/04\/Mannrettindaskoli-arsins-300x251.jpg 300w, https:\/\/laugar.is\/wp-content\/uploads\/2026\/04\/Mannrettindaskoli-arsins-768x644.jpg 768w\" sizes=\"auto, (max-width: 940px) 100vw, 940px\" \/><\/p>\n\n\n","protected":false},"excerpt":{"rendered":"<p>\u00c1 hverju \u00e1ri bl\u00e6s \u00cdslands\u00addeild Amnesty Internati\u00adonal til herfer\u00f0\u00adar\u00adinnar&nbsp;\u00deitt nafn bjargar l\u00edfi, sem er al\u00fej\u00f3\u00f0leg mann\u00adr\u00e9tt\u00adinda\u00adher\u00adfer\u00f0 vi\u00f0 a\u00f0 safna undir\u00adskriftum til stu\u00f0n\u00adings einstak\u00adlinga e\u00f0a h\u00f3pa sem \u00feola\u00f0 hafa mann\u00adr\u00e9tt\u00adinda\u00adbrot. Fastur li\u00f0ur \u00ed herfer\u00f0\u00adinni er fram\u00adhalds\u00adsk\u00f3la\u00adkeppni \u00ed undir\u00adskrifta\u00ads\u00f6fnun, \u00fear sem ungt f\u00f3lk er hvatt til a\u00f0 beita s\u00e9r \u00ed \u00fe\u00e1gu mann\u00adr\u00e9tt\u00adinda. Mannr\u00e9ttindask\u00f3li \u00e1rsins \u00feri\u00f0ja \u00e1ri\u00f0 \u00ed r\u00f6\u00f0 Vi\u00f0 erum stolt og \u00e1n\u00e6g\u00f0 me\u00f0 a\u00f0 vera Mannr\u00e9ttindask\u00f3li \u00e1rsins \u00feri\u00f0ja \u00e1ri\u00f0 \u00ed r\u00f6\u00f0 <a class=\"more-link\" href=\"https:\/\/laugar.is\/?p=11311\">&#8230;Lestu \u00e1fram<\/a><\/p>\n","protected":false},"author":6,"featured_media":11318,"comment_status":"closed","ping_status":"closed","sticky":false,"template":"","format":"standard","meta":{"_acf_changed":false,"_lmt_disableupdate":"","_lmt_disable":"","ngg_post_thumbnail":0,"footnotes":""},"class_list":["post-11311","post","type-post","status-publish","format-standard","has-post-thumbnail","hentry"],"acf":[],"yoast_head":"<!-- This site is optimized with the Yoast SEO plugin v27.5 - https:\/\/yoast.com\/product\/yoast-seo-wordpress\/ -->\n<title>Mannr\u00e9ttindask\u00f3li \u00e1rsins \u00feri\u00f0ja \u00e1ri\u00f0 \u00ed r\u00f6\u00f0 - FRAMHALDSSK\u00d3LINN \u00c1 LAUGUM<\/title>\n<meta name=\"description\" content=\"Mannr\u00e9ttindask\u00f3li \u00e1rsins \u00feri\u00f0ja \u00e1ri\u00f0 \u00ed r\u00f6\u00f0\" \/>\n<meta name=\"robots\" content=\"index, follow, max-snippet:-1, max-image-preview:large, max-video-preview:-1\" \/>\n<link rel=\"canonical\" href=\"https:\/\/laugar.is\/?p=11311\" \/>\n<meta property=\"og:locale\" content=\"is_IS\" \/>\n<meta property=\"og:type\" content=\"article\" \/>\n<meta property=\"og:title\" content=\"Mannr\u00e9ttindask\u00f3li \u00e1rsins \u00feri\u00f0ja \u00e1ri\u00f0 \u00ed r\u00f6\u00f0 - FRAMHALDSSK\u00d3LINN \u00c1 LAUGUM\" \/>\n<meta property=\"og:description\" content=\"Mannr\u00e9ttindask\u00f3li \u00e1rsins \u00feri\u00f0ja \u00e1ri\u00f0 \u00ed r\u00f6\u00f0\" \/>\n<meta property=\"og:url\" content=\"https:\/\/laugar.is\/?p=11311\" \/>\n<meta property=\"og:site_name\" content=\"FRAMHALDSSK\u00d3LINN \u00c1 LAUGUM\" \/>\n<meta property=\"article:publisher\" content=\"https:\/\/www.facebook.com\/laugaskoli\/\" \/>\n<meta property=\"article:published_time\" content=\"2026-04-28T11:01:19+00:00\" \/>\n<meta property=\"article:modified_time\" content=\"2026-04-28T11:01:20+00:00\" \/>\n<meta property=\"og:image\" content=\"https:\/\/laugar.is\/wp-content\/uploads\/2026\/04\/Mannrettindaskoli-arsins.jpg\" \/>\n\t<meta property=\"og:image:width\" content=\"940\" \/>\n\t<meta property=\"og:image:height\" content=\"788\" \/>\n\t<meta property=\"og:image:type\" content=\"image\/jpeg\" \/>\n<meta name=\"author\" content=\"Ritari Framhaldssk\u00f3lans \u00e1 Laugum\" \/>\n<meta name=\"twitter:card\" content=\"summary_large_image\" \/>\n<meta name=\"twitter:label1\" content=\"Written by\" \/>\n\t<meta name=\"twitter:data1\" content=\"Ritari Framhaldssk\u00f3lans \u00e1 Laugum\" \/>\n\t<meta name=\"twitter:label2\" content=\"Est. reading time\" \/>\n\t<meta name=\"twitter:data2\" content=\"1 minute\" \/>\n<script type=\"application\/ld+json\" class=\"yoast-schema-graph\">{\"@context\":\"https:\\\/\\\/schema.org\",\"@graph\":[{\"@type\":\"Article\",\"@id\":\"https:\\\/\\\/laugar.is\\\/?p=11311#article\",\"isPartOf\":{\"@id\":\"https:\\\/\\\/laugar.is\\\/?p=11311\"},\"author\":{\"name\":\"Ritari Framhaldssk\u00f3lans \u00e1 Laugum\",\"@id\":\"https:\\\/\\\/laugar.is\\\/#\\\/schema\\\/person\\\/15a9bc03ef120f11cf86889d5ebdfaf5\"},\"headline\":\"Mannr\u00e9ttindask\u00f3li \u00e1rsins \u00feri\u00f0ja \u00e1ri\u00f0 \u00ed r\u00f6\u00f0\",\"datePublished\":\"2026-04-28T11:01:19+00:00\",\"dateModified\":\"2026-04-28T11:01:20+00:00\",\"mainEntityOfPage\":{\"@id\":\"https:\\\/\\\/laugar.is\\\/?p=11311\"},\"wordCount\":164,\"publisher\":{\"@id\":\"https:\\\/\\\/laugar.is\\\/#organization\"},\"image\":{\"@id\":\"https:\\\/\\\/laugar.is\\\/?p=11311#primaryimage\"},\"thumbnailUrl\":\"https:\\\/\\\/laugar.is\\\/wp-content\\\/uploads\\\/2026\\\/04\\\/Mannrettindaskoli-arsins.jpg\",\"inLanguage\":\"is\"},{\"@type\":\"WebPage\",\"@id\":\"https:\\\/\\\/laugar.is\\\/?p=11311\",\"url\":\"https:\\\/\\\/laugar.is\\\/?p=11311\",\"name\":\"Mannr\u00e9ttindask\u00f3li \u00e1rsins \u00feri\u00f0ja \u00e1ri\u00f0 \u00ed r\u00f6\u00f0 - FRAMHALDSSK\u00d3LINN \u00c1 LAUGUM\",\"isPartOf\":{\"@id\":\"https:\\\/\\\/laugar.is\\\/#website\"},\"primaryImageOfPage\":{\"@id\":\"https:\\\/\\\/laugar.is\\\/?p=11311#primaryimage\"},\"image\":{\"@id\":\"https:\\\/\\\/laugar.is\\\/?p=11311#primaryimage\"},\"thumbnailUrl\":\"https:\\\/\\\/laugar.is\\\/wp-content\\\/uploads\\\/2026\\\/04\\\/Mannrettindaskoli-arsins.jpg\",\"datePublished\":\"2026-04-28T11:01:19+00:00\",\"dateModified\":\"2026-04-28T11:01:20+00:00\",\"description\":\"Mannr\u00e9ttindask\u00f3li \u00e1rsins \u00feri\u00f0ja \u00e1ri\u00f0 \u00ed r\u00f6\u00f0\",\"breadcrumb\":{\"@id\":\"https:\\\/\\\/laugar.is\\\/?p=11311#breadcrumb\"},\"inLanguage\":\"is\",\"potentialAction\":[{\"@type\":\"ReadAction\",\"target\":[\"https:\\\/\\\/laugar.is\\\/?p=11311\"]}]},{\"@type\":\"ImageObject\",\"inLanguage\":\"is\",\"@id\":\"https:\\\/\\\/laugar.is\\\/?p=11311#primaryimage\",\"url\":\"https:\\\/\\\/laugar.is\\\/wp-content\\\/uploads\\\/2026\\\/04\\\/Mannrettindaskoli-arsins.jpg\",\"contentUrl\":\"https:\\\/\\\/laugar.is\\\/wp-content\\\/uploads\\\/2026\\\/04\\\/Mannrettindaskoli-arsins.jpg\",\"width\":940,\"height\":788},{\"@type\":\"BreadcrumbList\",\"@id\":\"https:\\\/\\\/laugar.is\\\/?p=11311#breadcrumb\",\"itemListElement\":[{\"@type\":\"ListItem\",\"position\":1,\"name\":\"Home\",\"item\":\"https:\\\/\\\/laugar.is\\\/\"},{\"@type\":\"ListItem\",\"position\":2,\"name\":\"Mannr\u00e9ttindask\u00f3li \u00e1rsins \u00feri\u00f0ja \u00e1ri\u00f0 \u00ed r\u00f6\u00f0\"}]},{\"@type\":\"WebSite\",\"@id\":\"https:\\\/\\\/laugar.is\\\/#website\",\"url\":\"https:\\\/\\\/laugar.is\\\/\",\"name\":\"FRAMHALDSSK\u00d3LINN \u00c1 LAUGUM\",\"description\":\"Metna\u00f0ur - Tr\u00famennska  - Tillitssemi - Gla\u00f0lyndi\",\"publisher\":{\"@id\":\"https:\\\/\\\/laugar.is\\\/#organization\"},\"potentialAction\":[{\"@type\":\"SearchAction\",\"target\":{\"@type\":\"EntryPoint\",\"urlTemplate\":\"https:\\\/\\\/laugar.is\\\/?s={search_term_string}\"},\"query-input\":{\"@type\":\"PropertyValueSpecification\",\"valueRequired\":true,\"valueName\":\"search_term_string\"}}],\"inLanguage\":\"is\"},{\"@type\":\"Organization\",\"@id\":\"https:\\\/\\\/laugar.is\\\/#organization\",\"name\":\"Framhaldssk\u00f3linn \u00e1 Laugum\",\"url\":\"https:\\\/\\\/laugar.is\\\/\",\"logo\":{\"@type\":\"ImageObject\",\"inLanguage\":\"is\",\"@id\":\"https:\\\/\\\/laugar.is\\\/#\\\/schema\\\/logo\\\/image\\\/\",\"url\":\"https:\\\/\\\/laugar.is\\\/wp-content\\\/uploads\\\/2017\\\/01\\\/laugar_merki_antexta-kip.jpg\",\"contentUrl\":\"https:\\\/\\\/laugar.is\\\/wp-content\\\/uploads\\\/2017\\\/01\\\/laugar_merki_antexta-kip.jpg\",\"width\":536,\"height\":551,\"caption\":\"Framhaldssk\u00f3linn \u00e1 Laugum\"},\"image\":{\"@id\":\"https:\\\/\\\/laugar.is\\\/#\\\/schema\\\/logo\\\/image\\\/\"},\"sameAs\":[\"https:\\\/\\\/www.facebook.com\\\/laugaskoli\\\/\"]},{\"@type\":\"Person\",\"@id\":\"https:\\\/\\\/laugar.is\\\/#\\\/schema\\\/person\\\/15a9bc03ef120f11cf86889d5ebdfaf5\",\"name\":\"Ritari Framhaldssk\u00f3lans \u00e1 Laugum\",\"url\":\"https:\\\/\\\/laugar.is\\\/?author=6\"}]}<\/script>\n<!-- \/ Yoast SEO plugin. -->","yoast_head_json":{"title":"Mannr\u00e9ttindask\u00f3li \u00e1rsins \u00feri\u00f0ja \u00e1ri\u00f0 \u00ed r\u00f6\u00f0 - FRAMHALDSSK\u00d3LINN \u00c1 LAUGUM","description":"Mannr\u00e9ttindask\u00f3li \u00e1rsins \u00feri\u00f0ja \u00e1ri\u00f0 \u00ed r\u00f6\u00f0","robots":{"index":"index","follow":"follow","max-snippet":"max-snippet:-1","max-image-preview":"max-image-preview:large","max-video-preview":"max-video-preview:-1"},"canonical":"https:\/\/laugar.is\/?p=11311","og_locale":"is_IS","og_type":"article","og_title":"Mannr\u00e9ttindask\u00f3li \u00e1rsins \u00feri\u00f0ja \u00e1ri\u00f0 \u00ed r\u00f6\u00f0 - FRAMHALDSSK\u00d3LINN \u00c1 LAUGUM","og_description":"Mannr\u00e9ttindask\u00f3li \u00e1rsins \u00feri\u00f0ja \u00e1ri\u00f0 \u00ed r\u00f6\u00f0","og_url":"https:\/\/laugar.is\/?p=11311","og_site_name":"FRAMHALDSSK\u00d3LINN \u00c1 LAUGUM","article_publisher":"https:\/\/www.facebook.com\/laugaskoli\/","article_published_time":"2026-04-28T11:01:19+00:00","article_modified_time":"2026-04-28T11:01:20+00:00","og_image":[{"width":940,"height":788,"url":"https:\/\/laugar.is\/wp-content\/uploads\/2026\/04\/Mannrettindaskoli-arsins.jpg","type":"image\/jpeg"}],"author":"Ritari Framhaldssk\u00f3lans \u00e1 Laugum","twitter_card":"summary_large_image","twitter_misc":{"Written by":"Ritari Framhaldssk\u00f3lans \u00e1 Laugum","Est. reading time":"1 minute"},"schema":{"@context":"https:\/\/schema.org","@graph":[{"@type":"Article","@id":"https:\/\/laugar.is\/?p=11311#article","isPartOf":{"@id":"https:\/\/laugar.is\/?p=11311"},"author":{"name":"Ritari Framhaldssk\u00f3lans \u00e1 Laugum","@id":"https:\/\/laugar.is\/#\/schema\/person\/15a9bc03ef120f11cf86889d5ebdfaf5"},"headline":"Mannr\u00e9ttindask\u00f3li \u00e1rsins \u00feri\u00f0ja \u00e1ri\u00f0 \u00ed r\u00f6\u00f0","datePublished":"2026-04-28T11:01:19+00:00","dateModified":"2026-04-28T11:01:20+00:00","mainEntityOfPage":{"@id":"https:\/\/laugar.is\/?p=11311"},"wordCount":164,"publisher":{"@id":"https:\/\/laugar.is\/#organization"},"image":{"@id":"https:\/\/laugar.is\/?p=11311#primaryimage"},"thumbnailUrl":"https:\/\/laugar.is\/wp-content\/uploads\/2026\/04\/Mannrettindaskoli-arsins.jpg","inLanguage":"is"},{"@type":"WebPage","@id":"https:\/\/laugar.is\/?p=11311","url":"https:\/\/laugar.is\/?p=11311","name":"Mannr\u00e9ttindask\u00f3li \u00e1rsins \u00feri\u00f0ja \u00e1ri\u00f0 \u00ed r\u00f6\u00f0 - FRAMHALDSSK\u00d3LINN \u00c1 LAUGUM","isPartOf":{"@id":"https:\/\/laugar.is\/#website"},"primaryImageOfPage":{"@id":"https:\/\/laugar.is\/?p=11311#primaryimage"},"image":{"@id":"https:\/\/laugar.is\/?p=11311#primaryimage"},"thumbnailUrl":"https:\/\/laugar.is\/wp-content\/uploads\/2026\/04\/Mannrettindaskoli-arsins.jpg","datePublished":"2026-04-28T11:01:19+00:00","dateModified":"2026-04-28T11:01:20+00:00","description":"Mannr\u00e9ttindask\u00f3li \u00e1rsins \u00feri\u00f0ja \u00e1ri\u00f0 \u00ed r\u00f6\u00f0","breadcrumb":{"@id":"https:\/\/laugar.is\/?p=11311#breadcrumb"},"inLanguage":"is","potentialAction":[{"@type":"ReadAction","target":["https:\/\/laugar.is\/?p=11311"]}]},{"@type":"ImageObject","inLanguage":"is","@id":"https:\/\/laugar.is\/?p=11311#primaryimage","url":"https:\/\/laugar.is\/wp-content\/uploads\/2026\/04\/Mannrettindaskoli-arsins.jpg","contentUrl":"https:\/\/laugar.is\/wp-content\/uploads\/2026\/04\/Mannrettindaskoli-arsins.jpg","width":940,"height":788},{"@type":"BreadcrumbList","@id":"https:\/\/laugar.is\/?p=11311#breadcrumb","itemListElement":[{"@type":"ListItem","position":1,"name":"Home","item":"https:\/\/laugar.is\/"},{"@type":"ListItem","position":2,"name":"Mannr\u00e9ttindask\u00f3li \u00e1rsins \u00feri\u00f0ja \u00e1ri\u00f0 \u00ed r\u00f6\u00f0"}]},{"@type":"WebSite","@id":"https:\/\/laugar.is\/#website","url":"https:\/\/laugar.is\/","name":"FRAMHALDSSK\u00d3LINN \u00c1 LAUGUM","description":"Metna\u00f0ur - Tr\u00famennska  - Tillitssemi - Gla\u00f0lyndi","publisher":{"@id":"https:\/\/laugar.is\/#organization"},"potentialAction":[{"@type":"SearchAction","target":{"@type":"EntryPoint","urlTemplate":"https:\/\/laugar.is\/?s={search_term_string}"},"query-input":{"@type":"PropertyValueSpecification","valueRequired":true,"valueName":"search_term_string"}}],"inLanguage":"is"},{"@type":"Organization","@id":"https:\/\/laugar.is\/#organization","name":"Framhaldssk\u00f3linn \u00e1 Laugum","url":"https:\/\/laugar.is\/","logo":{"@type":"ImageObject","inLanguage":"is","@id":"https:\/\/laugar.is\/#\/schema\/logo\/image\/","url":"https:\/\/laugar.is\/wp-content\/uploads\/2017\/01\/laugar_merki_antexta-kip.jpg","contentUrl":"https:\/\/laugar.is\/wp-content\/uploads\/2017\/01\/laugar_merki_antexta-kip.jpg","width":536,"height":551,"caption":"Framhaldssk\u00f3linn \u00e1 Laugum"},"image":{"@id":"https:\/\/laugar.is\/#\/schema\/logo\/image\/"},"sameAs":["https:\/\/www.facebook.com\/laugaskoli\/"]},{"@type":"Person","@id":"https:\/\/laugar.is\/#\/schema\/person\/15a9bc03ef120f11cf86889d5ebdfaf5","name":"Ritari Framhaldssk\u00f3lans \u00e1 Laugum","url":"https:\/\/laugar.is\/?author=6"}]}},"modified_by":"Ritari Framhaldssk\u00f3lans \u00e1 Laugum","_links":{"self":[{"href":"https:\/\/laugar.is\/index.php?rest_route=\/wp\/v2\/posts\/11311","targetHints":{"allow":["GET"]}}],"collection":[{"href":"https:\/\/laugar.is\/index.php?rest_route=\/wp\/v2\/posts"}],"about":[{"href":"https:\/\/laugar.is\/index.php?rest_route=\/wp\/v2\/types\/post"}],"author":[{"embeddable":true,"href":"https:\/\/laugar.is\/index.php?rest_route=\/wp\/v2\/users\/6"}],"replies":[{"embeddable":true,"href":"https:\/\/laugar.is\/index.php?rest_route=%2Fwp%2Fv2%2Fcomments&post=11311"}],"version-history":[{"count":6,"href":"https:\/\/laugar.is\/index.php?rest_route=\/wp\/v2\/posts\/11311\/revisions"}],"predecessor-version":[{"id":11321,"href":"https:\/\/laugar.is\/index.php?rest_route=\/wp\/v2\/posts\/11311\/revisions\/11321"}],"wp:featuredmedia":[{"embeddable":true,"href":"https:\/\/laugar.is\/index.php?rest_route=\/wp\/v2\/media\/11318"}],"wp:attachment":[{"href":"https:\/\/laugar.is\/index.php?rest_route=%2Fwp%2Fv2%2Fmedia&parent=11311"}],"curies":[{"name":"wp","href":"https:\/\/api.w.org\/{rel}","templated":true}]}}