{"id":10590,"date":"2025-12-11T10:02:02","date_gmt":"2025-12-11T10:02:02","guid":{"rendered":"https:\/\/laugar.is\/?p=10590"},"modified":"2025-12-11T10:02:04","modified_gmt":"2025-12-11T10:02:04","slug":"nemendur-og-starfsmenn-komu-saman-i-throtto","status":"publish","type":"post","link":"https:\/\/laugar.is\/?p=10590","title":{"rendered":"Nemendur og starfsmenn komu saman \u00ed \u00der\u00f3tt\u00f3"},"content":{"rendered":"\n<p><strong>Starfsmenn og nemendur komu saman \u00ed \u00der\u00f3tt\u00f3<\/strong><\/p>\n\n\n\n<p>\u00cd g\u00e6r, \u00feann 10. desember komu nemendur og starfsmenn saman \u00ed \u00der\u00f3tt\u00f3 \u00fear sem nemendur, \u00ed \u00edslensku\u00e1fanganum um Vesturfer\u00f0ir \u00cdslendinga og vestur\u00edslensku s\u00fdndu brot af \u00fev\u00ed helsta sem \u00feau hafa unni\u00f0 a\u00f0 \u00e1 \u00feessari \u00f6nn. Dagskr\u00e1in h\u00f3fst \u00e1 \u00fev\u00ed a\u00f0 nemendur fluttu lagi\u00f0 <i>Saga konunnar<\/i> eftir Harald Reynisson t\u00f3nlistarmann. \u00dear \u00e1 eftir voru fr\u00f3\u00f0legir upplestrar.<\/p>\n<p><img loading=\"lazy\" decoding=\"async\" class=\"alignnone size-large wp-image-10594\" src=\"https:\/\/laugar.is\/wp-content\/uploads\/2025\/12\/shared-image-2-768x1024.jpg\" alt=\"\" width=\"768\" height=\"1024\" srcset=\"https:\/\/laugar.is\/wp-content\/uploads\/2025\/12\/shared-image-2-768x1024.jpg 768w, https:\/\/laugar.is\/wp-content\/uploads\/2025\/12\/shared-image-2-225x300.jpg 225w, https:\/\/laugar.is\/wp-content\/uploads\/2025\/12\/shared-image-2-1152x1536.jpg 1152w, https:\/\/laugar.is\/wp-content\/uploads\/2025\/12\/shared-image-2.jpg 1512w\" sizes=\"auto, (max-width: 768px) 100vw, 768px\" \/><\/p>\n<p><strong>Nemendur ger\u00f0u myndband um sorgm\u00e6dda \u00cdslendinga<\/strong><\/p>\n<p>Nemendur ger\u00f0u einnig myndband og brug\u00f0u s\u00e9r \u00ed 19. aldar kl\u00e6\u00f0na\u00f0 til a\u00f0 leika h\u00f3p sem fluttist fr\u00e1 \u00cdslandi. Nemendur ger\u00f0u einnig lag og texta sem nota\u00f0 var \u00ed \u00feessu myndbandi. Textinn er um sorgm\u00e6dda \u00cdslendinga sem fluttust til Kanada \u00ed upphafi 19. aldar \u00fear sem \u00feeir vissu ekki alveg hva\u00f0 myndi taka vi\u00f0 \u00feegar \u00feeir k\u00e6mu \u00feanga\u00f0.<\/p>\n<p><strong> Textinn speglar sorg <\/strong><\/p>\n<p>Textinn speglar sorg \u00fear sem \u00cdsland mun alltaf eiga sta\u00f0 \u00ed hjarta \u00feeirra \u00fe\u00f3 \u00feau hafi flust \u00ed anna\u00f0 land. Vi\u00f0 fengum ma. a\u00f0 heyra nemendur segja fr\u00e1 fr\u00e9ttum \u00ed dagbla\u00f0i sem \u00feeir nefndu \u201eVesturfr\u00e9ttir\u201c. Auk \u00feess fengum vi\u00f0 g\u00f3\u00f0a s\u00fdn \u00e1 Klettafjallask\u00e1ldi\u00f0 og hvernig \u00edslenskan \u00fer\u00f3a\u00f0ist \u00fear vestra.&nbsp;<\/p>\n<p><img loading=\"lazy\" decoding=\"async\" class=\"alignnone size-large wp-image-10595\" src=\"https:\/\/laugar.is\/wp-content\/uploads\/2025\/12\/shared-image-1-768x1024.jpg\" alt=\"\" width=\"768\" height=\"1024\" srcset=\"https:\/\/laugar.is\/wp-content\/uploads\/2025\/12\/shared-image-1-768x1024.jpg 768w, https:\/\/laugar.is\/wp-content\/uploads\/2025\/12\/shared-image-1-225x300.jpg 225w, https:\/\/laugar.is\/wp-content\/uploads\/2025\/12\/shared-image-1-1152x1536.jpg 1152w, https:\/\/laugar.is\/wp-content\/uploads\/2025\/12\/shared-image-1.jpg 1512w\" sizes=\"auto, (max-width: 768px) 100vw, 768px\" \/><\/p>\n<p><strong>70 \u00e1r fr\u00e1 \u00fev\u00ed a\u00f0 Halld\u00f3r Laxness hlaut N\u00f3belsver\u00f0laun<\/strong><\/p>\n<p>\u00deess m\u00e1 einnig geta a\u00f0 \u00fear sem li\u00f0in eru 70 \u00e1r fr\u00e1 \u00fev\u00ed a\u00f0 Halld\u00f3r Laxness hlaut N\u00f3belsver\u00f0laun, \u00feann 10, desember 1955, las nemandi brot \u00far <i>Sj\u00e1lfst\u00e6\u00f0u f\u00f3lki<\/i>. \u00dea\u00f0 var \u00fev\u00ed au\u00f0velt a\u00f0 tengja b\u00f3k Halld\u00f3rs vi\u00f0 afur\u00f0ir \u00ed \u00feessum \u00e1fanga \u00fear sem lesinn var texti \u00feegar Nonni litli \u00ed Sumarh\u00fasum bau\u00f0st a\u00f0 fara til Amer\u00edku.&nbsp;<\/p>\n<p><img loading=\"lazy\" decoding=\"async\" class=\"alignnone size-large wp-image-10596\" src=\"https:\/\/laugar.is\/wp-content\/uploads\/2025\/12\/image-2-1024x768.jpg\" alt=\"\" width=\"800\" height=\"600\" srcset=\"https:\/\/laugar.is\/wp-content\/uploads\/2025\/12\/image-2-1024x768.jpg 1024w, https:\/\/laugar.is\/wp-content\/uploads\/2025\/12\/image-2-300x225.jpg 300w, https:\/\/laugar.is\/wp-content\/uploads\/2025\/12\/image-2-768x576.jpg 768w, https:\/\/laugar.is\/wp-content\/uploads\/2025\/12\/image-2-1536x1152.jpg 1536w, https:\/\/laugar.is\/wp-content\/uploads\/2025\/12\/image-2-2048x1536.jpg 2048w\" sizes=\"auto, (max-width: 800px) 100vw, 800px\" \/><\/p>\n<p><img loading=\"lazy\" decoding=\"async\" class=\"alignnone size-large wp-image-10597\" src=\"https:\/\/laugar.is\/wp-content\/uploads\/2025\/12\/image-1-1024x768.jpg\" alt=\"\" width=\"800\" height=\"600\" srcset=\"https:\/\/laugar.is\/wp-content\/uploads\/2025\/12\/image-1-1024x768.jpg 1024w, https:\/\/laugar.is\/wp-content\/uploads\/2025\/12\/image-1-300x225.jpg 300w, https:\/\/laugar.is\/wp-content\/uploads\/2025\/12\/image-1-768x576.jpg 768w, https:\/\/laugar.is\/wp-content\/uploads\/2025\/12\/image-1-1536x1152.jpg 1536w, https:\/\/laugar.is\/wp-content\/uploads\/2025\/12\/image-1-2048x1536.jpg 2048w\" sizes=\"auto, (max-width: 800px) 100vw, 800px\" \/><\/p>\n<p><strong>\u00d6llum bo\u00f0i\u00f0 \u00ed sj\u00f6 laga v\u00ednartertu me\u00f0 sveskjusultu<\/strong><\/p>\n<p>\u00dea\u00f0 m\u00e1 \u00fev\u00ed segja a\u00f0 vi\u00f0 h\u00f6fum veri\u00f0 a\u00f0 minnast \u00feess a\u00f0 70 \u00e1r eru li\u00f0in fr\u00e1 \u00fev\u00ed a\u00f0 &nbsp;Halld\u00f3r Laxness hlaut N\u00f3belsver\u00f0laun og a\u00f0 150 \u00e1r s\u00e9u li\u00f0in fr\u00e1 \u00fev\u00ed a\u00f0 fyrsti h\u00f3purinn f\u00f3r til Vesturheims, \u00e1ri\u00f0 1875. \u00cd lok dagskr\u00e1r var flutt lagi\u00f0 \u201eS\u00f3lstafir yrkja\u201c.<\/p>\n<p>A\u00f0 \u00fev\u00ed loknu var \u00f6llum bo\u00f0i\u00f0 \u00ed v\u00ednartertu, sj\u00f6 laga me\u00f0 sveskjusultu, sem nemendur hafa n\u00fdveri\u00f0 baka\u00f0 a\u00f0 vestur-\u00edslenskum si\u00f0 \u00ed Kanada.&nbsp;<\/p>\n\n\n\n<p><img loading=\"lazy\" decoding=\"async\" class=\"alignnone size-large wp-image-10592\" src=\"https:\/\/laugar.is\/wp-content\/uploads\/2025\/12\/shared-image-3-768x1024.jpg\" alt=\"\" width=\"768\" height=\"1024\" srcset=\"https:\/\/laugar.is\/wp-content\/uploads\/2025\/12\/shared-image-3-768x1024.jpg 768w, https:\/\/laugar.is\/wp-content\/uploads\/2025\/12\/shared-image-3-225x300.jpg 225w, https:\/\/laugar.is\/wp-content\/uploads\/2025\/12\/shared-image-3-1152x1536.jpg 1152w, https:\/\/laugar.is\/wp-content\/uploads\/2025\/12\/shared-image-3.jpg 1512w\" sizes=\"auto, (max-width: 768px) 100vw, 768px\" \/><\/p>\n\n\n","protected":false},"excerpt":{"rendered":"<p>Starfsmenn og nemendur komu saman \u00ed \u00der\u00f3tt\u00f3 \u00cd g\u00e6r, \u00feann 10. desember komu nemendur og starfsmenn saman \u00ed \u00der\u00f3tt\u00f3 \u00fear sem nemendur, \u00ed \u00edslensku\u00e1fanganum um Vesturfer\u00f0ir \u00cdslendinga og vestur\u00edslensku s\u00fdndu brot af \u00fev\u00ed helsta sem \u00feau hafa unni\u00f0 a\u00f0 \u00e1 \u00feessari \u00f6nn. Dagskr\u00e1in h\u00f3fst \u00e1 \u00fev\u00ed a\u00f0 nemendur fluttu lagi\u00f0 Saga konunnar eftir Harald Reynisson t\u00f3nlistarmann. \u00dear \u00e1 eftir voru fr\u00f3\u00f0legir upplestrar. Nemendur ger\u00f0u myndband um sorgm\u00e6dda \u00cdslendinga Nemendur ger\u00f0u <a class=\"more-link\" href=\"https:\/\/laugar.is\/?p=10590\">&#8230;Lestu \u00e1fram<\/a><\/p>\n","protected":false},"author":6,"featured_media":10599,"comment_status":"closed","ping_status":"closed","sticky":false,"template":"","format":"standard","meta":{"_acf_changed":false,"_lmt_disableupdate":"","_lmt_disable":"","ngg_post_thumbnail":0,"footnotes":""},"class_list":["post-10590","post","type-post","status-publish","format-standard","has-post-thumbnail","hentry"],"acf":[],"yoast_head":"<!-- This site is optimized with the Yoast SEO plugin v27.5 - https:\/\/yoast.com\/product\/yoast-seo-wordpress\/ -->\n<title>Nemendur og starfsmenn komu saman \u00ed \u00der\u00f3tt\u00f3 - FRAMHALDSSK\u00d3LINN \u00c1 LAUGUM<\/title>\n<meta name=\"description\" content=\"Nemendur og starfsmenn komu saman \u00ed \u00der\u00f3tt\u00f3\" \/>\n<meta name=\"robots\" content=\"index, follow, max-snippet:-1, max-image-preview:large, max-video-preview:-1\" \/>\n<link rel=\"canonical\" href=\"https:\/\/laugar.is\/?p=10590\" \/>\n<meta property=\"og:locale\" content=\"is_IS\" \/>\n<meta property=\"og:type\" content=\"article\" \/>\n<meta property=\"og:title\" content=\"Nemendur og starfsmenn komu saman \u00ed \u00der\u00f3tt\u00f3 - FRAMHALDSSK\u00d3LINN \u00c1 LAUGUM\" \/>\n<meta property=\"og:description\" content=\"Nemendur og starfsmenn komu saman \u00ed \u00der\u00f3tt\u00f3\" \/>\n<meta property=\"og:url\" content=\"https:\/\/laugar.is\/?p=10590\" \/>\n<meta property=\"og:site_name\" content=\"FRAMHALDSSK\u00d3LINN \u00c1 LAUGUM\" \/>\n<meta property=\"article:publisher\" content=\"https:\/\/www.facebook.com\/laugaskoli\/\" \/>\n<meta property=\"article:published_time\" content=\"2025-12-11T10:02:02+00:00\" \/>\n<meta property=\"article:modified_time\" content=\"2025-12-11T10:02:04+00:00\" \/>\n<meta property=\"og:image\" content=\"https:\/\/laugar.is\/wp-content\/uploads\/2025\/12\/image-2-1-scaled.jpg\" \/>\n\t<meta property=\"og:image:width\" content=\"2560\" \/>\n\t<meta property=\"og:image:height\" content=\"1920\" \/>\n\t<meta property=\"og:image:type\" content=\"image\/jpeg\" \/>\n<meta name=\"author\" content=\"Ritari Framhaldssk\u00f3lans \u00e1 Laugum\" \/>\n<meta name=\"twitter:card\" content=\"summary_large_image\" \/>\n<meta name=\"twitter:label1\" content=\"Written by\" \/>\n\t<meta name=\"twitter:data1\" content=\"Ritari Framhaldssk\u00f3lans \u00e1 Laugum\" \/>\n\t<meta name=\"twitter:label2\" content=\"Est. reading time\" \/>\n\t<meta name=\"twitter:data2\" content=\"3 minutes\" \/>\n<script type=\"application\/ld+json\" class=\"yoast-schema-graph\">{\"@context\":\"https:\\\/\\\/schema.org\",\"@graph\":[{\"@type\":\"Article\",\"@id\":\"https:\\\/\\\/laugar.is\\\/?p=10590#article\",\"isPartOf\":{\"@id\":\"https:\\\/\\\/laugar.is\\\/?p=10590\"},\"author\":{\"name\":\"Ritari Framhaldssk\u00f3lans \u00e1 Laugum\",\"@id\":\"https:\\\/\\\/laugar.is\\\/#\\\/schema\\\/person\\\/15a9bc03ef120f11cf86889d5ebdfaf5\"},\"headline\":\"Nemendur og starfsmenn komu saman \u00ed \u00der\u00f3tt\u00f3\",\"datePublished\":\"2025-12-11T10:02:02+00:00\",\"dateModified\":\"2025-12-11T10:02:04+00:00\",\"mainEntityOfPage\":{\"@id\":\"https:\\\/\\\/laugar.is\\\/?p=10590\"},\"wordCount\":363,\"publisher\":{\"@id\":\"https:\\\/\\\/laugar.is\\\/#organization\"},\"image\":{\"@id\":\"https:\\\/\\\/laugar.is\\\/?p=10590#primaryimage\"},\"thumbnailUrl\":\"https:\\\/\\\/laugar.is\\\/wp-content\\\/uploads\\\/2025\\\/12\\\/image-2-1-scaled.jpg\",\"inLanguage\":\"is\"},{\"@type\":\"WebPage\",\"@id\":\"https:\\\/\\\/laugar.is\\\/?p=10590\",\"url\":\"https:\\\/\\\/laugar.is\\\/?p=10590\",\"name\":\"Nemendur og starfsmenn komu saman \u00ed \u00der\u00f3tt\u00f3 - FRAMHALDSSK\u00d3LINN \u00c1 LAUGUM\",\"isPartOf\":{\"@id\":\"https:\\\/\\\/laugar.is\\\/#website\"},\"primaryImageOfPage\":{\"@id\":\"https:\\\/\\\/laugar.is\\\/?p=10590#primaryimage\"},\"image\":{\"@id\":\"https:\\\/\\\/laugar.is\\\/?p=10590#primaryimage\"},\"thumbnailUrl\":\"https:\\\/\\\/laugar.is\\\/wp-content\\\/uploads\\\/2025\\\/12\\\/image-2-1-scaled.jpg\",\"datePublished\":\"2025-12-11T10:02:02+00:00\",\"dateModified\":\"2025-12-11T10:02:04+00:00\",\"description\":\"Nemendur og starfsmenn komu saman \u00ed \u00der\u00f3tt\u00f3\",\"breadcrumb\":{\"@id\":\"https:\\\/\\\/laugar.is\\\/?p=10590#breadcrumb\"},\"inLanguage\":\"is\",\"potentialAction\":[{\"@type\":\"ReadAction\",\"target\":[\"https:\\\/\\\/laugar.is\\\/?p=10590\"]}]},{\"@type\":\"ImageObject\",\"inLanguage\":\"is\",\"@id\":\"https:\\\/\\\/laugar.is\\\/?p=10590#primaryimage\",\"url\":\"https:\\\/\\\/laugar.is\\\/wp-content\\\/uploads\\\/2025\\\/12\\\/image-2-1-scaled.jpg\",\"contentUrl\":\"https:\\\/\\\/laugar.is\\\/wp-content\\\/uploads\\\/2025\\\/12\\\/image-2-1-scaled.jpg\",\"width\":2560,\"height\":1920},{\"@type\":\"BreadcrumbList\",\"@id\":\"https:\\\/\\\/laugar.is\\\/?p=10590#breadcrumb\",\"itemListElement\":[{\"@type\":\"ListItem\",\"position\":1,\"name\":\"Home\",\"item\":\"https:\\\/\\\/laugar.is\\\/\"},{\"@type\":\"ListItem\",\"position\":2,\"name\":\"Nemendur og starfsmenn komu saman \u00ed \u00der\u00f3tt\u00f3\"}]},{\"@type\":\"WebSite\",\"@id\":\"https:\\\/\\\/laugar.is\\\/#website\",\"url\":\"https:\\\/\\\/laugar.is\\\/\",\"name\":\"FRAMHALDSSK\u00d3LINN \u00c1 LAUGUM\",\"description\":\"Metna\u00f0ur - Tr\u00famennska  - Tillitssemi - Gla\u00f0lyndi\",\"publisher\":{\"@id\":\"https:\\\/\\\/laugar.is\\\/#organization\"},\"potentialAction\":[{\"@type\":\"SearchAction\",\"target\":{\"@type\":\"EntryPoint\",\"urlTemplate\":\"https:\\\/\\\/laugar.is\\\/?s={search_term_string}\"},\"query-input\":{\"@type\":\"PropertyValueSpecification\",\"valueRequired\":true,\"valueName\":\"search_term_string\"}}],\"inLanguage\":\"is\"},{\"@type\":\"Organization\",\"@id\":\"https:\\\/\\\/laugar.is\\\/#organization\",\"name\":\"Framhaldssk\u00f3linn \u00e1 Laugum\",\"url\":\"https:\\\/\\\/laugar.is\\\/\",\"logo\":{\"@type\":\"ImageObject\",\"inLanguage\":\"is\",\"@id\":\"https:\\\/\\\/laugar.is\\\/#\\\/schema\\\/logo\\\/image\\\/\",\"url\":\"https:\\\/\\\/laugar.is\\\/wp-content\\\/uploads\\\/2017\\\/01\\\/laugar_merki_antexta-kip.jpg\",\"contentUrl\":\"https:\\\/\\\/laugar.is\\\/wp-content\\\/uploads\\\/2017\\\/01\\\/laugar_merki_antexta-kip.jpg\",\"width\":536,\"height\":551,\"caption\":\"Framhaldssk\u00f3linn \u00e1 Laugum\"},\"image\":{\"@id\":\"https:\\\/\\\/laugar.is\\\/#\\\/schema\\\/logo\\\/image\\\/\"},\"sameAs\":[\"https:\\\/\\\/www.facebook.com\\\/laugaskoli\\\/\"]},{\"@type\":\"Person\",\"@id\":\"https:\\\/\\\/laugar.is\\\/#\\\/schema\\\/person\\\/15a9bc03ef120f11cf86889d5ebdfaf5\",\"name\":\"Ritari Framhaldssk\u00f3lans \u00e1 Laugum\",\"url\":\"https:\\\/\\\/laugar.is\\\/?author=6\"}]}<\/script>\n<!-- \/ Yoast SEO plugin. -->","yoast_head_json":{"title":"Nemendur og starfsmenn komu saman \u00ed \u00der\u00f3tt\u00f3 - FRAMHALDSSK\u00d3LINN \u00c1 LAUGUM","description":"Nemendur og starfsmenn komu saman \u00ed \u00der\u00f3tt\u00f3","robots":{"index":"index","follow":"follow","max-snippet":"max-snippet:-1","max-image-preview":"max-image-preview:large","max-video-preview":"max-video-preview:-1"},"canonical":"https:\/\/laugar.is\/?p=10590","og_locale":"is_IS","og_type":"article","og_title":"Nemendur og starfsmenn komu saman \u00ed \u00der\u00f3tt\u00f3 - FRAMHALDSSK\u00d3LINN \u00c1 LAUGUM","og_description":"Nemendur og starfsmenn komu saman \u00ed \u00der\u00f3tt\u00f3","og_url":"https:\/\/laugar.is\/?p=10590","og_site_name":"FRAMHALDSSK\u00d3LINN \u00c1 LAUGUM","article_publisher":"https:\/\/www.facebook.com\/laugaskoli\/","article_published_time":"2025-12-11T10:02:02+00:00","article_modified_time":"2025-12-11T10:02:04+00:00","og_image":[{"width":2560,"height":1920,"url":"https:\/\/laugar.is\/wp-content\/uploads\/2025\/12\/image-2-1-scaled.jpg","type":"image\/jpeg"}],"author":"Ritari Framhaldssk\u00f3lans \u00e1 Laugum","twitter_card":"summary_large_image","twitter_misc":{"Written by":"Ritari Framhaldssk\u00f3lans \u00e1 Laugum","Est. reading time":"3 minutes"},"schema":{"@context":"https:\/\/schema.org","@graph":[{"@type":"Article","@id":"https:\/\/laugar.is\/?p=10590#article","isPartOf":{"@id":"https:\/\/laugar.is\/?p=10590"},"author":{"name":"Ritari Framhaldssk\u00f3lans \u00e1 Laugum","@id":"https:\/\/laugar.is\/#\/schema\/person\/15a9bc03ef120f11cf86889d5ebdfaf5"},"headline":"Nemendur og starfsmenn komu saman \u00ed \u00der\u00f3tt\u00f3","datePublished":"2025-12-11T10:02:02+00:00","dateModified":"2025-12-11T10:02:04+00:00","mainEntityOfPage":{"@id":"https:\/\/laugar.is\/?p=10590"},"wordCount":363,"publisher":{"@id":"https:\/\/laugar.is\/#organization"},"image":{"@id":"https:\/\/laugar.is\/?p=10590#primaryimage"},"thumbnailUrl":"https:\/\/laugar.is\/wp-content\/uploads\/2025\/12\/image-2-1-scaled.jpg","inLanguage":"is"},{"@type":"WebPage","@id":"https:\/\/laugar.is\/?p=10590","url":"https:\/\/laugar.is\/?p=10590","name":"Nemendur og starfsmenn komu saman \u00ed \u00der\u00f3tt\u00f3 - FRAMHALDSSK\u00d3LINN \u00c1 LAUGUM","isPartOf":{"@id":"https:\/\/laugar.is\/#website"},"primaryImageOfPage":{"@id":"https:\/\/laugar.is\/?p=10590#primaryimage"},"image":{"@id":"https:\/\/laugar.is\/?p=10590#primaryimage"},"thumbnailUrl":"https:\/\/laugar.is\/wp-content\/uploads\/2025\/12\/image-2-1-scaled.jpg","datePublished":"2025-12-11T10:02:02+00:00","dateModified":"2025-12-11T10:02:04+00:00","description":"Nemendur og starfsmenn komu saman \u00ed \u00der\u00f3tt\u00f3","breadcrumb":{"@id":"https:\/\/laugar.is\/?p=10590#breadcrumb"},"inLanguage":"is","potentialAction":[{"@type":"ReadAction","target":["https:\/\/laugar.is\/?p=10590"]}]},{"@type":"ImageObject","inLanguage":"is","@id":"https:\/\/laugar.is\/?p=10590#primaryimage","url":"https:\/\/laugar.is\/wp-content\/uploads\/2025\/12\/image-2-1-scaled.jpg","contentUrl":"https:\/\/laugar.is\/wp-content\/uploads\/2025\/12\/image-2-1-scaled.jpg","width":2560,"height":1920},{"@type":"BreadcrumbList","@id":"https:\/\/laugar.is\/?p=10590#breadcrumb","itemListElement":[{"@type":"ListItem","position":1,"name":"Home","item":"https:\/\/laugar.is\/"},{"@type":"ListItem","position":2,"name":"Nemendur og starfsmenn komu saman \u00ed \u00der\u00f3tt\u00f3"}]},{"@type":"WebSite","@id":"https:\/\/laugar.is\/#website","url":"https:\/\/laugar.is\/","name":"FRAMHALDSSK\u00d3LINN \u00c1 LAUGUM","description":"Metna\u00f0ur - Tr\u00famennska  - Tillitssemi - Gla\u00f0lyndi","publisher":{"@id":"https:\/\/laugar.is\/#organization"},"potentialAction":[{"@type":"SearchAction","target":{"@type":"EntryPoint","urlTemplate":"https:\/\/laugar.is\/?s={search_term_string}"},"query-input":{"@type":"PropertyValueSpecification","valueRequired":true,"valueName":"search_term_string"}}],"inLanguage":"is"},{"@type":"Organization","@id":"https:\/\/laugar.is\/#organization","name":"Framhaldssk\u00f3linn \u00e1 Laugum","url":"https:\/\/laugar.is\/","logo":{"@type":"ImageObject","inLanguage":"is","@id":"https:\/\/laugar.is\/#\/schema\/logo\/image\/","url":"https:\/\/laugar.is\/wp-content\/uploads\/2017\/01\/laugar_merki_antexta-kip.jpg","contentUrl":"https:\/\/laugar.is\/wp-content\/uploads\/2017\/01\/laugar_merki_antexta-kip.jpg","width":536,"height":551,"caption":"Framhaldssk\u00f3linn \u00e1 Laugum"},"image":{"@id":"https:\/\/laugar.is\/#\/schema\/logo\/image\/"},"sameAs":["https:\/\/www.facebook.com\/laugaskoli\/"]},{"@type":"Person","@id":"https:\/\/laugar.is\/#\/schema\/person\/15a9bc03ef120f11cf86889d5ebdfaf5","name":"Ritari Framhaldssk\u00f3lans \u00e1 Laugum","url":"https:\/\/laugar.is\/?author=6"}]}},"modified_by":"Ritari Framhaldssk\u00f3lans \u00e1 Laugum","_links":{"self":[{"href":"https:\/\/laugar.is\/index.php?rest_route=\/wp\/v2\/posts\/10590","targetHints":{"allow":["GET"]}}],"collection":[{"href":"https:\/\/laugar.is\/index.php?rest_route=\/wp\/v2\/posts"}],"about":[{"href":"https:\/\/laugar.is\/index.php?rest_route=\/wp\/v2\/types\/post"}],"author":[{"embeddable":true,"href":"https:\/\/laugar.is\/index.php?rest_route=\/wp\/v2\/users\/6"}],"replies":[{"embeddable":true,"href":"https:\/\/laugar.is\/index.php?rest_route=%2Fwp%2Fv2%2Fcomments&post=10590"}],"version-history":[{"count":4,"href":"https:\/\/laugar.is\/index.php?rest_route=\/wp\/v2\/posts\/10590\/revisions"}],"predecessor-version":[{"id":10600,"href":"https:\/\/laugar.is\/index.php?rest_route=\/wp\/v2\/posts\/10590\/revisions\/10600"}],"wp:featuredmedia":[{"embeddable":true,"href":"https:\/\/laugar.is\/index.php?rest_route=\/wp\/v2\/media\/10599"}],"wp:attachment":[{"href":"https:\/\/laugar.is\/index.php?rest_route=%2Fwp%2Fv2%2Fmedia&parent=10590"}],"curies":[{"name":"wp","href":"https:\/\/api.w.org\/{rel}","templated":true}]}}