{"id":10529,"date":"2025-12-04T10:36:52","date_gmt":"2025-12-04T10:36:52","guid":{"rendered":"https:\/\/laugar.is\/?p=10529"},"modified":"2025-12-04T10:36:53","modified_gmt":"2025-12-04T10:36:53","slug":"tonkvislin-hlaut-styrk-ur-menningar-og-vidurkenningasjodi-kea-fyrir-arid-2025","status":"publish","type":"post","link":"https:\/\/laugar.is\/?p=10529","title":{"rendered":"T\u00f3nkv\u00edslin hlaut styrk \u00far Menningar &#8211; og vi\u00f0urkenningasj\u00f3\u00f0i KEA fyrir \u00e1ri\u00f0 2025"},"content":{"rendered":"\n<p>\u00dea\u00f0 er \u00e1n\u00e6gjulegt a\u00f0 segja fr\u00e1 \u00fev\u00ed a\u00f0 T\u00f3nkv\u00edslin hlaut styrk \u00far Menningar &#8211; og vi\u00f0urkenningasj\u00f3\u00f0i KEA fyrir \u00e1ri\u00f0 2025. Styrkurinn var afhentur vi\u00f0 formlega ath\u00f6fn \u00ed Hofi 1.desember sl. veittu framkv\u00e6mdast\u00fdrur styrknum vi\u00f0t\u00f6ku. \u00c1 myndinni m\u00e1 sj\u00e1 \u00fe\u00e6r Dagr\u00fanu Ingu og R\u00edkeyju Perlu taka vi\u00f0 styrknum.<\/p>\n<p><img loading=\"lazy\" decoding=\"async\" class=\"alignnone size-large wp-image-10530\" src=\"https:\/\/laugar.is\/wp-content\/uploads\/2025\/12\/20251201_173226-846x1024.jpg\" alt=\"\" width=\"800\" height=\"968\" srcset=\"https:\/\/laugar.is\/wp-content\/uploads\/2025\/12\/20251201_173226-846x1024.jpg 846w, https:\/\/laugar.is\/wp-content\/uploads\/2025\/12\/20251201_173226-248x300.jpg 248w, https:\/\/laugar.is\/wp-content\/uploads\/2025\/12\/20251201_173226-768x929.jpg 768w, https:\/\/laugar.is\/wp-content\/uploads\/2025\/12\/20251201_173226-1269x1536.jpg 1269w, https:\/\/laugar.is\/wp-content\/uploads\/2025\/12\/20251201_173226-1692x2048.jpg 1692w\" sizes=\"auto, (max-width: 800px) 100vw, 800px\" \/><\/p>\n\n\n\n<p><img loading=\"lazy\" decoding=\"async\" class=\"alignnone size-large wp-image-10531\" src=\"https:\/\/laugar.is\/wp-content\/uploads\/2025\/12\/20251201_172816-1024x768.jpg\" alt=\"\" width=\"800\" height=\"600\" srcset=\"https:\/\/laugar.is\/wp-content\/uploads\/2025\/12\/20251201_172816-1024x768.jpg 1024w, https:\/\/laugar.is\/wp-content\/uploads\/2025\/12\/20251201_172816-300x225.jpg 300w, https:\/\/laugar.is\/wp-content\/uploads\/2025\/12\/20251201_172816-768x576.jpg 768w, https:\/\/laugar.is\/wp-content\/uploads\/2025\/12\/20251201_172816-1536x1152.jpg 1536w, https:\/\/laugar.is\/wp-content\/uploads\/2025\/12\/20251201_172816-2048x1536.jpg 2048w\" sizes=\"auto, (max-width: 800px) 100vw, 800px\" \/><\/p>\n","protected":false},"excerpt":{"rendered":"<p>\u00dea\u00f0 er \u00e1n\u00e6gjulegt a\u00f0 segja fr\u00e1 \u00fev\u00ed a\u00f0 T\u00f3nkv\u00edslin hlaut styrk \u00far Menningar &#8211; og vi\u00f0urkenningasj\u00f3\u00f0i KEA fyrir \u00e1ri\u00f0 2025. Styrkurinn var afhentur vi\u00f0 formlega ath\u00f6fn \u00ed Hofi 1.desember sl. veittu framkv\u00e6mdast\u00fdrur styrknum vi\u00f0t\u00f6ku. \u00c1 myndinni m\u00e1 sj\u00e1 \u00fe\u00e6r Dagr\u00fanu Ingu og R\u00edkeyju Perlu taka vi\u00f0 styrknum.<\/p>\n","protected":false},"author":6,"featured_media":10533,"comment_status":"closed","ping_status":"closed","sticky":false,"template":"","format":"standard","meta":{"_acf_changed":false,"_lmt_disableupdate":"","_lmt_disable":"","ngg_post_thumbnail":0,"footnotes":""},"class_list":["post-10529","post","type-post","status-publish","format-standard","has-post-thumbnail","hentry"],"acf":[],"yoast_head":"<!-- This site is optimized with the Yoast SEO plugin v27.5 - https:\/\/yoast.com\/product\/yoast-seo-wordpress\/ -->\n<title>T\u00f3nkv\u00edslin hlaut styrk \u00far Menningar - og vi\u00f0urkenningasj\u00f3\u00f0i KEA fyrir \u00e1ri\u00f0 2025 - FRAMHALDSSK\u00d3LINN \u00c1 LAUGUM<\/title>\n<meta name=\"description\" content=\"T\u00f3nkv\u00edslin hlaut styrk \u00far Menningar - og vi\u00f0urkenningasj\u00f3\u00f0i KEA fyrir \u00e1ri\u00f0 2025\" \/>\n<meta name=\"robots\" content=\"index, follow, max-snippet:-1, max-image-preview:large, max-video-preview:-1\" \/>\n<link rel=\"canonical\" href=\"https:\/\/laugar.is\/?p=10529\" \/>\n<meta property=\"og:locale\" content=\"is_IS\" \/>\n<meta property=\"og:type\" content=\"article\" \/>\n<meta property=\"og:title\" content=\"T\u00f3nkv\u00edslin hlaut styrk \u00far Menningar - og vi\u00f0urkenningasj\u00f3\u00f0i KEA fyrir \u00e1ri\u00f0 2025 - FRAMHALDSSK\u00d3LINN \u00c1 LAUGUM\" \/>\n<meta property=\"og:description\" content=\"T\u00f3nkv\u00edslin hlaut styrk \u00far Menningar - og vi\u00f0urkenningasj\u00f3\u00f0i KEA fyrir \u00e1ri\u00f0 2025\" \/>\n<meta property=\"og:url\" content=\"https:\/\/laugar.is\/?p=10529\" \/>\n<meta property=\"og:site_name\" content=\"FRAMHALDSSK\u00d3LINN \u00c1 LAUGUM\" \/>\n<meta property=\"article:publisher\" content=\"https:\/\/www.facebook.com\/laugaskoli\/\" \/>\n<meta property=\"article:published_time\" content=\"2025-12-04T10:36:52+00:00\" \/>\n<meta property=\"article:modified_time\" content=\"2025-12-04T10:36:53+00:00\" \/>\n<meta property=\"og:image\" content=\"https:\/\/laugar.is\/wp-content\/uploads\/2025\/12\/Untitled-Medium-Banner-US-Landscape-scaled.jpg\" \/>\n\t<meta property=\"og:image:width\" content=\"2560\" \/>\n\t<meta property=\"og:image:height\" content=\"1280\" \/>\n\t<meta property=\"og:image:type\" content=\"image\/jpeg\" \/>\n<meta name=\"author\" content=\"Ritari Framhaldssk\u00f3lans \u00e1 Laugum\" \/>\n<meta name=\"twitter:card\" content=\"summary_large_image\" \/>\n<meta name=\"twitter:label1\" content=\"Written by\" \/>\n\t<meta name=\"twitter:data1\" content=\"Ritari Framhaldssk\u00f3lans \u00e1 Laugum\" \/>\n\t<meta name=\"twitter:label2\" content=\"Est. reading time\" \/>\n\t<meta name=\"twitter:data2\" content=\"1 minute\" \/>\n<script type=\"application\/ld+json\" class=\"yoast-schema-graph\">{\"@context\":\"https:\\\/\\\/schema.org\",\"@graph\":[{\"@type\":\"Article\",\"@id\":\"https:\\\/\\\/laugar.is\\\/?p=10529#article\",\"isPartOf\":{\"@id\":\"https:\\\/\\\/laugar.is\\\/?p=10529\"},\"author\":{\"name\":\"Ritari Framhaldssk\u00f3lans \u00e1 Laugum\",\"@id\":\"https:\\\/\\\/laugar.is\\\/#\\\/schema\\\/person\\\/15a9bc03ef120f11cf86889d5ebdfaf5\"},\"headline\":\"T\u00f3nkv\u00edslin hlaut styrk \u00far Menningar &#8211; og vi\u00f0urkenningasj\u00f3\u00f0i KEA fyrir \u00e1ri\u00f0 2025\",\"datePublished\":\"2025-12-04T10:36:52+00:00\",\"dateModified\":\"2025-12-04T10:36:53+00:00\",\"mainEntityOfPage\":{\"@id\":\"https:\\\/\\\/laugar.is\\\/?p=10529\"},\"wordCount\":71,\"publisher\":{\"@id\":\"https:\\\/\\\/laugar.is\\\/#organization\"},\"image\":{\"@id\":\"https:\\\/\\\/laugar.is\\\/?p=10529#primaryimage\"},\"thumbnailUrl\":\"https:\\\/\\\/laugar.is\\\/wp-content\\\/uploads\\\/2025\\\/12\\\/Untitled-Medium-Banner-US-Landscape-scaled.jpg\",\"inLanguage\":\"is\"},{\"@type\":\"WebPage\",\"@id\":\"https:\\\/\\\/laugar.is\\\/?p=10529\",\"url\":\"https:\\\/\\\/laugar.is\\\/?p=10529\",\"name\":\"T\u00f3nkv\u00edslin hlaut styrk \u00far Menningar - og vi\u00f0urkenningasj\u00f3\u00f0i KEA fyrir \u00e1ri\u00f0 2025 - FRAMHALDSSK\u00d3LINN \u00c1 LAUGUM\",\"isPartOf\":{\"@id\":\"https:\\\/\\\/laugar.is\\\/#website\"},\"primaryImageOfPage\":{\"@id\":\"https:\\\/\\\/laugar.is\\\/?p=10529#primaryimage\"},\"image\":{\"@id\":\"https:\\\/\\\/laugar.is\\\/?p=10529#primaryimage\"},\"thumbnailUrl\":\"https:\\\/\\\/laugar.is\\\/wp-content\\\/uploads\\\/2025\\\/12\\\/Untitled-Medium-Banner-US-Landscape-scaled.jpg\",\"datePublished\":\"2025-12-04T10:36:52+00:00\",\"dateModified\":\"2025-12-04T10:36:53+00:00\",\"description\":\"T\u00f3nkv\u00edslin hlaut styrk \u00far Menningar - og vi\u00f0urkenningasj\u00f3\u00f0i KEA fyrir \u00e1ri\u00f0 2025\",\"breadcrumb\":{\"@id\":\"https:\\\/\\\/laugar.is\\\/?p=10529#breadcrumb\"},\"inLanguage\":\"is\",\"potentialAction\":[{\"@type\":\"ReadAction\",\"target\":[\"https:\\\/\\\/laugar.is\\\/?p=10529\"]}]},{\"@type\":\"ImageObject\",\"inLanguage\":\"is\",\"@id\":\"https:\\\/\\\/laugar.is\\\/?p=10529#primaryimage\",\"url\":\"https:\\\/\\\/laugar.is\\\/wp-content\\\/uploads\\\/2025\\\/12\\\/Untitled-Medium-Banner-US-Landscape-scaled.jpg\",\"contentUrl\":\"https:\\\/\\\/laugar.is\\\/wp-content\\\/uploads\\\/2025\\\/12\\\/Untitled-Medium-Banner-US-Landscape-scaled.jpg\",\"width\":2560,\"height\":1280},{\"@type\":\"BreadcrumbList\",\"@id\":\"https:\\\/\\\/laugar.is\\\/?p=10529#breadcrumb\",\"itemListElement\":[{\"@type\":\"ListItem\",\"position\":1,\"name\":\"Home\",\"item\":\"https:\\\/\\\/laugar.is\\\/\"},{\"@type\":\"ListItem\",\"position\":2,\"name\":\"T\u00f3nkv\u00edslin hlaut styrk \u00far Menningar &#8211; og vi\u00f0urkenningasj\u00f3\u00f0i KEA fyrir \u00e1ri\u00f0 2025\"}]},{\"@type\":\"WebSite\",\"@id\":\"https:\\\/\\\/laugar.is\\\/#website\",\"url\":\"https:\\\/\\\/laugar.is\\\/\",\"name\":\"FRAMHALDSSK\u00d3LINN \u00c1 LAUGUM\",\"description\":\"Metna\u00f0ur - Tr\u00famennska  - Tillitssemi - Gla\u00f0lyndi\",\"publisher\":{\"@id\":\"https:\\\/\\\/laugar.is\\\/#organization\"},\"potentialAction\":[{\"@type\":\"SearchAction\",\"target\":{\"@type\":\"EntryPoint\",\"urlTemplate\":\"https:\\\/\\\/laugar.is\\\/?s={search_term_string}\"},\"query-input\":{\"@type\":\"PropertyValueSpecification\",\"valueRequired\":true,\"valueName\":\"search_term_string\"}}],\"inLanguage\":\"is\"},{\"@type\":\"Organization\",\"@id\":\"https:\\\/\\\/laugar.is\\\/#organization\",\"name\":\"Framhaldssk\u00f3linn \u00e1 Laugum\",\"url\":\"https:\\\/\\\/laugar.is\\\/\",\"logo\":{\"@type\":\"ImageObject\",\"inLanguage\":\"is\",\"@id\":\"https:\\\/\\\/laugar.is\\\/#\\\/schema\\\/logo\\\/image\\\/\",\"url\":\"https:\\\/\\\/laugar.is\\\/wp-content\\\/uploads\\\/2017\\\/01\\\/laugar_merki_antexta-kip.jpg\",\"contentUrl\":\"https:\\\/\\\/laugar.is\\\/wp-content\\\/uploads\\\/2017\\\/01\\\/laugar_merki_antexta-kip.jpg\",\"width\":536,\"height\":551,\"caption\":\"Framhaldssk\u00f3linn \u00e1 Laugum\"},\"image\":{\"@id\":\"https:\\\/\\\/laugar.is\\\/#\\\/schema\\\/logo\\\/image\\\/\"},\"sameAs\":[\"https:\\\/\\\/www.facebook.com\\\/laugaskoli\\\/\"]},{\"@type\":\"Person\",\"@id\":\"https:\\\/\\\/laugar.is\\\/#\\\/schema\\\/person\\\/15a9bc03ef120f11cf86889d5ebdfaf5\",\"name\":\"Ritari Framhaldssk\u00f3lans \u00e1 Laugum\",\"url\":\"https:\\\/\\\/laugar.is\\\/?author=6\"}]}<\/script>\n<!-- \/ Yoast SEO plugin. -->","yoast_head_json":{"title":"T\u00f3nkv\u00edslin hlaut styrk \u00far Menningar - og vi\u00f0urkenningasj\u00f3\u00f0i KEA fyrir \u00e1ri\u00f0 2025 - FRAMHALDSSK\u00d3LINN \u00c1 LAUGUM","description":"T\u00f3nkv\u00edslin hlaut styrk \u00far Menningar - og vi\u00f0urkenningasj\u00f3\u00f0i KEA fyrir \u00e1ri\u00f0 2025","robots":{"index":"index","follow":"follow","max-snippet":"max-snippet:-1","max-image-preview":"max-image-preview:large","max-video-preview":"max-video-preview:-1"},"canonical":"https:\/\/laugar.is\/?p=10529","og_locale":"is_IS","og_type":"article","og_title":"T\u00f3nkv\u00edslin hlaut styrk \u00far Menningar - og vi\u00f0urkenningasj\u00f3\u00f0i KEA fyrir \u00e1ri\u00f0 2025 - FRAMHALDSSK\u00d3LINN \u00c1 LAUGUM","og_description":"T\u00f3nkv\u00edslin hlaut styrk \u00far Menningar - og vi\u00f0urkenningasj\u00f3\u00f0i KEA fyrir \u00e1ri\u00f0 2025","og_url":"https:\/\/laugar.is\/?p=10529","og_site_name":"FRAMHALDSSK\u00d3LINN \u00c1 LAUGUM","article_publisher":"https:\/\/www.facebook.com\/laugaskoli\/","article_published_time":"2025-12-04T10:36:52+00:00","article_modified_time":"2025-12-04T10:36:53+00:00","og_image":[{"width":2560,"height":1280,"url":"https:\/\/laugar.is\/wp-content\/uploads\/2025\/12\/Untitled-Medium-Banner-US-Landscape-scaled.jpg","type":"image\/jpeg"}],"author":"Ritari Framhaldssk\u00f3lans \u00e1 Laugum","twitter_card":"summary_large_image","twitter_misc":{"Written by":"Ritari Framhaldssk\u00f3lans \u00e1 Laugum","Est. reading time":"1 minute"},"schema":{"@context":"https:\/\/schema.org","@graph":[{"@type":"Article","@id":"https:\/\/laugar.is\/?p=10529#article","isPartOf":{"@id":"https:\/\/laugar.is\/?p=10529"},"author":{"name":"Ritari Framhaldssk\u00f3lans \u00e1 Laugum","@id":"https:\/\/laugar.is\/#\/schema\/person\/15a9bc03ef120f11cf86889d5ebdfaf5"},"headline":"T\u00f3nkv\u00edslin hlaut styrk \u00far Menningar &#8211; og vi\u00f0urkenningasj\u00f3\u00f0i KEA fyrir \u00e1ri\u00f0 2025","datePublished":"2025-12-04T10:36:52+00:00","dateModified":"2025-12-04T10:36:53+00:00","mainEntityOfPage":{"@id":"https:\/\/laugar.is\/?p=10529"},"wordCount":71,"publisher":{"@id":"https:\/\/laugar.is\/#organization"},"image":{"@id":"https:\/\/laugar.is\/?p=10529#primaryimage"},"thumbnailUrl":"https:\/\/laugar.is\/wp-content\/uploads\/2025\/12\/Untitled-Medium-Banner-US-Landscape-scaled.jpg","inLanguage":"is"},{"@type":"WebPage","@id":"https:\/\/laugar.is\/?p=10529","url":"https:\/\/laugar.is\/?p=10529","name":"T\u00f3nkv\u00edslin hlaut styrk \u00far Menningar - og vi\u00f0urkenningasj\u00f3\u00f0i KEA fyrir \u00e1ri\u00f0 2025 - FRAMHALDSSK\u00d3LINN \u00c1 LAUGUM","isPartOf":{"@id":"https:\/\/laugar.is\/#website"},"primaryImageOfPage":{"@id":"https:\/\/laugar.is\/?p=10529#primaryimage"},"image":{"@id":"https:\/\/laugar.is\/?p=10529#primaryimage"},"thumbnailUrl":"https:\/\/laugar.is\/wp-content\/uploads\/2025\/12\/Untitled-Medium-Banner-US-Landscape-scaled.jpg","datePublished":"2025-12-04T10:36:52+00:00","dateModified":"2025-12-04T10:36:53+00:00","description":"T\u00f3nkv\u00edslin hlaut styrk \u00far Menningar - og vi\u00f0urkenningasj\u00f3\u00f0i KEA fyrir \u00e1ri\u00f0 2025","breadcrumb":{"@id":"https:\/\/laugar.is\/?p=10529#breadcrumb"},"inLanguage":"is","potentialAction":[{"@type":"ReadAction","target":["https:\/\/laugar.is\/?p=10529"]}]},{"@type":"ImageObject","inLanguage":"is","@id":"https:\/\/laugar.is\/?p=10529#primaryimage","url":"https:\/\/laugar.is\/wp-content\/uploads\/2025\/12\/Untitled-Medium-Banner-US-Landscape-scaled.jpg","contentUrl":"https:\/\/laugar.is\/wp-content\/uploads\/2025\/12\/Untitled-Medium-Banner-US-Landscape-scaled.jpg","width":2560,"height":1280},{"@type":"BreadcrumbList","@id":"https:\/\/laugar.is\/?p=10529#breadcrumb","itemListElement":[{"@type":"ListItem","position":1,"name":"Home","item":"https:\/\/laugar.is\/"},{"@type":"ListItem","position":2,"name":"T\u00f3nkv\u00edslin hlaut styrk \u00far Menningar &#8211; og vi\u00f0urkenningasj\u00f3\u00f0i KEA fyrir \u00e1ri\u00f0 2025"}]},{"@type":"WebSite","@id":"https:\/\/laugar.is\/#website","url":"https:\/\/laugar.is\/","name":"FRAMHALDSSK\u00d3LINN \u00c1 LAUGUM","description":"Metna\u00f0ur - Tr\u00famennska  - Tillitssemi - Gla\u00f0lyndi","publisher":{"@id":"https:\/\/laugar.is\/#organization"},"potentialAction":[{"@type":"SearchAction","target":{"@type":"EntryPoint","urlTemplate":"https:\/\/laugar.is\/?s={search_term_string}"},"query-input":{"@type":"PropertyValueSpecification","valueRequired":true,"valueName":"search_term_string"}}],"inLanguage":"is"},{"@type":"Organization","@id":"https:\/\/laugar.is\/#organization","name":"Framhaldssk\u00f3linn \u00e1 Laugum","url":"https:\/\/laugar.is\/","logo":{"@type":"ImageObject","inLanguage":"is","@id":"https:\/\/laugar.is\/#\/schema\/logo\/image\/","url":"https:\/\/laugar.is\/wp-content\/uploads\/2017\/01\/laugar_merki_antexta-kip.jpg","contentUrl":"https:\/\/laugar.is\/wp-content\/uploads\/2017\/01\/laugar_merki_antexta-kip.jpg","width":536,"height":551,"caption":"Framhaldssk\u00f3linn \u00e1 Laugum"},"image":{"@id":"https:\/\/laugar.is\/#\/schema\/logo\/image\/"},"sameAs":["https:\/\/www.facebook.com\/laugaskoli\/"]},{"@type":"Person","@id":"https:\/\/laugar.is\/#\/schema\/person\/15a9bc03ef120f11cf86889d5ebdfaf5","name":"Ritari Framhaldssk\u00f3lans \u00e1 Laugum","url":"https:\/\/laugar.is\/?author=6"}]}},"modified_by":"Ritari Framhaldssk\u00f3lans \u00e1 Laugum","_links":{"self":[{"href":"https:\/\/laugar.is\/index.php?rest_route=\/wp\/v2\/posts\/10529","targetHints":{"allow":["GET"]}}],"collection":[{"href":"https:\/\/laugar.is\/index.php?rest_route=\/wp\/v2\/posts"}],"about":[{"href":"https:\/\/laugar.is\/index.php?rest_route=\/wp\/v2\/types\/post"}],"author":[{"embeddable":true,"href":"https:\/\/laugar.is\/index.php?rest_route=\/wp\/v2\/users\/6"}],"replies":[{"embeddable":true,"href":"https:\/\/laugar.is\/index.php?rest_route=%2Fwp%2Fv2%2Fcomments&post=10529"}],"version-history":[{"count":3,"href":"https:\/\/laugar.is\/index.php?rest_route=\/wp\/v2\/posts\/10529\/revisions"}],"predecessor-version":[{"id":10535,"href":"https:\/\/laugar.is\/index.php?rest_route=\/wp\/v2\/posts\/10529\/revisions\/10535"}],"wp:featuredmedia":[{"embeddable":true,"href":"https:\/\/laugar.is\/index.php?rest_route=\/wp\/v2\/media\/10533"}],"wp:attachment":[{"href":"https:\/\/laugar.is\/index.php?rest_route=%2Fwp%2Fv2%2Fmedia&parent=10529"}],"curies":[{"name":"wp","href":"https:\/\/api.w.org\/{rel}","templated":true}]}}