{"id":10526,"date":"2025-12-02T11:05:14","date_gmt":"2025-12-02T11:05:14","guid":{"rendered":"https:\/\/laugar.is\/?p=10526"},"modified":"2025-12-02T11:05:14","modified_gmt":"2025-12-02T11:05:14","slug":"skolinn-skreyttur","status":"publish","type":"post","link":"https:\/\/laugar.is\/?p=10526","title":{"rendered":"Sk\u00f3linn skreyttur"},"content":{"rendered":"\n<p><b><span data-contrast=\"auto\">J\u00f3lin eru komin, e\u00f0a n\u00e6stum \u00fev\u00ed!<\/span><\/b><span data-ccp-props=\"{}\">&nbsp;<\/span><\/p>\n<p><span data-contrast=\"auto\">J\u00f3lastemning skapa\u00f0ist \u00ed vikunni \u00feegar skreytinganefndin byrja\u00f0i a\u00f0 skreyta allan sk\u00f3lann me\u00f0 j\u00f3laskrauti.&nbsp;<\/span><span data-ccp-props=\"{}\">&nbsp;<\/span><\/p>\n<p><span data-contrast=\"auto\">\u00deetta er samt sem \u00e1\u00f0ur b\u00fain a\u00f0 vera krefjandi vika vegna \u00feess n\u00fa er a\u00f0 koma a\u00f0 \u00fev\u00ed a\u00f0 \u00f6nnin s\u00e9 b\u00fain og nemendur leggja lokah\u00f6nd \u00e1 verkefni. \u00der\u00e1tt fyrir \u00e1lagi\u00f0 vita nemendur a\u00f0 \u00fea\u00f0 styttist \u00ed j\u00f3lafr\u00ed og \u00fea\u00f0 l\u00e9ttir andr\u00famslofti\u00f0.<\/span><span data-ccp-props=\"{}\">&nbsp;<\/span><\/p>\n<p><span data-contrast=\"auto\">Skreytinganefndin hefur veri\u00f0 \u00ed sm\u00e1 dvala s\u00ed\u00f0an \u00e1 T\u00f3nkv\u00edslinni en hefur sn\u00fai\u00f0 til baka til \u00feess a\u00f0 skreyta sk\u00f3lann me\u00f0 alls konar j\u00f3laskrauti t.d. bjuggu \u00feau til j\u00f3lapakka og \u00feeir standa n\u00fa \u00e1 ganginum hj\u00e1 ritara, j\u00f3latr\u00e9 inn \u00ed matsal, m\u00fasastigar \u00fat um allt og hefur margt anna\u00f0 hefur veri\u00f0 sett upp.<\/span><span data-ccp-props=\"{}\">&nbsp;<\/span><\/p>\n<p><span data-ccp-props=\"{}\"> <img loading=\"lazy\" decoding=\"async\" class=\"alignnone size-large wp-image-10527\" src=\"https:\/\/laugar.is\/wp-content\/uploads\/2025\/12\/Red-White-Simple-Vintage-Photo-Collage-Christmas-Instagram-Post-768x1024.jpg\" alt=\"\" width=\"768\" height=\"1024\" srcset=\"https:\/\/laugar.is\/wp-content\/uploads\/2025\/12\/Red-White-Simple-Vintage-Photo-Collage-Christmas-Instagram-Post-768x1024.jpg 768w, https:\/\/laugar.is\/wp-content\/uploads\/2025\/12\/Red-White-Simple-Vintage-Photo-Collage-Christmas-Instagram-Post-225x300.jpg 225w, https:\/\/laugar.is\/wp-content\/uploads\/2025\/12\/Red-White-Simple-Vintage-Photo-Collage-Christmas-Instagram-Post.jpg 1080w\" sizes=\"auto, (max-width: 768px) 100vw, 768px\" \/><\/span><\/p>\n<p><span data-contrast=\"auto\">Fr\u00e9tt: <strong>Matth\u00edas \u00dalfur Krist\u00f3fersson<\/strong><\/span><strong>&nbsp;<\/strong><\/p>\n\n\n","protected":false},"excerpt":{"rendered":"<p>J\u00f3lin eru komin, e\u00f0a n\u00e6stum \u00fev\u00ed!&nbsp; J\u00f3lastemning skapa\u00f0ist \u00ed vikunni \u00feegar skreytinganefndin byrja\u00f0i a\u00f0 skreyta allan sk\u00f3lann me\u00f0 j\u00f3laskrauti.&nbsp;&nbsp; \u00deetta er samt sem \u00e1\u00f0ur b\u00fain a\u00f0 vera krefjandi vika vegna \u00feess n\u00fa er a\u00f0 koma a\u00f0 \u00fev\u00ed a\u00f0 \u00f6nnin s\u00e9 b\u00fain og nemendur leggja lokah\u00f6nd \u00e1 verkefni. \u00der\u00e1tt fyrir \u00e1lagi\u00f0 vita nemendur a\u00f0 \u00fea\u00f0 styttist \u00ed j\u00f3lafr\u00ed og \u00fea\u00f0 l\u00e9ttir andr\u00famslofti\u00f0.&nbsp; Skreytinganefndin hefur veri\u00f0 \u00ed sm\u00e1 dvala s\u00ed\u00f0an \u00e1 T\u00f3nkv\u00edslinni <a class=\"more-link\" href=\"https:\/\/laugar.is\/?p=10526\">&#8230;Lestu \u00e1fram<\/a><\/p>\n","protected":false},"author":6,"featured_media":7573,"comment_status":"closed","ping_status":"closed","sticky":false,"template":"","format":"standard","meta":{"_acf_changed":false,"_lmt_disableupdate":"","_lmt_disable":"","ngg_post_thumbnail":0,"footnotes":""},"class_list":["post-10526","post","type-post","status-publish","format-standard","has-post-thumbnail","hentry"],"acf":[],"yoast_head":"<!-- This site is optimized with the Yoast SEO plugin v27.5 - https:\/\/yoast.com\/product\/yoast-seo-wordpress\/ -->\n<title>Sk\u00f3linn skreyttur - FRAMHALDSSK\u00d3LINN \u00c1 LAUGUM<\/title>\n<meta name=\"description\" content=\"Sk\u00f3linn skreyttur\" \/>\n<meta name=\"robots\" content=\"index, follow, max-snippet:-1, max-image-preview:large, max-video-preview:-1\" \/>\n<link rel=\"canonical\" href=\"https:\/\/laugar.is\/?p=10526\" \/>\n<meta property=\"og:locale\" content=\"is_IS\" \/>\n<meta property=\"og:type\" content=\"article\" \/>\n<meta property=\"og:title\" content=\"Sk\u00f3linn skreyttur - FRAMHALDSSK\u00d3LINN \u00c1 LAUGUM\" \/>\n<meta property=\"og:description\" content=\"Sk\u00f3linn skreyttur\" \/>\n<meta property=\"og:url\" content=\"https:\/\/laugar.is\/?p=10526\" \/>\n<meta property=\"og:site_name\" content=\"FRAMHALDSSK\u00d3LINN \u00c1 LAUGUM\" \/>\n<meta property=\"article:publisher\" content=\"https:\/\/www.facebook.com\/laugaskoli\/\" \/>\n<meta property=\"article:published_time\" content=\"2025-12-02T11:05:14+00:00\" \/>\n<meta property=\"og:image\" content=\"https:\/\/laugar.is\/wp-content\/uploads\/2024\/12\/2-scaled.jpg\" \/>\n\t<meta property=\"og:image:width\" content=\"2560\" \/>\n\t<meta property=\"og:image:height\" content=\"1280\" \/>\n\t<meta property=\"og:image:type\" content=\"image\/jpeg\" \/>\n<meta name=\"author\" content=\"Ritari Framhaldssk\u00f3lans \u00e1 Laugum\" \/>\n<meta name=\"twitter:card\" content=\"summary_large_image\" \/>\n<meta name=\"twitter:label1\" content=\"Written by\" \/>\n\t<meta name=\"twitter:data1\" content=\"Ritari Framhaldssk\u00f3lans \u00e1 Laugum\" \/>\n\t<meta name=\"twitter:label2\" content=\"Est. reading time\" \/>\n\t<meta name=\"twitter:data2\" content=\"2 minutes\" \/>\n<script type=\"application\/ld+json\" class=\"yoast-schema-graph\">{\"@context\":\"https:\\\/\\\/schema.org\",\"@graph\":[{\"@type\":\"Article\",\"@id\":\"https:\\\/\\\/laugar.is\\\/?p=10526#article\",\"isPartOf\":{\"@id\":\"https:\\\/\\\/laugar.is\\\/?p=10526\"},\"author\":{\"name\":\"Ritari Framhaldssk\u00f3lans \u00e1 Laugum\",\"@id\":\"https:\\\/\\\/laugar.is\\\/#\\\/schema\\\/person\\\/15a9bc03ef120f11cf86889d5ebdfaf5\"},\"headline\":\"Sk\u00f3linn skreyttur\",\"datePublished\":\"2025-12-02T11:05:14+00:00\",\"mainEntityOfPage\":{\"@id\":\"https:\\\/\\\/laugar.is\\\/?p=10526\"},\"wordCount\":147,\"publisher\":{\"@id\":\"https:\\\/\\\/laugar.is\\\/#organization\"},\"image\":{\"@id\":\"https:\\\/\\\/laugar.is\\\/?p=10526#primaryimage\"},\"thumbnailUrl\":\"https:\\\/\\\/laugar.is\\\/wp-content\\\/uploads\\\/2024\\\/12\\\/2-scaled.jpg\",\"inLanguage\":\"is\"},{\"@type\":\"WebPage\",\"@id\":\"https:\\\/\\\/laugar.is\\\/?p=10526\",\"url\":\"https:\\\/\\\/laugar.is\\\/?p=10526\",\"name\":\"Sk\u00f3linn skreyttur - FRAMHALDSSK\u00d3LINN \u00c1 LAUGUM\",\"isPartOf\":{\"@id\":\"https:\\\/\\\/laugar.is\\\/#website\"},\"primaryImageOfPage\":{\"@id\":\"https:\\\/\\\/laugar.is\\\/?p=10526#primaryimage\"},\"image\":{\"@id\":\"https:\\\/\\\/laugar.is\\\/?p=10526#primaryimage\"},\"thumbnailUrl\":\"https:\\\/\\\/laugar.is\\\/wp-content\\\/uploads\\\/2024\\\/12\\\/2-scaled.jpg\",\"datePublished\":\"2025-12-02T11:05:14+00:00\",\"description\":\"Sk\u00f3linn skreyttur\",\"breadcrumb\":{\"@id\":\"https:\\\/\\\/laugar.is\\\/?p=10526#breadcrumb\"},\"inLanguage\":\"is\",\"potentialAction\":[{\"@type\":\"ReadAction\",\"target\":[\"https:\\\/\\\/laugar.is\\\/?p=10526\"]}]},{\"@type\":\"ImageObject\",\"inLanguage\":\"is\",\"@id\":\"https:\\\/\\\/laugar.is\\\/?p=10526#primaryimage\",\"url\":\"https:\\\/\\\/laugar.is\\\/wp-content\\\/uploads\\\/2024\\\/12\\\/2-scaled.jpg\",\"contentUrl\":\"https:\\\/\\\/laugar.is\\\/wp-content\\\/uploads\\\/2024\\\/12\\\/2-scaled.jpg\",\"width\":2560,\"height\":1280},{\"@type\":\"BreadcrumbList\",\"@id\":\"https:\\\/\\\/laugar.is\\\/?p=10526#breadcrumb\",\"itemListElement\":[{\"@type\":\"ListItem\",\"position\":1,\"name\":\"Home\",\"item\":\"https:\\\/\\\/laugar.is\\\/\"},{\"@type\":\"ListItem\",\"position\":2,\"name\":\"Sk\u00f3linn skreyttur\"}]},{\"@type\":\"WebSite\",\"@id\":\"https:\\\/\\\/laugar.is\\\/#website\",\"url\":\"https:\\\/\\\/laugar.is\\\/\",\"name\":\"FRAMHALDSSK\u00d3LINN \u00c1 LAUGUM\",\"description\":\"Metna\u00f0ur - Tr\u00famennska  - Tillitssemi - Gla\u00f0lyndi\",\"publisher\":{\"@id\":\"https:\\\/\\\/laugar.is\\\/#organization\"},\"potentialAction\":[{\"@type\":\"SearchAction\",\"target\":{\"@type\":\"EntryPoint\",\"urlTemplate\":\"https:\\\/\\\/laugar.is\\\/?s={search_term_string}\"},\"query-input\":{\"@type\":\"PropertyValueSpecification\",\"valueRequired\":true,\"valueName\":\"search_term_string\"}}],\"inLanguage\":\"is\"},{\"@type\":\"Organization\",\"@id\":\"https:\\\/\\\/laugar.is\\\/#organization\",\"name\":\"Framhaldssk\u00f3linn \u00e1 Laugum\",\"url\":\"https:\\\/\\\/laugar.is\\\/\",\"logo\":{\"@type\":\"ImageObject\",\"inLanguage\":\"is\",\"@id\":\"https:\\\/\\\/laugar.is\\\/#\\\/schema\\\/logo\\\/image\\\/\",\"url\":\"https:\\\/\\\/laugar.is\\\/wp-content\\\/uploads\\\/2017\\\/01\\\/laugar_merki_antexta-kip.jpg\",\"contentUrl\":\"https:\\\/\\\/laugar.is\\\/wp-content\\\/uploads\\\/2017\\\/01\\\/laugar_merki_antexta-kip.jpg\",\"width\":536,\"height\":551,\"caption\":\"Framhaldssk\u00f3linn \u00e1 Laugum\"},\"image\":{\"@id\":\"https:\\\/\\\/laugar.is\\\/#\\\/schema\\\/logo\\\/image\\\/\"},\"sameAs\":[\"https:\\\/\\\/www.facebook.com\\\/laugaskoli\\\/\"]},{\"@type\":\"Person\",\"@id\":\"https:\\\/\\\/laugar.is\\\/#\\\/schema\\\/person\\\/15a9bc03ef120f11cf86889d5ebdfaf5\",\"name\":\"Ritari Framhaldssk\u00f3lans \u00e1 Laugum\",\"url\":\"https:\\\/\\\/laugar.is\\\/?author=6\"}]}<\/script>\n<!-- \/ Yoast SEO plugin. -->","yoast_head_json":{"title":"Sk\u00f3linn skreyttur - FRAMHALDSSK\u00d3LINN \u00c1 LAUGUM","description":"Sk\u00f3linn skreyttur","robots":{"index":"index","follow":"follow","max-snippet":"max-snippet:-1","max-image-preview":"max-image-preview:large","max-video-preview":"max-video-preview:-1"},"canonical":"https:\/\/laugar.is\/?p=10526","og_locale":"is_IS","og_type":"article","og_title":"Sk\u00f3linn skreyttur - FRAMHALDSSK\u00d3LINN \u00c1 LAUGUM","og_description":"Sk\u00f3linn skreyttur","og_url":"https:\/\/laugar.is\/?p=10526","og_site_name":"FRAMHALDSSK\u00d3LINN \u00c1 LAUGUM","article_publisher":"https:\/\/www.facebook.com\/laugaskoli\/","article_published_time":"2025-12-02T11:05:14+00:00","og_image":[{"width":2560,"height":1280,"url":"https:\/\/laugar.is\/wp-content\/uploads\/2024\/12\/2-scaled.jpg","type":"image\/jpeg"}],"author":"Ritari Framhaldssk\u00f3lans \u00e1 Laugum","twitter_card":"summary_large_image","twitter_misc":{"Written by":"Ritari Framhaldssk\u00f3lans \u00e1 Laugum","Est. reading time":"2 minutes"},"schema":{"@context":"https:\/\/schema.org","@graph":[{"@type":"Article","@id":"https:\/\/laugar.is\/?p=10526#article","isPartOf":{"@id":"https:\/\/laugar.is\/?p=10526"},"author":{"name":"Ritari Framhaldssk\u00f3lans \u00e1 Laugum","@id":"https:\/\/laugar.is\/#\/schema\/person\/15a9bc03ef120f11cf86889d5ebdfaf5"},"headline":"Sk\u00f3linn skreyttur","datePublished":"2025-12-02T11:05:14+00:00","mainEntityOfPage":{"@id":"https:\/\/laugar.is\/?p=10526"},"wordCount":147,"publisher":{"@id":"https:\/\/laugar.is\/#organization"},"image":{"@id":"https:\/\/laugar.is\/?p=10526#primaryimage"},"thumbnailUrl":"https:\/\/laugar.is\/wp-content\/uploads\/2024\/12\/2-scaled.jpg","inLanguage":"is"},{"@type":"WebPage","@id":"https:\/\/laugar.is\/?p=10526","url":"https:\/\/laugar.is\/?p=10526","name":"Sk\u00f3linn skreyttur - FRAMHALDSSK\u00d3LINN \u00c1 LAUGUM","isPartOf":{"@id":"https:\/\/laugar.is\/#website"},"primaryImageOfPage":{"@id":"https:\/\/laugar.is\/?p=10526#primaryimage"},"image":{"@id":"https:\/\/laugar.is\/?p=10526#primaryimage"},"thumbnailUrl":"https:\/\/laugar.is\/wp-content\/uploads\/2024\/12\/2-scaled.jpg","datePublished":"2025-12-02T11:05:14+00:00","description":"Sk\u00f3linn skreyttur","breadcrumb":{"@id":"https:\/\/laugar.is\/?p=10526#breadcrumb"},"inLanguage":"is","potentialAction":[{"@type":"ReadAction","target":["https:\/\/laugar.is\/?p=10526"]}]},{"@type":"ImageObject","inLanguage":"is","@id":"https:\/\/laugar.is\/?p=10526#primaryimage","url":"https:\/\/laugar.is\/wp-content\/uploads\/2024\/12\/2-scaled.jpg","contentUrl":"https:\/\/laugar.is\/wp-content\/uploads\/2024\/12\/2-scaled.jpg","width":2560,"height":1280},{"@type":"BreadcrumbList","@id":"https:\/\/laugar.is\/?p=10526#breadcrumb","itemListElement":[{"@type":"ListItem","position":1,"name":"Home","item":"https:\/\/laugar.is\/"},{"@type":"ListItem","position":2,"name":"Sk\u00f3linn skreyttur"}]},{"@type":"WebSite","@id":"https:\/\/laugar.is\/#website","url":"https:\/\/laugar.is\/","name":"FRAMHALDSSK\u00d3LINN \u00c1 LAUGUM","description":"Metna\u00f0ur - Tr\u00famennska  - Tillitssemi - Gla\u00f0lyndi","publisher":{"@id":"https:\/\/laugar.is\/#organization"},"potentialAction":[{"@type":"SearchAction","target":{"@type":"EntryPoint","urlTemplate":"https:\/\/laugar.is\/?s={search_term_string}"},"query-input":{"@type":"PropertyValueSpecification","valueRequired":true,"valueName":"search_term_string"}}],"inLanguage":"is"},{"@type":"Organization","@id":"https:\/\/laugar.is\/#organization","name":"Framhaldssk\u00f3linn \u00e1 Laugum","url":"https:\/\/laugar.is\/","logo":{"@type":"ImageObject","inLanguage":"is","@id":"https:\/\/laugar.is\/#\/schema\/logo\/image\/","url":"https:\/\/laugar.is\/wp-content\/uploads\/2017\/01\/laugar_merki_antexta-kip.jpg","contentUrl":"https:\/\/laugar.is\/wp-content\/uploads\/2017\/01\/laugar_merki_antexta-kip.jpg","width":536,"height":551,"caption":"Framhaldssk\u00f3linn \u00e1 Laugum"},"image":{"@id":"https:\/\/laugar.is\/#\/schema\/logo\/image\/"},"sameAs":["https:\/\/www.facebook.com\/laugaskoli\/"]},{"@type":"Person","@id":"https:\/\/laugar.is\/#\/schema\/person\/15a9bc03ef120f11cf86889d5ebdfaf5","name":"Ritari Framhaldssk\u00f3lans \u00e1 Laugum","url":"https:\/\/laugar.is\/?author=6"}]}},"modified_by":"Ritari Framhaldssk\u00f3lans \u00e1 Laugum","_links":{"self":[{"href":"https:\/\/laugar.is\/index.php?rest_route=\/wp\/v2\/posts\/10526","targetHints":{"allow":["GET"]}}],"collection":[{"href":"https:\/\/laugar.is\/index.php?rest_route=\/wp\/v2\/posts"}],"about":[{"href":"https:\/\/laugar.is\/index.php?rest_route=\/wp\/v2\/types\/post"}],"author":[{"embeddable":true,"href":"https:\/\/laugar.is\/index.php?rest_route=\/wp\/v2\/users\/6"}],"replies":[{"embeddable":true,"href":"https:\/\/laugar.is\/index.php?rest_route=%2Fwp%2Fv2%2Fcomments&post=10526"}],"version-history":[{"count":1,"href":"https:\/\/laugar.is\/index.php?rest_route=\/wp\/v2\/posts\/10526\/revisions"}],"predecessor-version":[{"id":10528,"href":"https:\/\/laugar.is\/index.php?rest_route=\/wp\/v2\/posts\/10526\/revisions\/10528"}],"wp:featuredmedia":[{"embeddable":true,"href":"https:\/\/laugar.is\/index.php?rest_route=\/wp\/v2\/media\/7573"}],"wp:attachment":[{"href":"https:\/\/laugar.is\/index.php?rest_route=%2Fwp%2Fv2%2Fmedia&parent=10526"}],"curies":[{"name":"wp","href":"https:\/\/api.w.org\/{rel}","templated":true}]}}