{"id":10507,"date":"2025-11-24T11:20:09","date_gmt":"2025-11-24T11:20:09","guid":{"rendered":"https:\/\/laugar.is\/?p=10507"},"modified":"2025-11-26T10:50:08","modified_gmt":"2025-11-26T10:50:08","slug":"fjolbreytt-themavika","status":"publish","type":"post","link":"https:\/\/laugar.is\/?p=10507","title":{"rendered":"Fj\u00f6lbreytt \u00feemavika"},"content":{"rendered":"\n<p><img loading=\"lazy\" decoding=\"async\" class=\"alignnone size-large wp-image-10511\" src=\"https:\/\/laugar.is\/wp-content\/uploads\/2025\/11\/000_2980-copy-1024x691.jpg\" alt=\"\" width=\"800\" height=\"540\" srcset=\"https:\/\/laugar.is\/wp-content\/uploads\/2025\/11\/000_2980-copy-1024x691.jpg 1024w, https:\/\/laugar.is\/wp-content\/uploads\/2025\/11\/000_2980-copy-300x203.jpg 300w, https:\/\/laugar.is\/wp-content\/uploads\/2025\/11\/000_2980-copy-768x519.jpg 768w, https:\/\/laugar.is\/wp-content\/uploads\/2025\/11\/000_2980-copy-1536x1037.jpg 1536w, https:\/\/laugar.is\/wp-content\/uploads\/2025\/11\/000_2980-copy-2048x1383.jpg 2048w\" sizes=\"auto, (max-width: 800px) 100vw, 800px\" \/><\/p>\n\n\n\n<p><span data-contrast=\"auto\">Skemmtileg stemning skapa\u00f0ist hj\u00e1 okkur \u00e1 Laugum \u00ed vikunni \u00feegar nemendur og starfsf\u00f3lk t\u00f3ku \u00fe\u00e1tt \u00ed fj\u00f6lbreyttri \u00feemaviku. \u00c1 hverjum degi var \u00e1kve\u00f0i\u00f0 \u00feema \u00ed kl\u00e6\u00f0na\u00f0i og allir hvattir til a\u00f0 taka \u00fe\u00e1tt.&nbsp;<\/span><span data-ccp-props=\"{}\">&nbsp;<\/span><\/p>\n<p><span data-contrast=\"auto\">Vikan h\u00f3fst \u00e1 m\u00e1nudegi me\u00f0 <\/span><i><span data-contrast=\"auto\">h\u00f6fu\u00f0fatadegi<\/span><\/i><span data-contrast=\"auto\">, \u00fear sem \u00fe\u00e1tttakendur kl\u00e6ddust st\u00edlf\u00e6r\u00f0um og \u00f3hef\u00f0bundnum h\u00f6fu\u00f0f\u00f6tum, \u00fear voru nemendur m\u00e6ttir me\u00f0 k\u00farekahatta og hj\u00e1lma til a\u00f0 nefna f\u00e1eitt.&nbsp;<\/span><span data-ccp-props=\"{}\">&nbsp;<\/span><\/p>\n<p><span data-contrast=\"auto\">\u00c1 \u00feri\u00f0judegi var komi\u00f0 a\u00f0 <\/span><i><span data-contrast=\"auto\">Celebritydegi<\/span><\/i><span data-contrast=\"auto\"> \u00fear sem markmi\u00f0i\u00f0 var a\u00f0 kl\u00e6\u00f0a sig upp sem fr\u00e6g manneskja og margir ger\u00f0u einmitt \u00fea\u00f0, til d\u00e6mis vorum vi\u00f0 me\u00f0 Herra hnetusmj\u00f6r labbandi um sk\u00f3lann \u00e1samt \u00f6\u00f0rum.&nbsp;<\/span><span data-ccp-props=\"{}\">&nbsp;<\/span><\/p>\n<p><span data-contrast=\"auto\">\u00c1 mi\u00f0vikudegi var <\/span><i><span data-contrast=\"auto\">treyjudagur <\/span><\/i><span data-contrast=\"auto\">\u00feegar allir m\u00e6ttu \u00ed s\u00ednum upp\u00e1halds treyjum \u00ed \u00f6llum m\u00f6gulegum litum.&nbsp;<\/span><span data-ccp-props=\"{}\">&nbsp;<\/span><\/p>\n<p><span data-contrast=\"auto\">\u00c1 fimmtudegi slaka\u00f0i sk\u00f3linn \u00e1 me\u00f0 <\/span><i><span data-contrast=\"auto\">n\u00e1ttfatadegi<\/span><\/i><span data-contrast=\"auto\">, \u00fe\u00e1 r\u00fallu\u00f0um vi\u00f0 nemendurnir og starfsf\u00f3lk fram \u00far r\u00faminu og komum okkur beint \u00ed sk\u00f3lann enn \u00ed n\u00e1ttf\u00f6tunum eins og nafn dagsins gefur til kynna.<\/span><span data-ccp-props=\"{}\">&nbsp;<\/span><\/p>\n<p><span data-contrast=\"auto\">&nbsp;A\u00f0 lokum lauk vikunni me\u00f0 <\/span><i><span data-contrast=\"auto\">Fancy Friday<\/span><\/i><span data-contrast=\"auto\">, \u00fear sem sk\u00f3linn breyttist \u00ed gl\u00e6sivettvang og nemendur kl\u00e6ddust s\u00ednu f\u00ednasta, sama hvort \u00fea\u00f0 voru jakkaf\u00f6t, kj\u00f3lar e\u00f0a hva\u00f0eina.<\/span><span data-ccp-props=\"{}\">&nbsp;<\/span><\/p>\n<p><span data-contrast=\"auto\">\u00deemavikan heppna\u00f0ist afar vel og s\u00fdndi fr\u00e1b\u00e6ran sk\u00f3labrag og g\u00f3\u00f0a samheldni nemenda og starfsf\u00f3lks.<\/span><span data-ccp-props=\"{}\">&nbsp;<\/span><\/p>\n<p>Fr\u00e9tt: <strong>\u00cdris \u00d3sk Sverrisd\u00f3ttir og Halla R\u00fan Fannarsd\u00f3ttir<\/strong><\/p>\n<p>Mynd: <strong>Lilu Zofia Szulc<\/strong><\/p>\n","protected":false},"excerpt":{"rendered":"<p>Skemmtileg stemning skapa\u00f0ist hj\u00e1 okkur \u00e1 Laugum \u00ed vikunni \u00feegar nemendur og starfsf\u00f3lk t\u00f3ku \u00fe\u00e1tt \u00ed fj\u00f6lbreyttri \u00feemaviku. \u00c1 hverjum degi var \u00e1kve\u00f0i\u00f0 \u00feema \u00ed kl\u00e6\u00f0na\u00f0i og allir hvattir til a\u00f0 taka \u00fe\u00e1tt.&nbsp;&nbsp; Vikan h\u00f3fst \u00e1 m\u00e1nudegi me\u00f0 h\u00f6fu\u00f0fatadegi, \u00fear sem \u00fe\u00e1tttakendur kl\u00e6ddust st\u00edlf\u00e6r\u00f0um og \u00f3hef\u00f0bundnum h\u00f6fu\u00f0f\u00f6tum, \u00fear voru nemendur m\u00e6ttir me\u00f0 k\u00farekahatta og hj\u00e1lma til a\u00f0 nefna f\u00e1eitt.&nbsp;&nbsp; \u00c1 \u00feri\u00f0judegi var komi\u00f0 a\u00f0 Celebritydegi \u00fear sem markmi\u00f0i\u00f0 var a\u00f0 <a class=\"more-link\" href=\"https:\/\/laugar.is\/?p=10507\">&#8230;Lestu \u00e1fram<\/a><\/p>\n","protected":false},"author":6,"featured_media":10513,"comment_status":"closed","ping_status":"closed","sticky":false,"template":"","format":"standard","meta":{"_acf_changed":false,"_lmt_disableupdate":"","_lmt_disable":"","ngg_post_thumbnail":0,"footnotes":""},"class_list":["post-10507","post","type-post","status-publish","format-standard","has-post-thumbnail","hentry"],"acf":[],"yoast_head":"<!-- This site is optimized with the Yoast SEO plugin v27.5 - https:\/\/yoast.com\/product\/yoast-seo-wordpress\/ -->\n<title>Fj\u00f6lbreytt \u00feemavika - FRAMHALDSSK\u00d3LINN \u00c1 LAUGUM<\/title>\n<meta name=\"description\" content=\"Fj\u00f6lbreytt \u00feemavika\" \/>\n<meta name=\"robots\" content=\"index, follow, max-snippet:-1, max-image-preview:large, max-video-preview:-1\" \/>\n<link rel=\"canonical\" href=\"https:\/\/laugar.is\/?p=10507\" \/>\n<meta property=\"og:locale\" content=\"is_IS\" \/>\n<meta property=\"og:type\" content=\"article\" \/>\n<meta property=\"og:title\" content=\"Fj\u00f6lbreytt \u00feemavika - FRAMHALDSSK\u00d3LINN \u00c1 LAUGUM\" \/>\n<meta property=\"og:description\" content=\"Fj\u00f6lbreytt \u00feemavika\" \/>\n<meta property=\"og:url\" content=\"https:\/\/laugar.is\/?p=10507\" \/>\n<meta property=\"og:site_name\" content=\"FRAMHALDSSK\u00d3LINN \u00c1 LAUGUM\" \/>\n<meta property=\"article:publisher\" content=\"https:\/\/www.facebook.com\/laugaskoli\/\" \/>\n<meta property=\"article:published_time\" content=\"2025-11-24T11:20:09+00:00\" \/>\n<meta property=\"article:modified_time\" content=\"2025-11-26T10:50:08+00:00\" \/>\n<meta property=\"og:image\" content=\"https:\/\/laugar.is\/wp-content\/uploads\/2025\/11\/Yellow-Blue-Bold-Minimalist-Documentary-Movie-Poster-Outdoor-Banner-120-in-x-36-in-4-scaled.jpg\" \/>\n\t<meta property=\"og:image:width\" content=\"2560\" \/>\n\t<meta property=\"og:image:height\" content=\"768\" \/>\n\t<meta property=\"og:image:type\" content=\"image\/jpeg\" \/>\n<meta name=\"author\" content=\"Ritari Framhaldssk\u00f3lans \u00e1 Laugum\" \/>\n<meta name=\"twitter:card\" content=\"summary_large_image\" \/>\n<meta name=\"twitter:label1\" content=\"Written by\" \/>\n\t<meta name=\"twitter:data1\" content=\"Ritari Framhaldssk\u00f3lans \u00e1 Laugum\" \/>\n\t<meta name=\"twitter:label2\" content=\"Est. reading time\" \/>\n\t<meta name=\"twitter:data2\" content=\"2 minutes\" \/>\n<script type=\"application\/ld+json\" class=\"yoast-schema-graph\">{\"@context\":\"https:\\\/\\\/schema.org\",\"@graph\":[{\"@type\":\"Article\",\"@id\":\"https:\\\/\\\/laugar.is\\\/?p=10507#article\",\"isPartOf\":{\"@id\":\"https:\\\/\\\/laugar.is\\\/?p=10507\"},\"author\":{\"name\":\"Ritari Framhaldssk\u00f3lans \u00e1 Laugum\",\"@id\":\"https:\\\/\\\/laugar.is\\\/#\\\/schema\\\/person\\\/15a9bc03ef120f11cf86889d5ebdfaf5\"},\"headline\":\"Fj\u00f6lbreytt \u00feemavika\",\"datePublished\":\"2025-11-24T11:20:09+00:00\",\"dateModified\":\"2025-11-26T10:50:08+00:00\",\"mainEntityOfPage\":{\"@id\":\"https:\\\/\\\/laugar.is\\\/?p=10507\"},\"wordCount\":257,\"publisher\":{\"@id\":\"https:\\\/\\\/laugar.is\\\/#organization\"},\"image\":{\"@id\":\"https:\\\/\\\/laugar.is\\\/?p=10507#primaryimage\"},\"thumbnailUrl\":\"https:\\\/\\\/laugar.is\\\/wp-content\\\/uploads\\\/2025\\\/11\\\/Yellow-Blue-Bold-Minimalist-Documentary-Movie-Poster-Outdoor-Banner-120-in-x-36-in-4-scaled.jpg\",\"inLanguage\":\"is\"},{\"@type\":\"WebPage\",\"@id\":\"https:\\\/\\\/laugar.is\\\/?p=10507\",\"url\":\"https:\\\/\\\/laugar.is\\\/?p=10507\",\"name\":\"Fj\u00f6lbreytt \u00feemavika - FRAMHALDSSK\u00d3LINN \u00c1 LAUGUM\",\"isPartOf\":{\"@id\":\"https:\\\/\\\/laugar.is\\\/#website\"},\"primaryImageOfPage\":{\"@id\":\"https:\\\/\\\/laugar.is\\\/?p=10507#primaryimage\"},\"image\":{\"@id\":\"https:\\\/\\\/laugar.is\\\/?p=10507#primaryimage\"},\"thumbnailUrl\":\"https:\\\/\\\/laugar.is\\\/wp-content\\\/uploads\\\/2025\\\/11\\\/Yellow-Blue-Bold-Minimalist-Documentary-Movie-Poster-Outdoor-Banner-120-in-x-36-in-4-scaled.jpg\",\"datePublished\":\"2025-11-24T11:20:09+00:00\",\"dateModified\":\"2025-11-26T10:50:08+00:00\",\"description\":\"Fj\u00f6lbreytt \u00feemavika\",\"breadcrumb\":{\"@id\":\"https:\\\/\\\/laugar.is\\\/?p=10507#breadcrumb\"},\"inLanguage\":\"is\",\"potentialAction\":[{\"@type\":\"ReadAction\",\"target\":[\"https:\\\/\\\/laugar.is\\\/?p=10507\"]}]},{\"@type\":\"ImageObject\",\"inLanguage\":\"is\",\"@id\":\"https:\\\/\\\/laugar.is\\\/?p=10507#primaryimage\",\"url\":\"https:\\\/\\\/laugar.is\\\/wp-content\\\/uploads\\\/2025\\\/11\\\/Yellow-Blue-Bold-Minimalist-Documentary-Movie-Poster-Outdoor-Banner-120-in-x-36-in-4-scaled.jpg\",\"contentUrl\":\"https:\\\/\\\/laugar.is\\\/wp-content\\\/uploads\\\/2025\\\/11\\\/Yellow-Blue-Bold-Minimalist-Documentary-Movie-Poster-Outdoor-Banner-120-in-x-36-in-4-scaled.jpg\",\"width\":2560,\"height\":768},{\"@type\":\"BreadcrumbList\",\"@id\":\"https:\\\/\\\/laugar.is\\\/?p=10507#breadcrumb\",\"itemListElement\":[{\"@type\":\"ListItem\",\"position\":1,\"name\":\"Home\",\"item\":\"https:\\\/\\\/laugar.is\\\/\"},{\"@type\":\"ListItem\",\"position\":2,\"name\":\"Fj\u00f6lbreytt \u00feemavika\"}]},{\"@type\":\"WebSite\",\"@id\":\"https:\\\/\\\/laugar.is\\\/#website\",\"url\":\"https:\\\/\\\/laugar.is\\\/\",\"name\":\"FRAMHALDSSK\u00d3LINN \u00c1 LAUGUM\",\"description\":\"Metna\u00f0ur - Tr\u00famennska  - Tillitssemi - Gla\u00f0lyndi\",\"publisher\":{\"@id\":\"https:\\\/\\\/laugar.is\\\/#organization\"},\"potentialAction\":[{\"@type\":\"SearchAction\",\"target\":{\"@type\":\"EntryPoint\",\"urlTemplate\":\"https:\\\/\\\/laugar.is\\\/?s={search_term_string}\"},\"query-input\":{\"@type\":\"PropertyValueSpecification\",\"valueRequired\":true,\"valueName\":\"search_term_string\"}}],\"inLanguage\":\"is\"},{\"@type\":\"Organization\",\"@id\":\"https:\\\/\\\/laugar.is\\\/#organization\",\"name\":\"Framhaldssk\u00f3linn \u00e1 Laugum\",\"url\":\"https:\\\/\\\/laugar.is\\\/\",\"logo\":{\"@type\":\"ImageObject\",\"inLanguage\":\"is\",\"@id\":\"https:\\\/\\\/laugar.is\\\/#\\\/schema\\\/logo\\\/image\\\/\",\"url\":\"https:\\\/\\\/laugar.is\\\/wp-content\\\/uploads\\\/2017\\\/01\\\/laugar_merki_antexta-kip.jpg\",\"contentUrl\":\"https:\\\/\\\/laugar.is\\\/wp-content\\\/uploads\\\/2017\\\/01\\\/laugar_merki_antexta-kip.jpg\",\"width\":536,\"height\":551,\"caption\":\"Framhaldssk\u00f3linn \u00e1 Laugum\"},\"image\":{\"@id\":\"https:\\\/\\\/laugar.is\\\/#\\\/schema\\\/logo\\\/image\\\/\"},\"sameAs\":[\"https:\\\/\\\/www.facebook.com\\\/laugaskoli\\\/\"]},{\"@type\":\"Person\",\"@id\":\"https:\\\/\\\/laugar.is\\\/#\\\/schema\\\/person\\\/15a9bc03ef120f11cf86889d5ebdfaf5\",\"name\":\"Ritari Framhaldssk\u00f3lans \u00e1 Laugum\",\"url\":\"https:\\\/\\\/laugar.is\\\/?author=6\"}]}<\/script>\n<!-- \/ Yoast SEO plugin. -->","yoast_head_json":{"title":"Fj\u00f6lbreytt \u00feemavika - FRAMHALDSSK\u00d3LINN \u00c1 LAUGUM","description":"Fj\u00f6lbreytt \u00feemavika","robots":{"index":"index","follow":"follow","max-snippet":"max-snippet:-1","max-image-preview":"max-image-preview:large","max-video-preview":"max-video-preview:-1"},"canonical":"https:\/\/laugar.is\/?p=10507","og_locale":"is_IS","og_type":"article","og_title":"Fj\u00f6lbreytt \u00feemavika - FRAMHALDSSK\u00d3LINN \u00c1 LAUGUM","og_description":"Fj\u00f6lbreytt \u00feemavika","og_url":"https:\/\/laugar.is\/?p=10507","og_site_name":"FRAMHALDSSK\u00d3LINN \u00c1 LAUGUM","article_publisher":"https:\/\/www.facebook.com\/laugaskoli\/","article_published_time":"2025-11-24T11:20:09+00:00","article_modified_time":"2025-11-26T10:50:08+00:00","og_image":[{"width":2560,"height":768,"url":"https:\/\/laugar.is\/wp-content\/uploads\/2025\/11\/Yellow-Blue-Bold-Minimalist-Documentary-Movie-Poster-Outdoor-Banner-120-in-x-36-in-4-scaled.jpg","type":"image\/jpeg"}],"author":"Ritari Framhaldssk\u00f3lans \u00e1 Laugum","twitter_card":"summary_large_image","twitter_misc":{"Written by":"Ritari Framhaldssk\u00f3lans \u00e1 Laugum","Est. reading time":"2 minutes"},"schema":{"@context":"https:\/\/schema.org","@graph":[{"@type":"Article","@id":"https:\/\/laugar.is\/?p=10507#article","isPartOf":{"@id":"https:\/\/laugar.is\/?p=10507"},"author":{"name":"Ritari Framhaldssk\u00f3lans \u00e1 Laugum","@id":"https:\/\/laugar.is\/#\/schema\/person\/15a9bc03ef120f11cf86889d5ebdfaf5"},"headline":"Fj\u00f6lbreytt \u00feemavika","datePublished":"2025-11-24T11:20:09+00:00","dateModified":"2025-11-26T10:50:08+00:00","mainEntityOfPage":{"@id":"https:\/\/laugar.is\/?p=10507"},"wordCount":257,"publisher":{"@id":"https:\/\/laugar.is\/#organization"},"image":{"@id":"https:\/\/laugar.is\/?p=10507#primaryimage"},"thumbnailUrl":"https:\/\/laugar.is\/wp-content\/uploads\/2025\/11\/Yellow-Blue-Bold-Minimalist-Documentary-Movie-Poster-Outdoor-Banner-120-in-x-36-in-4-scaled.jpg","inLanguage":"is"},{"@type":"WebPage","@id":"https:\/\/laugar.is\/?p=10507","url":"https:\/\/laugar.is\/?p=10507","name":"Fj\u00f6lbreytt \u00feemavika - FRAMHALDSSK\u00d3LINN \u00c1 LAUGUM","isPartOf":{"@id":"https:\/\/laugar.is\/#website"},"primaryImageOfPage":{"@id":"https:\/\/laugar.is\/?p=10507#primaryimage"},"image":{"@id":"https:\/\/laugar.is\/?p=10507#primaryimage"},"thumbnailUrl":"https:\/\/laugar.is\/wp-content\/uploads\/2025\/11\/Yellow-Blue-Bold-Minimalist-Documentary-Movie-Poster-Outdoor-Banner-120-in-x-36-in-4-scaled.jpg","datePublished":"2025-11-24T11:20:09+00:00","dateModified":"2025-11-26T10:50:08+00:00","description":"Fj\u00f6lbreytt \u00feemavika","breadcrumb":{"@id":"https:\/\/laugar.is\/?p=10507#breadcrumb"},"inLanguage":"is","potentialAction":[{"@type":"ReadAction","target":["https:\/\/laugar.is\/?p=10507"]}]},{"@type":"ImageObject","inLanguage":"is","@id":"https:\/\/laugar.is\/?p=10507#primaryimage","url":"https:\/\/laugar.is\/wp-content\/uploads\/2025\/11\/Yellow-Blue-Bold-Minimalist-Documentary-Movie-Poster-Outdoor-Banner-120-in-x-36-in-4-scaled.jpg","contentUrl":"https:\/\/laugar.is\/wp-content\/uploads\/2025\/11\/Yellow-Blue-Bold-Minimalist-Documentary-Movie-Poster-Outdoor-Banner-120-in-x-36-in-4-scaled.jpg","width":2560,"height":768},{"@type":"BreadcrumbList","@id":"https:\/\/laugar.is\/?p=10507#breadcrumb","itemListElement":[{"@type":"ListItem","position":1,"name":"Home","item":"https:\/\/laugar.is\/"},{"@type":"ListItem","position":2,"name":"Fj\u00f6lbreytt \u00feemavika"}]},{"@type":"WebSite","@id":"https:\/\/laugar.is\/#website","url":"https:\/\/laugar.is\/","name":"FRAMHALDSSK\u00d3LINN \u00c1 LAUGUM","description":"Metna\u00f0ur - Tr\u00famennska  - Tillitssemi - Gla\u00f0lyndi","publisher":{"@id":"https:\/\/laugar.is\/#organization"},"potentialAction":[{"@type":"SearchAction","target":{"@type":"EntryPoint","urlTemplate":"https:\/\/laugar.is\/?s={search_term_string}"},"query-input":{"@type":"PropertyValueSpecification","valueRequired":true,"valueName":"search_term_string"}}],"inLanguage":"is"},{"@type":"Organization","@id":"https:\/\/laugar.is\/#organization","name":"Framhaldssk\u00f3linn \u00e1 Laugum","url":"https:\/\/laugar.is\/","logo":{"@type":"ImageObject","inLanguage":"is","@id":"https:\/\/laugar.is\/#\/schema\/logo\/image\/","url":"https:\/\/laugar.is\/wp-content\/uploads\/2017\/01\/laugar_merki_antexta-kip.jpg","contentUrl":"https:\/\/laugar.is\/wp-content\/uploads\/2017\/01\/laugar_merki_antexta-kip.jpg","width":536,"height":551,"caption":"Framhaldssk\u00f3linn \u00e1 Laugum"},"image":{"@id":"https:\/\/laugar.is\/#\/schema\/logo\/image\/"},"sameAs":["https:\/\/www.facebook.com\/laugaskoli\/"]},{"@type":"Person","@id":"https:\/\/laugar.is\/#\/schema\/person\/15a9bc03ef120f11cf86889d5ebdfaf5","name":"Ritari Framhaldssk\u00f3lans \u00e1 Laugum","url":"https:\/\/laugar.is\/?author=6"}]}},"modified_by":"Ritari Framhaldssk\u00f3lans \u00e1 Laugum","_links":{"self":[{"href":"https:\/\/laugar.is\/index.php?rest_route=\/wp\/v2\/posts\/10507","targetHints":{"allow":["GET"]}}],"collection":[{"href":"https:\/\/laugar.is\/index.php?rest_route=\/wp\/v2\/posts"}],"about":[{"href":"https:\/\/laugar.is\/index.php?rest_route=\/wp\/v2\/types\/post"}],"author":[{"embeddable":true,"href":"https:\/\/laugar.is\/index.php?rest_route=\/wp\/v2\/users\/6"}],"replies":[{"embeddable":true,"href":"https:\/\/laugar.is\/index.php?rest_route=%2Fwp%2Fv2%2Fcomments&post=10507"}],"version-history":[{"count":3,"href":"https:\/\/laugar.is\/index.php?rest_route=\/wp\/v2\/posts\/10507\/revisions"}],"predecessor-version":[{"id":10520,"href":"https:\/\/laugar.is\/index.php?rest_route=\/wp\/v2\/posts\/10507\/revisions\/10520"}],"wp:featuredmedia":[{"embeddable":true,"href":"https:\/\/laugar.is\/index.php?rest_route=\/wp\/v2\/media\/10513"}],"wp:attachment":[{"href":"https:\/\/laugar.is\/index.php?rest_route=%2Fwp%2Fv2%2Fmedia&parent=10507"}],"curies":[{"name":"wp","href":"https:\/\/api.w.org\/{rel}","templated":true}]}}