{"id":10443,"date":"2025-11-20T09:42:24","date_gmt":"2025-11-20T09:42:24","guid":{"rendered":"https:\/\/laugar.is\/?p=10443"},"modified":"2025-11-20T09:42:25","modified_gmt":"2025-11-20T09:42:25","slug":"utskriftarnemar-thakka-styrktaradilum","status":"publish","type":"post","link":"https:\/\/laugar.is\/?p=10443","title":{"rendered":"\u00datskriftarnemar \u00feakka styrktara\u00f0ilum"},"content":{"rendered":"\n<p><span data-contrast=\"auto\">N\u00fdjar sk\u00f3lapeysur komnar \u00ed h\u00fas!<\/span><span data-ccp-props=\"{}\">&nbsp;<\/span><\/p>\n<p><span data-contrast=\"auto\">\u00datskriftarnemar hafa \u00e1rlega s\u00e9\u00f0 um a\u00f0 hann og panta sk\u00f3lapeysur og a\u00f0 \u00feessu sinni var \u00fea\u00f0 J\u00f3n A\u00f0alsteinn Sn\u00e6bj\u00f6rnsson sem hanna\u00f0i peysurnar. \u00cd \u00e1r styrktu fimm fyrirt\u00e6ki verkefni\u00f0 og vilja \u00fatskriftarnemar \u00feakka \u00feeim s\u00e9rstaklega fyrir. <\/span><\/p>\n<p><span data-contrast=\"auto\">Fyrirt\u00e6kin sem um r\u00e6\u00f0ir eru <strong>Jar\u00f0b\u00f6\u00f0in vi\u00f0 M\u00fdvatn, Sparisj\u00f3\u00f0ur Su\u00f0ur-\u00deingeyinga, Iceland Travel, Frams\u00fdn og Faglausn.<\/strong><\/span><strong>&nbsp;<\/strong><\/p>\n<p><img loading=\"lazy\" decoding=\"async\" class=\"alignnone size-full wp-image-10444\" src=\"https:\/\/laugar.is\/wp-content\/uploads\/2025\/11\/Untitled-design-7.png\" alt=\"\" width=\"1024\" height=\"768\" srcset=\"https:\/\/laugar.is\/wp-content\/uploads\/2025\/11\/Untitled-design-7.png 1024w, https:\/\/laugar.is\/wp-content\/uploads\/2025\/11\/Untitled-design-7-300x225.png 300w, https:\/\/laugar.is\/wp-content\/uploads\/2025\/11\/Untitled-design-7-768x576.png 768w\" sizes=\"auto, (max-width: 1024px) 100vw, 1024px\" \/><\/p>\n","protected":false},"excerpt":{"rendered":"<p>N\u00fdjar sk\u00f3lapeysur komnar \u00ed h\u00fas!&nbsp; \u00datskriftarnemar hafa \u00e1rlega s\u00e9\u00f0 um a\u00f0 hann og panta sk\u00f3lapeysur og a\u00f0 \u00feessu sinni var \u00fea\u00f0 J\u00f3n A\u00f0alsteinn Sn\u00e6bj\u00f6rnsson sem hanna\u00f0i peysurnar. \u00cd \u00e1r styrktu fimm fyrirt\u00e6ki verkefni\u00f0 og vilja \u00fatskriftarnemar \u00feakka \u00feeim s\u00e9rstaklega fyrir. Fyrirt\u00e6kin sem um r\u00e6\u00f0ir eru Jar\u00f0b\u00f6\u00f0in vi\u00f0 M\u00fdvatn, Sparisj\u00f3\u00f0ur Su\u00f0ur-\u00deingeyinga, Iceland Travel, Frams\u00fdn og Faglausn.&nbsp;<\/p>\n","protected":false},"author":6,"featured_media":10447,"comment_status":"closed","ping_status":"closed","sticky":false,"template":"","format":"standard","meta":{"_acf_changed":false,"_lmt_disableupdate":"","_lmt_disable":"","ngg_post_thumbnail":0,"footnotes":""},"class_list":["post-10443","post","type-post","status-publish","format-standard","has-post-thumbnail","hentry"],"acf":[],"yoast_head":"<!-- This site is optimized with the Yoast SEO plugin v27.5 - https:\/\/yoast.com\/product\/yoast-seo-wordpress\/ -->\n<title>\u00datskriftarnemar \u00feakka styrktara\u00f0ilum - FRAMHALDSSK\u00d3LINN \u00c1 LAUGUM<\/title>\n<meta name=\"description\" content=\"\u00datskriftarnemar \u00feakka styrktara\u00f0ilum\" \/>\n<meta name=\"robots\" content=\"index, follow, max-snippet:-1, max-image-preview:large, max-video-preview:-1\" \/>\n<link rel=\"canonical\" href=\"https:\/\/laugar.is\/?p=10443\" \/>\n<meta property=\"og:locale\" content=\"is_IS\" \/>\n<meta property=\"og:type\" content=\"article\" \/>\n<meta property=\"og:title\" content=\"\u00datskriftarnemar \u00feakka styrktara\u00f0ilum - FRAMHALDSSK\u00d3LINN \u00c1 LAUGUM\" \/>\n<meta property=\"og:description\" content=\"\u00datskriftarnemar \u00feakka styrktara\u00f0ilum\" \/>\n<meta property=\"og:url\" content=\"https:\/\/laugar.is\/?p=10443\" \/>\n<meta property=\"og:site_name\" content=\"FRAMHALDSSK\u00d3LINN \u00c1 LAUGUM\" \/>\n<meta property=\"article:publisher\" content=\"https:\/\/www.facebook.com\/laugaskoli\/\" \/>\n<meta property=\"article:published_time\" content=\"2025-11-20T09:42:24+00:00\" \/>\n<meta property=\"article:modified_time\" content=\"2025-11-20T09:42:25+00:00\" \/>\n<meta property=\"og:image\" content=\"https:\/\/laugar.is\/wp-content\/uploads\/2025\/11\/Blue-Illustration-Summer-Festival-Canvas-Banner-42.33-x-15.88-cm-1.jpg\" \/>\n\t<meta property=\"og:image:width\" content=\"2000\" \/>\n\t<meta property=\"og:image:height\" content=\"750\" \/>\n\t<meta property=\"og:image:type\" content=\"image\/jpeg\" \/>\n<meta name=\"author\" content=\"Ritari Framhaldssk\u00f3lans \u00e1 Laugum\" \/>\n<meta name=\"twitter:card\" content=\"summary_large_image\" \/>\n<meta name=\"twitter:label1\" content=\"Written by\" \/>\n\t<meta name=\"twitter:data1\" content=\"Ritari Framhaldssk\u00f3lans \u00e1 Laugum\" \/>\n\t<meta name=\"twitter:label2\" content=\"Est. reading time\" \/>\n\t<meta name=\"twitter:data2\" content=\"1 minute\" \/>\n<script type=\"application\/ld+json\" class=\"yoast-schema-graph\">{\"@context\":\"https:\\\/\\\/schema.org\",\"@graph\":[{\"@type\":\"Article\",\"@id\":\"https:\\\/\\\/laugar.is\\\/?p=10443#article\",\"isPartOf\":{\"@id\":\"https:\\\/\\\/laugar.is\\\/?p=10443\"},\"author\":{\"name\":\"Ritari Framhaldssk\u00f3lans \u00e1 Laugum\",\"@id\":\"https:\\\/\\\/laugar.is\\\/#\\\/schema\\\/person\\\/15a9bc03ef120f11cf86889d5ebdfaf5\"},\"headline\":\"\u00datskriftarnemar \u00feakka styrktara\u00f0ilum\",\"datePublished\":\"2025-11-20T09:42:24+00:00\",\"dateModified\":\"2025-11-20T09:42:25+00:00\",\"mainEntityOfPage\":{\"@id\":\"https:\\\/\\\/laugar.is\\\/?p=10443\"},\"wordCount\":79,\"publisher\":{\"@id\":\"https:\\\/\\\/laugar.is\\\/#organization\"},\"image\":{\"@id\":\"https:\\\/\\\/laugar.is\\\/?p=10443#primaryimage\"},\"thumbnailUrl\":\"https:\\\/\\\/laugar.is\\\/wp-content\\\/uploads\\\/2025\\\/11\\\/Blue-Illustration-Summer-Festival-Canvas-Banner-42.33-x-15.88-cm-1.jpg\",\"inLanguage\":\"is\"},{\"@type\":\"WebPage\",\"@id\":\"https:\\\/\\\/laugar.is\\\/?p=10443\",\"url\":\"https:\\\/\\\/laugar.is\\\/?p=10443\",\"name\":\"\u00datskriftarnemar \u00feakka styrktara\u00f0ilum - FRAMHALDSSK\u00d3LINN \u00c1 LAUGUM\",\"isPartOf\":{\"@id\":\"https:\\\/\\\/laugar.is\\\/#website\"},\"primaryImageOfPage\":{\"@id\":\"https:\\\/\\\/laugar.is\\\/?p=10443#primaryimage\"},\"image\":{\"@id\":\"https:\\\/\\\/laugar.is\\\/?p=10443#primaryimage\"},\"thumbnailUrl\":\"https:\\\/\\\/laugar.is\\\/wp-content\\\/uploads\\\/2025\\\/11\\\/Blue-Illustration-Summer-Festival-Canvas-Banner-42.33-x-15.88-cm-1.jpg\",\"datePublished\":\"2025-11-20T09:42:24+00:00\",\"dateModified\":\"2025-11-20T09:42:25+00:00\",\"description\":\"\u00datskriftarnemar \u00feakka styrktara\u00f0ilum\",\"breadcrumb\":{\"@id\":\"https:\\\/\\\/laugar.is\\\/?p=10443#breadcrumb\"},\"inLanguage\":\"is\",\"potentialAction\":[{\"@type\":\"ReadAction\",\"target\":[\"https:\\\/\\\/laugar.is\\\/?p=10443\"]}]},{\"@type\":\"ImageObject\",\"inLanguage\":\"is\",\"@id\":\"https:\\\/\\\/laugar.is\\\/?p=10443#primaryimage\",\"url\":\"https:\\\/\\\/laugar.is\\\/wp-content\\\/uploads\\\/2025\\\/11\\\/Blue-Illustration-Summer-Festival-Canvas-Banner-42.33-x-15.88-cm-1.jpg\",\"contentUrl\":\"https:\\\/\\\/laugar.is\\\/wp-content\\\/uploads\\\/2025\\\/11\\\/Blue-Illustration-Summer-Festival-Canvas-Banner-42.33-x-15.88-cm-1.jpg\",\"width\":2000,\"height\":750},{\"@type\":\"BreadcrumbList\",\"@id\":\"https:\\\/\\\/laugar.is\\\/?p=10443#breadcrumb\",\"itemListElement\":[{\"@type\":\"ListItem\",\"position\":1,\"name\":\"Home\",\"item\":\"https:\\\/\\\/laugar.is\\\/\"},{\"@type\":\"ListItem\",\"position\":2,\"name\":\"\u00datskriftarnemar \u00feakka styrktara\u00f0ilum\"}]},{\"@type\":\"WebSite\",\"@id\":\"https:\\\/\\\/laugar.is\\\/#website\",\"url\":\"https:\\\/\\\/laugar.is\\\/\",\"name\":\"FRAMHALDSSK\u00d3LINN \u00c1 LAUGUM\",\"description\":\"Metna\u00f0ur - Tr\u00famennska  - Tillitssemi - Gla\u00f0lyndi\",\"publisher\":{\"@id\":\"https:\\\/\\\/laugar.is\\\/#organization\"},\"potentialAction\":[{\"@type\":\"SearchAction\",\"target\":{\"@type\":\"EntryPoint\",\"urlTemplate\":\"https:\\\/\\\/laugar.is\\\/?s={search_term_string}\"},\"query-input\":{\"@type\":\"PropertyValueSpecification\",\"valueRequired\":true,\"valueName\":\"search_term_string\"}}],\"inLanguage\":\"is\"},{\"@type\":\"Organization\",\"@id\":\"https:\\\/\\\/laugar.is\\\/#organization\",\"name\":\"Framhaldssk\u00f3linn \u00e1 Laugum\",\"url\":\"https:\\\/\\\/laugar.is\\\/\",\"logo\":{\"@type\":\"ImageObject\",\"inLanguage\":\"is\",\"@id\":\"https:\\\/\\\/laugar.is\\\/#\\\/schema\\\/logo\\\/image\\\/\",\"url\":\"https:\\\/\\\/laugar.is\\\/wp-content\\\/uploads\\\/2017\\\/01\\\/laugar_merki_antexta-kip.jpg\",\"contentUrl\":\"https:\\\/\\\/laugar.is\\\/wp-content\\\/uploads\\\/2017\\\/01\\\/laugar_merki_antexta-kip.jpg\",\"width\":536,\"height\":551,\"caption\":\"Framhaldssk\u00f3linn \u00e1 Laugum\"},\"image\":{\"@id\":\"https:\\\/\\\/laugar.is\\\/#\\\/schema\\\/logo\\\/image\\\/\"},\"sameAs\":[\"https:\\\/\\\/www.facebook.com\\\/laugaskoli\\\/\"]},{\"@type\":\"Person\",\"@id\":\"https:\\\/\\\/laugar.is\\\/#\\\/schema\\\/person\\\/15a9bc03ef120f11cf86889d5ebdfaf5\",\"name\":\"Ritari Framhaldssk\u00f3lans \u00e1 Laugum\",\"url\":\"https:\\\/\\\/laugar.is\\\/?author=6\"}]}<\/script>\n<!-- \/ Yoast SEO plugin. -->","yoast_head_json":{"title":"\u00datskriftarnemar \u00feakka styrktara\u00f0ilum - FRAMHALDSSK\u00d3LINN \u00c1 LAUGUM","description":"\u00datskriftarnemar \u00feakka styrktara\u00f0ilum","robots":{"index":"index","follow":"follow","max-snippet":"max-snippet:-1","max-image-preview":"max-image-preview:large","max-video-preview":"max-video-preview:-1"},"canonical":"https:\/\/laugar.is\/?p=10443","og_locale":"is_IS","og_type":"article","og_title":"\u00datskriftarnemar \u00feakka styrktara\u00f0ilum - FRAMHALDSSK\u00d3LINN \u00c1 LAUGUM","og_description":"\u00datskriftarnemar \u00feakka styrktara\u00f0ilum","og_url":"https:\/\/laugar.is\/?p=10443","og_site_name":"FRAMHALDSSK\u00d3LINN \u00c1 LAUGUM","article_publisher":"https:\/\/www.facebook.com\/laugaskoli\/","article_published_time":"2025-11-20T09:42:24+00:00","article_modified_time":"2025-11-20T09:42:25+00:00","og_image":[{"width":2000,"height":750,"url":"https:\/\/laugar.is\/wp-content\/uploads\/2025\/11\/Blue-Illustration-Summer-Festival-Canvas-Banner-42.33-x-15.88-cm-1.jpg","type":"image\/jpeg"}],"author":"Ritari Framhaldssk\u00f3lans \u00e1 Laugum","twitter_card":"summary_large_image","twitter_misc":{"Written by":"Ritari Framhaldssk\u00f3lans \u00e1 Laugum","Est. reading time":"1 minute"},"schema":{"@context":"https:\/\/schema.org","@graph":[{"@type":"Article","@id":"https:\/\/laugar.is\/?p=10443#article","isPartOf":{"@id":"https:\/\/laugar.is\/?p=10443"},"author":{"name":"Ritari Framhaldssk\u00f3lans \u00e1 Laugum","@id":"https:\/\/laugar.is\/#\/schema\/person\/15a9bc03ef120f11cf86889d5ebdfaf5"},"headline":"\u00datskriftarnemar \u00feakka styrktara\u00f0ilum","datePublished":"2025-11-20T09:42:24+00:00","dateModified":"2025-11-20T09:42:25+00:00","mainEntityOfPage":{"@id":"https:\/\/laugar.is\/?p=10443"},"wordCount":79,"publisher":{"@id":"https:\/\/laugar.is\/#organization"},"image":{"@id":"https:\/\/laugar.is\/?p=10443#primaryimage"},"thumbnailUrl":"https:\/\/laugar.is\/wp-content\/uploads\/2025\/11\/Blue-Illustration-Summer-Festival-Canvas-Banner-42.33-x-15.88-cm-1.jpg","inLanguage":"is"},{"@type":"WebPage","@id":"https:\/\/laugar.is\/?p=10443","url":"https:\/\/laugar.is\/?p=10443","name":"\u00datskriftarnemar \u00feakka styrktara\u00f0ilum - FRAMHALDSSK\u00d3LINN \u00c1 LAUGUM","isPartOf":{"@id":"https:\/\/laugar.is\/#website"},"primaryImageOfPage":{"@id":"https:\/\/laugar.is\/?p=10443#primaryimage"},"image":{"@id":"https:\/\/laugar.is\/?p=10443#primaryimage"},"thumbnailUrl":"https:\/\/laugar.is\/wp-content\/uploads\/2025\/11\/Blue-Illustration-Summer-Festival-Canvas-Banner-42.33-x-15.88-cm-1.jpg","datePublished":"2025-11-20T09:42:24+00:00","dateModified":"2025-11-20T09:42:25+00:00","description":"\u00datskriftarnemar \u00feakka styrktara\u00f0ilum","breadcrumb":{"@id":"https:\/\/laugar.is\/?p=10443#breadcrumb"},"inLanguage":"is","potentialAction":[{"@type":"ReadAction","target":["https:\/\/laugar.is\/?p=10443"]}]},{"@type":"ImageObject","inLanguage":"is","@id":"https:\/\/laugar.is\/?p=10443#primaryimage","url":"https:\/\/laugar.is\/wp-content\/uploads\/2025\/11\/Blue-Illustration-Summer-Festival-Canvas-Banner-42.33-x-15.88-cm-1.jpg","contentUrl":"https:\/\/laugar.is\/wp-content\/uploads\/2025\/11\/Blue-Illustration-Summer-Festival-Canvas-Banner-42.33-x-15.88-cm-1.jpg","width":2000,"height":750},{"@type":"BreadcrumbList","@id":"https:\/\/laugar.is\/?p=10443#breadcrumb","itemListElement":[{"@type":"ListItem","position":1,"name":"Home","item":"https:\/\/laugar.is\/"},{"@type":"ListItem","position":2,"name":"\u00datskriftarnemar \u00feakka styrktara\u00f0ilum"}]},{"@type":"WebSite","@id":"https:\/\/laugar.is\/#website","url":"https:\/\/laugar.is\/","name":"FRAMHALDSSK\u00d3LINN \u00c1 LAUGUM","description":"Metna\u00f0ur - Tr\u00famennska  - Tillitssemi - Gla\u00f0lyndi","publisher":{"@id":"https:\/\/laugar.is\/#organization"},"potentialAction":[{"@type":"SearchAction","target":{"@type":"EntryPoint","urlTemplate":"https:\/\/laugar.is\/?s={search_term_string}"},"query-input":{"@type":"PropertyValueSpecification","valueRequired":true,"valueName":"search_term_string"}}],"inLanguage":"is"},{"@type":"Organization","@id":"https:\/\/laugar.is\/#organization","name":"Framhaldssk\u00f3linn \u00e1 Laugum","url":"https:\/\/laugar.is\/","logo":{"@type":"ImageObject","inLanguage":"is","@id":"https:\/\/laugar.is\/#\/schema\/logo\/image\/","url":"https:\/\/laugar.is\/wp-content\/uploads\/2017\/01\/laugar_merki_antexta-kip.jpg","contentUrl":"https:\/\/laugar.is\/wp-content\/uploads\/2017\/01\/laugar_merki_antexta-kip.jpg","width":536,"height":551,"caption":"Framhaldssk\u00f3linn \u00e1 Laugum"},"image":{"@id":"https:\/\/laugar.is\/#\/schema\/logo\/image\/"},"sameAs":["https:\/\/www.facebook.com\/laugaskoli\/"]},{"@type":"Person","@id":"https:\/\/laugar.is\/#\/schema\/person\/15a9bc03ef120f11cf86889d5ebdfaf5","name":"Ritari Framhaldssk\u00f3lans \u00e1 Laugum","url":"https:\/\/laugar.is\/?author=6"}]}},"modified_by":"Ritari Framhaldssk\u00f3lans \u00e1 Laugum","_links":{"self":[{"href":"https:\/\/laugar.is\/index.php?rest_route=\/wp\/v2\/posts\/10443","targetHints":{"allow":["GET"]}}],"collection":[{"href":"https:\/\/laugar.is\/index.php?rest_route=\/wp\/v2\/posts"}],"about":[{"href":"https:\/\/laugar.is\/index.php?rest_route=\/wp\/v2\/types\/post"}],"author":[{"embeddable":true,"href":"https:\/\/laugar.is\/index.php?rest_route=\/wp\/v2\/users\/6"}],"replies":[{"embeddable":true,"href":"https:\/\/laugar.is\/index.php?rest_route=%2Fwp%2Fv2%2Fcomments&post=10443"}],"version-history":[{"count":2,"href":"https:\/\/laugar.is\/index.php?rest_route=\/wp\/v2\/posts\/10443\/revisions"}],"predecessor-version":[{"id":10448,"href":"https:\/\/laugar.is\/index.php?rest_route=\/wp\/v2\/posts\/10443\/revisions\/10448"}],"wp:featuredmedia":[{"embeddable":true,"href":"https:\/\/laugar.is\/index.php?rest_route=\/wp\/v2\/media\/10447"}],"wp:attachment":[{"href":"https:\/\/laugar.is\/index.php?rest_route=%2Fwp%2Fv2%2Fmedia&parent=10443"}],"curies":[{"name":"wp","href":"https:\/\/api.w.org\/{rel}","templated":true}]}}