{"id":10416,"date":"2025-11-18T12:54:44","date_gmt":"2025-11-18T12:54:44","guid":{"rendered":"https:\/\/laugar.is\/?p=10416"},"modified":"2025-11-18T12:54:45","modified_gmt":"2025-11-18T12:54:45","slug":"nemendur-i-utskriftarferd","status":"publish","type":"post","link":"https:\/\/laugar.is\/?p=10416","title":{"rendered":"Nemendur \u00ed \u00fatskriftarfer\u00f0"},"content":{"rendered":"\n<p><strong>Flogi\u00f0 fr\u00e1 Akureyri til Gatwick<\/strong><\/p>\n\n\n\n<p><span class=\"TextRun SCXW47053509 BCX8\" lang=\"IS-IS\" xml:lang=\"IS-IS\" data-contrast=\"auto\"><span class=\"NormalTextRun SCXW47053509 BCX8\">\u00deann 4. n\u00f3vember s\u00ed\u00f0astli\u00f0inn, eftir langt uppbrot \u00e1 hef\u00f0bundnu sk\u00f3lastarfi me\u00f0 afm\u00e6lish\u00e1t\u00ed\u00f0 og T\u00f3nkv\u00edsl, f\u00f3ru nemendur \u00ed \u00fatskriftarfer\u00f0. Nemendurnir voru 21 talsins en me\u00f0 \u00feeim f\u00f3ru tveir starfsmenn. Flogi\u00f0 var fr\u00e1 Akureyri til <\/span><span class=\"NormalTextRun SpellingErrorV2Themed SCXW47053509 BCX8\">Gatwick<\/span><span class=\"NormalTextRun SCXW47053509 BCX8\"> og gist \u00e1 <\/span><span class=\"NormalTextRun SpellingErrorV2Themed SCXW47053509 BCX8\">Radison<\/span> <span class=\"NormalTextRun SpellingErrorV2Themed SCXW47053509 BCX8\">Red<\/span><span class=\"NormalTextRun SCXW47053509 BCX8\"> en \u00e1 me\u00f0fylgjandi mynd m\u00e1 sj\u00e1 nemendur stilla s\u00e9r upp vi\u00f0 styttu h\u00f3telsins.<\/span><\/span><\/p>\n<p><img loading=\"lazy\" decoding=\"async\" class=\"size-full wp-image-10425\" src=\"https:\/\/laugar.is\/wp-content\/uploads\/2025\/11\/3-1024x819-1.jpg\" alt=\"\" width=\"1024\" height=\"695\" srcset=\"https:\/\/laugar.is\/wp-content\/uploads\/2025\/11\/3-1024x819-1.jpg 1024w, https:\/\/laugar.is\/wp-content\/uploads\/2025\/11\/3-1024x819-1-300x204.jpg 300w, https:\/\/laugar.is\/wp-content\/uploads\/2025\/11\/3-1024x819-1-768x521.jpg 768w\" sizes=\"auto, (max-width: 1024px) 100vw, 1024px\" \/><\/p>\n<p>&nbsp;<\/p>\n<p><span class=\"TextRun SCXW47053509 BCX8\" lang=\"IS-IS\" xml:lang=\"IS-IS\" data-contrast=\"auto\"><span class=\"NormalTextRun SCXW47053509 BCX8\">Daginn eftir flaug h\u00f3purinn \u00e1fram til Barcelona og f\u00f3r me\u00f0 r\u00fatu til <\/span><span class=\"NormalTextRun SpellingErrorV2Themed SCXW47053509 BCX8\">Lloret<\/span><span class=\"NormalTextRun SCXW47053509 BCX8\"> de Mar \u00fear sem dvali\u00f0 var \u00ed 6 n\u00e6tur<\/span><span class=\"NormalTextRun SCXW47053509 BCX8\"> og m.a. fari\u00f0 \u00ed <\/span><span class=\"NormalTextRun SpellingErrorV2Themed SCXW47053509 BCX8\">Horrorland<\/span><span class=\"NormalTextRun SCXW47053509 BCX8\">. <\/span><span class=\"NormalTextRun SpellingErrorV2Themed SCXW47053509 BCX8\">Horrorland<\/span><span class=\"NormalTextRun SCXW47053509 BCX8\"> er opna\u00f0 \u00e1rlega \u00ed kringum <\/span><span class=\"NormalTextRun SpellingErrorV2Themed SCXW47053509 BCX8\">hrekkjav\u00f6kuna<\/span><span class=\"NormalTextRun SCXW47053509 BCX8\"> en \u00fe\u00e1 er vatnsleikjagar\u00f0i breytt \u00ed <\/span><span class=\"NormalTextRun SpellingErrorV2Themed SCXW47053509 BCX8\">hrollvekjuh\u00e1t\u00ed\u00f0<\/span><span class=\"NormalTextRun SCXW47053509 BCX8\"> me\u00f0 alls kyns kynjaverum. <\/span><span class=\"NormalTextRun SCXW47053509 BCX8\">\u00deri\u00f0judaginn 11. n\u00f3vember yfirgaf h\u00f3purinn <\/span><span class=\"NormalTextRun SpellingErrorV2Themed SCXW47053509 BCX8\">Lloret<\/span><span class=\"NormalTextRun SCXW47053509 BCX8\"> de Mar, f\u00f3r \u00ed <\/span><span class=\"NormalTextRun SpellingErrorV2Themed SCXW47053509 BCX8\">Po<\/span><span class=\"NormalTextRun SpellingErrorV2Themed SCXW47053509 BCX8\">rtAventura<\/span><span class=\"NormalTextRun SCXW47053509 BCX8\"> skemmtigar\u00f0inn og var\u00f0i deginum \u00fear \u00e1\u00f0ur en hann innrita\u00f0i sig \u00e1 h\u00f3tel Barcelona \u00fear gist var tv\u00e6r n\u00e6tur.<\/span><\/span><\/p>\n<p><strong>Tv\u00e6r n\u00e6tur \u00ed London&nbsp;<\/strong><\/p>\n<p><span class=\"TextRun SCXW47053509 BCX8\" lang=\"IS-IS\" xml:lang=\"IS-IS\" data-contrast=\"auto\"><span class=\"NormalTextRun SCXW47053509 BCX8\"> \u00c1 <\/span><span class=\"NormalTextRun SCXW47053509 BCX8\">fimmtudeginum var flogi\u00f0 aftur til <\/span><span class=\"NormalTextRun SpellingErrorV2Themed SCXW47053509 BCX8\">Gatwick<\/span><span class=\"NormalTextRun SCXW47053509 BCX8\"> og gist tv\u00e6r s\u00ed\u00f0ustu n\u00e6turnar. Fari\u00f0 var tvisvar \u00ed leikh\u00fas \u00ed London, \u00e1 fimmtudagskv\u00f6ldinu f\u00f3ru 13 manns \u00ed Victoria <\/span><span class=\"NormalTextRun SpellingErrorV2Themed SCXW47053509 BCX8\">Palace<\/span> <span class=\"NormalTextRun SpellingErrorV2Themed SCXW47053509 BCX8\">Theatre<\/span><span class=\"NormalTextRun SCXW47053509 BCX8\"> a\u00f0 sj\u00e1 Hamilton og \u00e1 f\u00f6studagskv\u00f6ldinu f\u00f3ru 8 manns \u00ed The <\/span><span class=\"NormalTextRun SpellingErrorV2Themed SCXW47053509 BCX8\">Hippod<\/span><span class=\"NormalTextRun SpellingErrorV2Themed SCXW47053509 BCX8\">rome<\/span> <span class=\"NormalTextRun SpellingErrorV2Themed SCXW47053509 BCX8\">Casino<\/span><span class=\"NormalTextRun SCXW47053509 BCX8\"> a\u00f0 sj\u00e1 Magic Mike.&nbsp;<\/span><\/span><span class=\"EOP SCXW47053509 BCX8\" data-ccp-props=\"{}\">&nbsp;<\/span><\/p>\n\n\n\n\n\n<p><img loading=\"lazy\" decoding=\"async\" class=\"alignnone wp-image-10421 size-full\" src=\"https:\/\/laugar.is\/wp-content\/uploads\/2025\/11\/Minimalist-Aesthetic-Summer-Photo-Collage-.jpg\" alt=\"\" width=\"2000\" height=\"1600\" srcset=\"https:\/\/laugar.is\/wp-content\/uploads\/2025\/11\/Minimalist-Aesthetic-Summer-Photo-Collage-.jpg 2000w, https:\/\/laugar.is\/wp-content\/uploads\/2025\/11\/Minimalist-Aesthetic-Summer-Photo-Collage--300x240.jpg 300w, https:\/\/laugar.is\/wp-content\/uploads\/2025\/11\/Minimalist-Aesthetic-Summer-Photo-Collage--1024x819.jpg 1024w, https:\/\/laugar.is\/wp-content\/uploads\/2025\/11\/Minimalist-Aesthetic-Summer-Photo-Collage--768x614.jpg 768w, https:\/\/laugar.is\/wp-content\/uploads\/2025\/11\/Minimalist-Aesthetic-Summer-Photo-Collage--1536x1229.jpg 1536w\" sizes=\"auto, (max-width: 2000px) 100vw, 2000px\" \/><\/p>\n\n\n\n<p><img loading=\"lazy\" decoding=\"async\" class=\"alignnone wp-image-10419 size-full\" src=\"https:\/\/laugar.is\/wp-content\/uploads\/2025\/11\/2-1.jpg\" alt=\"\" width=\"1500\" height=\"1200\" srcset=\"https:\/\/laugar.is\/wp-content\/uploads\/2025\/11\/2-1.jpg 1500w, https:\/\/laugar.is\/wp-content\/uploads\/2025\/11\/2-1-300x240.jpg 300w, https:\/\/laugar.is\/wp-content\/uploads\/2025\/11\/2-1-1024x819.jpg 1024w, https:\/\/laugar.is\/wp-content\/uploads\/2025\/11\/2-1-768x614.jpg 768w\" sizes=\"auto, (max-width: 1500px) 100vw, 1500px\" \/><\/p>\n","protected":false},"excerpt":{"rendered":"<p>Flogi\u00f0 fr\u00e1 Akureyri til Gatwick \u00deann 4. n\u00f3vember s\u00ed\u00f0astli\u00f0inn, eftir langt uppbrot \u00e1 hef\u00f0bundnu sk\u00f3lastarfi me\u00f0 afm\u00e6lish\u00e1t\u00ed\u00f0 og T\u00f3nkv\u00edsl, f\u00f3ru nemendur \u00ed \u00fatskriftarfer\u00f0. Nemendurnir voru 21 talsins en me\u00f0 \u00feeim f\u00f3ru tveir starfsmenn. Flogi\u00f0 var fr\u00e1 Akureyri til Gatwick og gist \u00e1 Radison Red en \u00e1 me\u00f0fylgjandi mynd m\u00e1 sj\u00e1 nemendur stilla s\u00e9r upp vi\u00f0 styttu h\u00f3telsins. &nbsp; Daginn eftir flaug h\u00f3purinn \u00e1fram til Barcelona og f\u00f3r me\u00f0 r\u00fatu til <a class=\"more-link\" href=\"https:\/\/laugar.is\/?p=10416\">&#8230;Lestu \u00e1fram<\/a><\/p>\n","protected":false},"author":6,"featured_media":10425,"comment_status":"closed","ping_status":"closed","sticky":false,"template":"","format":"standard","meta":{"_acf_changed":false,"_lmt_disableupdate":"","_lmt_disable":"","ngg_post_thumbnail":0,"footnotes":""},"class_list":["post-10416","post","type-post","status-publish","format-standard","has-post-thumbnail","hentry"],"acf":[],"yoast_head":"<!-- This site is optimized with the Yoast SEO plugin v27.5 - https:\/\/yoast.com\/product\/yoast-seo-wordpress\/ -->\n<title>Nemendur \u00ed \u00fatskriftarfer\u00f0 - FRAMHALDSSK\u00d3LINN \u00c1 LAUGUM<\/title>\n<meta name=\"description\" content=\"Nemendur \u00ed \u00fatskriftarfer\u00f0\" \/>\n<meta name=\"robots\" content=\"index, follow, max-snippet:-1, max-image-preview:large, max-video-preview:-1\" \/>\n<link rel=\"canonical\" href=\"https:\/\/laugar.is\/?p=10416\" \/>\n<meta property=\"og:locale\" content=\"is_IS\" \/>\n<meta property=\"og:type\" content=\"article\" \/>\n<meta property=\"og:title\" content=\"Nemendur \u00ed \u00fatskriftarfer\u00f0 - FRAMHALDSSK\u00d3LINN \u00c1 LAUGUM\" \/>\n<meta property=\"og:description\" content=\"Nemendur \u00ed \u00fatskriftarfer\u00f0\" \/>\n<meta property=\"og:url\" content=\"https:\/\/laugar.is\/?p=10416\" \/>\n<meta property=\"og:site_name\" content=\"FRAMHALDSSK\u00d3LINN \u00c1 LAUGUM\" \/>\n<meta property=\"article:publisher\" content=\"https:\/\/www.facebook.com\/laugaskoli\/\" \/>\n<meta property=\"article:published_time\" content=\"2025-11-18T12:54:44+00:00\" \/>\n<meta property=\"article:modified_time\" content=\"2025-11-18T12:54:45+00:00\" \/>\n<meta property=\"og:image\" content=\"https:\/\/laugar.is\/wp-content\/uploads\/2025\/11\/3-1024x819-1.jpg\" \/>\n\t<meta property=\"og:image:width\" content=\"1024\" \/>\n\t<meta property=\"og:image:height\" content=\"695\" \/>\n\t<meta property=\"og:image:type\" content=\"image\/jpeg\" \/>\n<meta name=\"author\" content=\"Ritari Framhaldssk\u00f3lans \u00e1 Laugum\" \/>\n<meta name=\"twitter:card\" content=\"summary_large_image\" \/>\n<meta name=\"twitter:label1\" content=\"Written by\" \/>\n\t<meta name=\"twitter:data1\" content=\"Ritari Framhaldssk\u00f3lans \u00e1 Laugum\" \/>\n\t<meta name=\"twitter:label2\" content=\"Est. reading time\" \/>\n\t<meta name=\"twitter:data2\" content=\"2 minutes\" \/>\n<script type=\"application\/ld+json\" class=\"yoast-schema-graph\">{\"@context\":\"https:\\\/\\\/schema.org\",\"@graph\":[{\"@type\":\"Article\",\"@id\":\"https:\\\/\\\/laugar.is\\\/?p=10416#article\",\"isPartOf\":{\"@id\":\"https:\\\/\\\/laugar.is\\\/?p=10416\"},\"author\":{\"name\":\"Ritari Framhaldssk\u00f3lans \u00e1 Laugum\",\"@id\":\"https:\\\/\\\/laugar.is\\\/#\\\/schema\\\/person\\\/15a9bc03ef120f11cf86889d5ebdfaf5\"},\"headline\":\"Nemendur \u00ed \u00fatskriftarfer\u00f0\",\"datePublished\":\"2025-11-18T12:54:44+00:00\",\"dateModified\":\"2025-11-18T12:54:45+00:00\",\"mainEntityOfPage\":{\"@id\":\"https:\\\/\\\/laugar.is\\\/?p=10416\"},\"wordCount\":206,\"publisher\":{\"@id\":\"https:\\\/\\\/laugar.is\\\/#organization\"},\"image\":{\"@id\":\"https:\\\/\\\/laugar.is\\\/?p=10416#primaryimage\"},\"thumbnailUrl\":\"https:\\\/\\\/laugar.is\\\/wp-content\\\/uploads\\\/2025\\\/11\\\/3-1024x819-1.jpg\",\"inLanguage\":\"is\"},{\"@type\":\"WebPage\",\"@id\":\"https:\\\/\\\/laugar.is\\\/?p=10416\",\"url\":\"https:\\\/\\\/laugar.is\\\/?p=10416\",\"name\":\"Nemendur \u00ed \u00fatskriftarfer\u00f0 - FRAMHALDSSK\u00d3LINN \u00c1 LAUGUM\",\"isPartOf\":{\"@id\":\"https:\\\/\\\/laugar.is\\\/#website\"},\"primaryImageOfPage\":{\"@id\":\"https:\\\/\\\/laugar.is\\\/?p=10416#primaryimage\"},\"image\":{\"@id\":\"https:\\\/\\\/laugar.is\\\/?p=10416#primaryimage\"},\"thumbnailUrl\":\"https:\\\/\\\/laugar.is\\\/wp-content\\\/uploads\\\/2025\\\/11\\\/3-1024x819-1.jpg\",\"datePublished\":\"2025-11-18T12:54:44+00:00\",\"dateModified\":\"2025-11-18T12:54:45+00:00\",\"description\":\"Nemendur \u00ed \u00fatskriftarfer\u00f0\",\"breadcrumb\":{\"@id\":\"https:\\\/\\\/laugar.is\\\/?p=10416#breadcrumb\"},\"inLanguage\":\"is\",\"potentialAction\":[{\"@type\":\"ReadAction\",\"target\":[\"https:\\\/\\\/laugar.is\\\/?p=10416\"]}]},{\"@type\":\"ImageObject\",\"inLanguage\":\"is\",\"@id\":\"https:\\\/\\\/laugar.is\\\/?p=10416#primaryimage\",\"url\":\"https:\\\/\\\/laugar.is\\\/wp-content\\\/uploads\\\/2025\\\/11\\\/3-1024x819-1.jpg\",\"contentUrl\":\"https:\\\/\\\/laugar.is\\\/wp-content\\\/uploads\\\/2025\\\/11\\\/3-1024x819-1.jpg\",\"width\":1024,\"height\":695,\"caption\":\"Minimalist Aesthetic Summer Photo Collage - 3\"},{\"@type\":\"BreadcrumbList\",\"@id\":\"https:\\\/\\\/laugar.is\\\/?p=10416#breadcrumb\",\"itemListElement\":[{\"@type\":\"ListItem\",\"position\":1,\"name\":\"Home\",\"item\":\"https:\\\/\\\/laugar.is\\\/\"},{\"@type\":\"ListItem\",\"position\":2,\"name\":\"Nemendur \u00ed \u00fatskriftarfer\u00f0\"}]},{\"@type\":\"WebSite\",\"@id\":\"https:\\\/\\\/laugar.is\\\/#website\",\"url\":\"https:\\\/\\\/laugar.is\\\/\",\"name\":\"FRAMHALDSSK\u00d3LINN \u00c1 LAUGUM\",\"description\":\"Metna\u00f0ur - Tr\u00famennska  - Tillitssemi - Gla\u00f0lyndi\",\"publisher\":{\"@id\":\"https:\\\/\\\/laugar.is\\\/#organization\"},\"potentialAction\":[{\"@type\":\"SearchAction\",\"target\":{\"@type\":\"EntryPoint\",\"urlTemplate\":\"https:\\\/\\\/laugar.is\\\/?s={search_term_string}\"},\"query-input\":{\"@type\":\"PropertyValueSpecification\",\"valueRequired\":true,\"valueName\":\"search_term_string\"}}],\"inLanguage\":\"is\"},{\"@type\":\"Organization\",\"@id\":\"https:\\\/\\\/laugar.is\\\/#organization\",\"name\":\"Framhaldssk\u00f3linn \u00e1 Laugum\",\"url\":\"https:\\\/\\\/laugar.is\\\/\",\"logo\":{\"@type\":\"ImageObject\",\"inLanguage\":\"is\",\"@id\":\"https:\\\/\\\/laugar.is\\\/#\\\/schema\\\/logo\\\/image\\\/\",\"url\":\"https:\\\/\\\/laugar.is\\\/wp-content\\\/uploads\\\/2017\\\/01\\\/laugar_merki_antexta-kip.jpg\",\"contentUrl\":\"https:\\\/\\\/laugar.is\\\/wp-content\\\/uploads\\\/2017\\\/01\\\/laugar_merki_antexta-kip.jpg\",\"width\":536,\"height\":551,\"caption\":\"Framhaldssk\u00f3linn \u00e1 Laugum\"},\"image\":{\"@id\":\"https:\\\/\\\/laugar.is\\\/#\\\/schema\\\/logo\\\/image\\\/\"},\"sameAs\":[\"https:\\\/\\\/www.facebook.com\\\/laugaskoli\\\/\"]},{\"@type\":\"Person\",\"@id\":\"https:\\\/\\\/laugar.is\\\/#\\\/schema\\\/person\\\/15a9bc03ef120f11cf86889d5ebdfaf5\",\"name\":\"Ritari Framhaldssk\u00f3lans \u00e1 Laugum\",\"url\":\"https:\\\/\\\/laugar.is\\\/?author=6\"}]}<\/script>\n<!-- \/ Yoast SEO plugin. -->","yoast_head_json":{"title":"Nemendur \u00ed \u00fatskriftarfer\u00f0 - FRAMHALDSSK\u00d3LINN \u00c1 LAUGUM","description":"Nemendur \u00ed \u00fatskriftarfer\u00f0","robots":{"index":"index","follow":"follow","max-snippet":"max-snippet:-1","max-image-preview":"max-image-preview:large","max-video-preview":"max-video-preview:-1"},"canonical":"https:\/\/laugar.is\/?p=10416","og_locale":"is_IS","og_type":"article","og_title":"Nemendur \u00ed \u00fatskriftarfer\u00f0 - FRAMHALDSSK\u00d3LINN \u00c1 LAUGUM","og_description":"Nemendur \u00ed \u00fatskriftarfer\u00f0","og_url":"https:\/\/laugar.is\/?p=10416","og_site_name":"FRAMHALDSSK\u00d3LINN \u00c1 LAUGUM","article_publisher":"https:\/\/www.facebook.com\/laugaskoli\/","article_published_time":"2025-11-18T12:54:44+00:00","article_modified_time":"2025-11-18T12:54:45+00:00","og_image":[{"width":1024,"height":695,"url":"https:\/\/laugar.is\/wp-content\/uploads\/2025\/11\/3-1024x819-1.jpg","type":"image\/jpeg"}],"author":"Ritari Framhaldssk\u00f3lans \u00e1 Laugum","twitter_card":"summary_large_image","twitter_misc":{"Written by":"Ritari Framhaldssk\u00f3lans \u00e1 Laugum","Est. reading time":"2 minutes"},"schema":{"@context":"https:\/\/schema.org","@graph":[{"@type":"Article","@id":"https:\/\/laugar.is\/?p=10416#article","isPartOf":{"@id":"https:\/\/laugar.is\/?p=10416"},"author":{"name":"Ritari Framhaldssk\u00f3lans \u00e1 Laugum","@id":"https:\/\/laugar.is\/#\/schema\/person\/15a9bc03ef120f11cf86889d5ebdfaf5"},"headline":"Nemendur \u00ed \u00fatskriftarfer\u00f0","datePublished":"2025-11-18T12:54:44+00:00","dateModified":"2025-11-18T12:54:45+00:00","mainEntityOfPage":{"@id":"https:\/\/laugar.is\/?p=10416"},"wordCount":206,"publisher":{"@id":"https:\/\/laugar.is\/#organization"},"image":{"@id":"https:\/\/laugar.is\/?p=10416#primaryimage"},"thumbnailUrl":"https:\/\/laugar.is\/wp-content\/uploads\/2025\/11\/3-1024x819-1.jpg","inLanguage":"is"},{"@type":"WebPage","@id":"https:\/\/laugar.is\/?p=10416","url":"https:\/\/laugar.is\/?p=10416","name":"Nemendur \u00ed \u00fatskriftarfer\u00f0 - FRAMHALDSSK\u00d3LINN \u00c1 LAUGUM","isPartOf":{"@id":"https:\/\/laugar.is\/#website"},"primaryImageOfPage":{"@id":"https:\/\/laugar.is\/?p=10416#primaryimage"},"image":{"@id":"https:\/\/laugar.is\/?p=10416#primaryimage"},"thumbnailUrl":"https:\/\/laugar.is\/wp-content\/uploads\/2025\/11\/3-1024x819-1.jpg","datePublished":"2025-11-18T12:54:44+00:00","dateModified":"2025-11-18T12:54:45+00:00","description":"Nemendur \u00ed \u00fatskriftarfer\u00f0","breadcrumb":{"@id":"https:\/\/laugar.is\/?p=10416#breadcrumb"},"inLanguage":"is","potentialAction":[{"@type":"ReadAction","target":["https:\/\/laugar.is\/?p=10416"]}]},{"@type":"ImageObject","inLanguage":"is","@id":"https:\/\/laugar.is\/?p=10416#primaryimage","url":"https:\/\/laugar.is\/wp-content\/uploads\/2025\/11\/3-1024x819-1.jpg","contentUrl":"https:\/\/laugar.is\/wp-content\/uploads\/2025\/11\/3-1024x819-1.jpg","width":1024,"height":695,"caption":"Minimalist Aesthetic Summer Photo Collage - 3"},{"@type":"BreadcrumbList","@id":"https:\/\/laugar.is\/?p=10416#breadcrumb","itemListElement":[{"@type":"ListItem","position":1,"name":"Home","item":"https:\/\/laugar.is\/"},{"@type":"ListItem","position":2,"name":"Nemendur \u00ed \u00fatskriftarfer\u00f0"}]},{"@type":"WebSite","@id":"https:\/\/laugar.is\/#website","url":"https:\/\/laugar.is\/","name":"FRAMHALDSSK\u00d3LINN \u00c1 LAUGUM","description":"Metna\u00f0ur - Tr\u00famennska  - Tillitssemi - Gla\u00f0lyndi","publisher":{"@id":"https:\/\/laugar.is\/#organization"},"potentialAction":[{"@type":"SearchAction","target":{"@type":"EntryPoint","urlTemplate":"https:\/\/laugar.is\/?s={search_term_string}"},"query-input":{"@type":"PropertyValueSpecification","valueRequired":true,"valueName":"search_term_string"}}],"inLanguage":"is"},{"@type":"Organization","@id":"https:\/\/laugar.is\/#organization","name":"Framhaldssk\u00f3linn \u00e1 Laugum","url":"https:\/\/laugar.is\/","logo":{"@type":"ImageObject","inLanguage":"is","@id":"https:\/\/laugar.is\/#\/schema\/logo\/image\/","url":"https:\/\/laugar.is\/wp-content\/uploads\/2017\/01\/laugar_merki_antexta-kip.jpg","contentUrl":"https:\/\/laugar.is\/wp-content\/uploads\/2017\/01\/laugar_merki_antexta-kip.jpg","width":536,"height":551,"caption":"Framhaldssk\u00f3linn \u00e1 Laugum"},"image":{"@id":"https:\/\/laugar.is\/#\/schema\/logo\/image\/"},"sameAs":["https:\/\/www.facebook.com\/laugaskoli\/"]},{"@type":"Person","@id":"https:\/\/laugar.is\/#\/schema\/person\/15a9bc03ef120f11cf86889d5ebdfaf5","name":"Ritari Framhaldssk\u00f3lans \u00e1 Laugum","url":"https:\/\/laugar.is\/?author=6"}]}},"modified_by":"Ritari Framhaldssk\u00f3lans \u00e1 Laugum","_links":{"self":[{"href":"https:\/\/laugar.is\/index.php?rest_route=\/wp\/v2\/posts\/10416","targetHints":{"allow":["GET"]}}],"collection":[{"href":"https:\/\/laugar.is\/index.php?rest_route=\/wp\/v2\/posts"}],"about":[{"href":"https:\/\/laugar.is\/index.php?rest_route=\/wp\/v2\/types\/post"}],"author":[{"embeddable":true,"href":"https:\/\/laugar.is\/index.php?rest_route=\/wp\/v2\/users\/6"}],"replies":[{"embeddable":true,"href":"https:\/\/laugar.is\/index.php?rest_route=%2Fwp%2Fv2%2Fcomments&post=10416"}],"version-history":[{"count":11,"href":"https:\/\/laugar.is\/index.php?rest_route=\/wp\/v2\/posts\/10416\/revisions"}],"predecessor-version":[{"id":10432,"href":"https:\/\/laugar.is\/index.php?rest_route=\/wp\/v2\/posts\/10416\/revisions\/10432"}],"wp:featuredmedia":[{"embeddable":true,"href":"https:\/\/laugar.is\/index.php?rest_route=\/wp\/v2\/media\/10425"}],"wp:attachment":[{"href":"https:\/\/laugar.is\/index.php?rest_route=%2Fwp%2Fv2%2Fmedia&parent=10416"}],"curies":[{"name":"wp","href":"https:\/\/api.w.org\/{rel}","templated":true}]}}