{"id":10305,"date":"2025-11-12T10:13:47","date_gmt":"2025-11-12T10:13:47","guid":{"rendered":"https:\/\/laugar.is\/?p=10305"},"modified":"2025-11-12T10:13:48","modified_gmt":"2025-11-12T10:13:48","slug":"laugabolir-og-brusar","status":"publish","type":"post","link":"https:\/\/laugar.is\/?p=10305","title":{"rendered":"Laugabolir og br\u00fasar"},"content":{"rendered":"\n<div dir=\"auto\">Vegna fj\u00f6lda fyrirspurna um Laugask\u00f3labolina, sem starfsf\u00f3lk og nemendur kl\u00e6ddust \u00e1 100 \u00e1ra afm\u00e6li sk\u00f3lans, h\u00f6fum vi\u00f0 \u00e1kve\u00f0i\u00f0 a\u00f0 l\u00e1ta framlei\u00f0a fleiri boli og bj\u00f3\u00f0a velunnurum sk\u00f3lans til kaups. Bolirnir eru \u00ed st\u00e6r\u00f0um XS-S-M-L-XL-XXL og barnabolir \u00ed st\u00e6r\u00f0um 3-4 \u00e1ra, 5-6 \u00e1ra, 7-8 \u00e1ra, 9-11 \u00e1ra og 12-13 \u00e1ra. Bolirnir eru \u00far \u00ed\u00fer\u00f3ttaefni og halda s\u00e9r vel \u00ed \u00fevotti. Ver\u00f0:3500.-<\/div>\n<div dir=\"auto\">Einnig eigum vi\u00f0 a\u00f0eins eftir a\u00f0 drykkjarm\u00e1lum me\u00f0 mynd af sk\u00f3lanum, sem framleidd voru \u00ed tilefni af 100 \u00e1ra afm\u00e6linu. Ver\u00f0:3500.- Takmarka\u00f0 magn\u2026fyrstu kemur fyrstur f\u00e6r.<\/div>\n<div dir=\"auto\">&nbsp;<\/div>\n<div dir=\"auto\">H\u00e6gt er a\u00f0 panta \u00ed t\u00f6lvup\u00f3sti \u00e1 netf\u00f6ngin:<\/div>\n<div dir=\"auto\">liluzs24@laugar.is, emeliabn24@laugar.is, freyjars24@laugar.is fyrir 15. n\u00f3vember.<\/div>\n<div dir=\"auto\">Getum sent hvert \u00e1 land sem er \u00e1 kostna\u00f0 vi\u00f0takenda.<\/div>\n<div dir=\"auto\">\u00c1g\u00f3\u00f0i af s\u00f6lunni rennur \u00ed fer\u00f0asj\u00f3\u00f0 \u00fatskriftarnema vori\u00f0 2027.<\/div>\n<div dir=\"auto\">&nbsp;<\/div>\n<div dir=\"auto\"><img loading=\"lazy\" decoding=\"async\" class=\"alignnone size-large wp-image-10306\" src=\"https:\/\/laugar.is\/wp-content\/uploads\/2025\/11\/573441324_10229519581566500_375313403188742656_n-724x1024.jpg\" alt=\"\" width=\"724\" height=\"1024\" srcset=\"https:\/\/laugar.is\/wp-content\/uploads\/2025\/11\/573441324_10229519581566500_375313403188742656_n-724x1024.jpg 724w, https:\/\/laugar.is\/wp-content\/uploads\/2025\/11\/573441324_10229519581566500_375313403188742656_n-212x300.jpg 212w, https:\/\/laugar.is\/wp-content\/uploads\/2025\/11\/573441324_10229519581566500_375313403188742656_n-768x1086.jpg 768w, https:\/\/laugar.is\/wp-content\/uploads\/2025\/11\/573441324_10229519581566500_375313403188742656_n-1086x1536.jpg 1086w, https:\/\/laugar.is\/wp-content\/uploads\/2025\/11\/573441324_10229519581566500_375313403188742656_n.jpg 1448w\" sizes=\"auto, (max-width: 724px) 100vw, 724px\" \/> <img loading=\"lazy\" decoding=\"async\" class=\"alignnone size-large wp-image-10307\" src=\"https:\/\/laugar.is\/wp-content\/uploads\/2025\/11\/575140639_10229519579686453_6761997975523984783_n-724x1024.jpg\" alt=\"\" width=\"724\" height=\"1024\" srcset=\"https:\/\/laugar.is\/wp-content\/uploads\/2025\/11\/575140639_10229519579686453_6761997975523984783_n-724x1024.jpg 724w, https:\/\/laugar.is\/wp-content\/uploads\/2025\/11\/575140639_10229519579686453_6761997975523984783_n-212x300.jpg 212w, https:\/\/laugar.is\/wp-content\/uploads\/2025\/11\/575140639_10229519579686453_6761997975523984783_n-768x1086.jpg 768w, https:\/\/laugar.is\/wp-content\/uploads\/2025\/11\/575140639_10229519579686453_6761997975523984783_n-1086x1536.jpg 1086w, https:\/\/laugar.is\/wp-content\/uploads\/2025\/11\/575140639_10229519579686453_6761997975523984783_n.jpg 1448w\" sizes=\"auto, (max-width: 724px) 100vw, 724px\" \/><\/div>\n","protected":false},"excerpt":{"rendered":"<p>Vegna fj\u00f6lda fyrirspurna um Laugask\u00f3labolina, sem starfsf\u00f3lk og nemendur kl\u00e6ddust \u00e1 100 \u00e1ra afm\u00e6li sk\u00f3lans, h\u00f6fum vi\u00f0 \u00e1kve\u00f0i\u00f0 a\u00f0 l\u00e1ta framlei\u00f0a fleiri boli og bj\u00f3\u00f0a velunnurum sk\u00f3lans til kaups. Bolirnir eru \u00ed st\u00e6r\u00f0um XS-S-M-L-XL-XXL og barnabolir \u00ed st\u00e6r\u00f0um 3-4 \u00e1ra, 5-6 \u00e1ra, 7-8 \u00e1ra, 9-11 \u00e1ra og 12-13 \u00e1ra. Bolirnir eru \u00far \u00ed\u00fer\u00f3ttaefni og halda s\u00e9r vel \u00ed \u00fevotti. Ver\u00f0:3500.- Einnig eigum vi\u00f0 a\u00f0eins eftir a\u00f0 drykkjarm\u00e1lum me\u00f0 mynd af <a class=\"more-link\" href=\"https:\/\/laugar.is\/?p=10305\">&#8230;Lestu \u00e1fram<\/a><\/p>\n","protected":false},"author":6,"featured_media":10306,"comment_status":"closed","ping_status":"closed","sticky":false,"template":"","format":"standard","meta":{"_acf_changed":false,"_lmt_disableupdate":"","_lmt_disable":"","ngg_post_thumbnail":0,"footnotes":""},"class_list":["post-10305","post","type-post","status-publish","format-standard","has-post-thumbnail","hentry"],"acf":[],"yoast_head":"<!-- This site is optimized with the Yoast SEO plugin v27.5 - https:\/\/yoast.com\/product\/yoast-seo-wordpress\/ -->\n<title>Laugabolir og br\u00fasar - FRAMHALDSSK\u00d3LINN \u00c1 LAUGUM<\/title>\n<meta name=\"description\" content=\"Laugabolir og br\u00fasar\" \/>\n<meta name=\"robots\" content=\"index, follow, max-snippet:-1, max-image-preview:large, max-video-preview:-1\" \/>\n<link rel=\"canonical\" href=\"https:\/\/laugar.is\/?p=10305\" \/>\n<meta property=\"og:locale\" content=\"is_IS\" \/>\n<meta property=\"og:type\" content=\"article\" \/>\n<meta property=\"og:title\" content=\"Laugabolir og br\u00fasar - FRAMHALDSSK\u00d3LINN \u00c1 LAUGUM\" \/>\n<meta property=\"og:description\" content=\"Laugabolir og br\u00fasar\" \/>\n<meta property=\"og:url\" content=\"https:\/\/laugar.is\/?p=10305\" \/>\n<meta property=\"og:site_name\" content=\"FRAMHALDSSK\u00d3LINN \u00c1 LAUGUM\" \/>\n<meta property=\"article:publisher\" content=\"https:\/\/www.facebook.com\/laugaskoli\/\" \/>\n<meta property=\"article:published_time\" content=\"2025-11-12T10:13:47+00:00\" \/>\n<meta property=\"article:modified_time\" content=\"2025-11-12T10:13:48+00:00\" \/>\n<meta property=\"og:image\" content=\"https:\/\/laugar.is\/wp-content\/uploads\/2025\/11\/573441324_10229519581566500_375313403188742656_n.jpg\" \/>\n\t<meta property=\"og:image:width\" content=\"1448\" \/>\n\t<meta property=\"og:image:height\" content=\"2048\" \/>\n\t<meta property=\"og:image:type\" content=\"image\/jpeg\" \/>\n<meta name=\"author\" content=\"Ritari Framhaldssk\u00f3lans \u00e1 Laugum\" \/>\n<meta name=\"twitter:card\" content=\"summary_large_image\" \/>\n<meta name=\"twitter:label1\" content=\"Written by\" \/>\n\t<meta name=\"twitter:data1\" content=\"Ritari Framhaldssk\u00f3lans \u00e1 Laugum\" \/>\n\t<meta name=\"twitter:label2\" content=\"Est. reading time\" \/>\n\t<meta name=\"twitter:data2\" content=\"2 minutes\" \/>\n<script type=\"application\/ld+json\" class=\"yoast-schema-graph\">{\"@context\":\"https:\\\/\\\/schema.org\",\"@graph\":[{\"@type\":\"Article\",\"@id\":\"https:\\\/\\\/laugar.is\\\/?p=10305#article\",\"isPartOf\":{\"@id\":\"https:\\\/\\\/laugar.is\\\/?p=10305\"},\"author\":{\"name\":\"Ritari Framhaldssk\u00f3lans \u00e1 Laugum\",\"@id\":\"https:\\\/\\\/laugar.is\\\/#\\\/schema\\\/person\\\/15a9bc03ef120f11cf86889d5ebdfaf5\"},\"headline\":\"Laugabolir og br\u00fasar\",\"datePublished\":\"2025-11-12T10:13:47+00:00\",\"dateModified\":\"2025-11-12T10:13:48+00:00\",\"mainEntityOfPage\":{\"@id\":\"https:\\\/\\\/laugar.is\\\/?p=10305\"},\"wordCount\":152,\"publisher\":{\"@id\":\"https:\\\/\\\/laugar.is\\\/#organization\"},\"image\":{\"@id\":\"https:\\\/\\\/laugar.is\\\/?p=10305#primaryimage\"},\"thumbnailUrl\":\"https:\\\/\\\/laugar.is\\\/wp-content\\\/uploads\\\/2025\\\/11\\\/573441324_10229519581566500_375313403188742656_n.jpg\",\"inLanguage\":\"is\"},{\"@type\":\"WebPage\",\"@id\":\"https:\\\/\\\/laugar.is\\\/?p=10305\",\"url\":\"https:\\\/\\\/laugar.is\\\/?p=10305\",\"name\":\"Laugabolir og br\u00fasar - FRAMHALDSSK\u00d3LINN \u00c1 LAUGUM\",\"isPartOf\":{\"@id\":\"https:\\\/\\\/laugar.is\\\/#website\"},\"primaryImageOfPage\":{\"@id\":\"https:\\\/\\\/laugar.is\\\/?p=10305#primaryimage\"},\"image\":{\"@id\":\"https:\\\/\\\/laugar.is\\\/?p=10305#primaryimage\"},\"thumbnailUrl\":\"https:\\\/\\\/laugar.is\\\/wp-content\\\/uploads\\\/2025\\\/11\\\/573441324_10229519581566500_375313403188742656_n.jpg\",\"datePublished\":\"2025-11-12T10:13:47+00:00\",\"dateModified\":\"2025-11-12T10:13:48+00:00\",\"description\":\"Laugabolir og br\u00fasar\",\"breadcrumb\":{\"@id\":\"https:\\\/\\\/laugar.is\\\/?p=10305#breadcrumb\"},\"inLanguage\":\"is\",\"potentialAction\":[{\"@type\":\"ReadAction\",\"target\":[\"https:\\\/\\\/laugar.is\\\/?p=10305\"]}]},{\"@type\":\"ImageObject\",\"inLanguage\":\"is\",\"@id\":\"https:\\\/\\\/laugar.is\\\/?p=10305#primaryimage\",\"url\":\"https:\\\/\\\/laugar.is\\\/wp-content\\\/uploads\\\/2025\\\/11\\\/573441324_10229519581566500_375313403188742656_n.jpg\",\"contentUrl\":\"https:\\\/\\\/laugar.is\\\/wp-content\\\/uploads\\\/2025\\\/11\\\/573441324_10229519581566500_375313403188742656_n.jpg\",\"width\":1448,\"height\":2048},{\"@type\":\"BreadcrumbList\",\"@id\":\"https:\\\/\\\/laugar.is\\\/?p=10305#breadcrumb\",\"itemListElement\":[{\"@type\":\"ListItem\",\"position\":1,\"name\":\"Home\",\"item\":\"https:\\\/\\\/laugar.is\\\/\"},{\"@type\":\"ListItem\",\"position\":2,\"name\":\"Laugabolir og br\u00fasar\"}]},{\"@type\":\"WebSite\",\"@id\":\"https:\\\/\\\/laugar.is\\\/#website\",\"url\":\"https:\\\/\\\/laugar.is\\\/\",\"name\":\"FRAMHALDSSK\u00d3LINN \u00c1 LAUGUM\",\"description\":\"Metna\u00f0ur - Tr\u00famennska  - Tillitssemi - Gla\u00f0lyndi\",\"publisher\":{\"@id\":\"https:\\\/\\\/laugar.is\\\/#organization\"},\"potentialAction\":[{\"@type\":\"SearchAction\",\"target\":{\"@type\":\"EntryPoint\",\"urlTemplate\":\"https:\\\/\\\/laugar.is\\\/?s={search_term_string}\"},\"query-input\":{\"@type\":\"PropertyValueSpecification\",\"valueRequired\":true,\"valueName\":\"search_term_string\"}}],\"inLanguage\":\"is\"},{\"@type\":\"Organization\",\"@id\":\"https:\\\/\\\/laugar.is\\\/#organization\",\"name\":\"Framhaldssk\u00f3linn \u00e1 Laugum\",\"url\":\"https:\\\/\\\/laugar.is\\\/\",\"logo\":{\"@type\":\"ImageObject\",\"inLanguage\":\"is\",\"@id\":\"https:\\\/\\\/laugar.is\\\/#\\\/schema\\\/logo\\\/image\\\/\",\"url\":\"https:\\\/\\\/laugar.is\\\/wp-content\\\/uploads\\\/2017\\\/01\\\/laugar_merki_antexta-kip.jpg\",\"contentUrl\":\"https:\\\/\\\/laugar.is\\\/wp-content\\\/uploads\\\/2017\\\/01\\\/laugar_merki_antexta-kip.jpg\",\"width\":536,\"height\":551,\"caption\":\"Framhaldssk\u00f3linn \u00e1 Laugum\"},\"image\":{\"@id\":\"https:\\\/\\\/laugar.is\\\/#\\\/schema\\\/logo\\\/image\\\/\"},\"sameAs\":[\"https:\\\/\\\/www.facebook.com\\\/laugaskoli\\\/\"]},{\"@type\":\"Person\",\"@id\":\"https:\\\/\\\/laugar.is\\\/#\\\/schema\\\/person\\\/15a9bc03ef120f11cf86889d5ebdfaf5\",\"name\":\"Ritari Framhaldssk\u00f3lans \u00e1 Laugum\",\"url\":\"https:\\\/\\\/laugar.is\\\/?author=6\"}]}<\/script>\n<!-- \/ Yoast SEO plugin. -->","yoast_head_json":{"title":"Laugabolir og br\u00fasar - FRAMHALDSSK\u00d3LINN \u00c1 LAUGUM","description":"Laugabolir og br\u00fasar","robots":{"index":"index","follow":"follow","max-snippet":"max-snippet:-1","max-image-preview":"max-image-preview:large","max-video-preview":"max-video-preview:-1"},"canonical":"https:\/\/laugar.is\/?p=10305","og_locale":"is_IS","og_type":"article","og_title":"Laugabolir og br\u00fasar - FRAMHALDSSK\u00d3LINN \u00c1 LAUGUM","og_description":"Laugabolir og br\u00fasar","og_url":"https:\/\/laugar.is\/?p=10305","og_site_name":"FRAMHALDSSK\u00d3LINN \u00c1 LAUGUM","article_publisher":"https:\/\/www.facebook.com\/laugaskoli\/","article_published_time":"2025-11-12T10:13:47+00:00","article_modified_time":"2025-11-12T10:13:48+00:00","og_image":[{"width":1448,"height":2048,"url":"https:\/\/laugar.is\/wp-content\/uploads\/2025\/11\/573441324_10229519581566500_375313403188742656_n.jpg","type":"image\/jpeg"}],"author":"Ritari Framhaldssk\u00f3lans \u00e1 Laugum","twitter_card":"summary_large_image","twitter_misc":{"Written by":"Ritari Framhaldssk\u00f3lans \u00e1 Laugum","Est. reading time":"2 minutes"},"schema":{"@context":"https:\/\/schema.org","@graph":[{"@type":"Article","@id":"https:\/\/laugar.is\/?p=10305#article","isPartOf":{"@id":"https:\/\/laugar.is\/?p=10305"},"author":{"name":"Ritari Framhaldssk\u00f3lans \u00e1 Laugum","@id":"https:\/\/laugar.is\/#\/schema\/person\/15a9bc03ef120f11cf86889d5ebdfaf5"},"headline":"Laugabolir og br\u00fasar","datePublished":"2025-11-12T10:13:47+00:00","dateModified":"2025-11-12T10:13:48+00:00","mainEntityOfPage":{"@id":"https:\/\/laugar.is\/?p=10305"},"wordCount":152,"publisher":{"@id":"https:\/\/laugar.is\/#organization"},"image":{"@id":"https:\/\/laugar.is\/?p=10305#primaryimage"},"thumbnailUrl":"https:\/\/laugar.is\/wp-content\/uploads\/2025\/11\/573441324_10229519581566500_375313403188742656_n.jpg","inLanguage":"is"},{"@type":"WebPage","@id":"https:\/\/laugar.is\/?p=10305","url":"https:\/\/laugar.is\/?p=10305","name":"Laugabolir og br\u00fasar - FRAMHALDSSK\u00d3LINN \u00c1 LAUGUM","isPartOf":{"@id":"https:\/\/laugar.is\/#website"},"primaryImageOfPage":{"@id":"https:\/\/laugar.is\/?p=10305#primaryimage"},"image":{"@id":"https:\/\/laugar.is\/?p=10305#primaryimage"},"thumbnailUrl":"https:\/\/laugar.is\/wp-content\/uploads\/2025\/11\/573441324_10229519581566500_375313403188742656_n.jpg","datePublished":"2025-11-12T10:13:47+00:00","dateModified":"2025-11-12T10:13:48+00:00","description":"Laugabolir og br\u00fasar","breadcrumb":{"@id":"https:\/\/laugar.is\/?p=10305#breadcrumb"},"inLanguage":"is","potentialAction":[{"@type":"ReadAction","target":["https:\/\/laugar.is\/?p=10305"]}]},{"@type":"ImageObject","inLanguage":"is","@id":"https:\/\/laugar.is\/?p=10305#primaryimage","url":"https:\/\/laugar.is\/wp-content\/uploads\/2025\/11\/573441324_10229519581566500_375313403188742656_n.jpg","contentUrl":"https:\/\/laugar.is\/wp-content\/uploads\/2025\/11\/573441324_10229519581566500_375313403188742656_n.jpg","width":1448,"height":2048},{"@type":"BreadcrumbList","@id":"https:\/\/laugar.is\/?p=10305#breadcrumb","itemListElement":[{"@type":"ListItem","position":1,"name":"Home","item":"https:\/\/laugar.is\/"},{"@type":"ListItem","position":2,"name":"Laugabolir og br\u00fasar"}]},{"@type":"WebSite","@id":"https:\/\/laugar.is\/#website","url":"https:\/\/laugar.is\/","name":"FRAMHALDSSK\u00d3LINN \u00c1 LAUGUM","description":"Metna\u00f0ur - Tr\u00famennska  - Tillitssemi - Gla\u00f0lyndi","publisher":{"@id":"https:\/\/laugar.is\/#organization"},"potentialAction":[{"@type":"SearchAction","target":{"@type":"EntryPoint","urlTemplate":"https:\/\/laugar.is\/?s={search_term_string}"},"query-input":{"@type":"PropertyValueSpecification","valueRequired":true,"valueName":"search_term_string"}}],"inLanguage":"is"},{"@type":"Organization","@id":"https:\/\/laugar.is\/#organization","name":"Framhaldssk\u00f3linn \u00e1 Laugum","url":"https:\/\/laugar.is\/","logo":{"@type":"ImageObject","inLanguage":"is","@id":"https:\/\/laugar.is\/#\/schema\/logo\/image\/","url":"https:\/\/laugar.is\/wp-content\/uploads\/2017\/01\/laugar_merki_antexta-kip.jpg","contentUrl":"https:\/\/laugar.is\/wp-content\/uploads\/2017\/01\/laugar_merki_antexta-kip.jpg","width":536,"height":551,"caption":"Framhaldssk\u00f3linn \u00e1 Laugum"},"image":{"@id":"https:\/\/laugar.is\/#\/schema\/logo\/image\/"},"sameAs":["https:\/\/www.facebook.com\/laugaskoli\/"]},{"@type":"Person","@id":"https:\/\/laugar.is\/#\/schema\/person\/15a9bc03ef120f11cf86889d5ebdfaf5","name":"Ritari Framhaldssk\u00f3lans \u00e1 Laugum","url":"https:\/\/laugar.is\/?author=6"}]}},"modified_by":"Ritari Framhaldssk\u00f3lans \u00e1 Laugum","_links":{"self":[{"href":"https:\/\/laugar.is\/index.php?rest_route=\/wp\/v2\/posts\/10305","targetHints":{"allow":["GET"]}}],"collection":[{"href":"https:\/\/laugar.is\/index.php?rest_route=\/wp\/v2\/posts"}],"about":[{"href":"https:\/\/laugar.is\/index.php?rest_route=\/wp\/v2\/types\/post"}],"author":[{"embeddable":true,"href":"https:\/\/laugar.is\/index.php?rest_route=\/wp\/v2\/users\/6"}],"replies":[{"embeddable":true,"href":"https:\/\/laugar.is\/index.php?rest_route=%2Fwp%2Fv2%2Fcomments&post=10305"}],"version-history":[{"count":3,"href":"https:\/\/laugar.is\/index.php?rest_route=\/wp\/v2\/posts\/10305\/revisions"}],"predecessor-version":[{"id":10310,"href":"https:\/\/laugar.is\/index.php?rest_route=\/wp\/v2\/posts\/10305\/revisions\/10310"}],"wp:featuredmedia":[{"embeddable":true,"href":"https:\/\/laugar.is\/index.php?rest_route=\/wp\/v2\/media\/10306"}],"wp:attachment":[{"href":"https:\/\/laugar.is\/index.php?rest_route=%2Fwp%2Fv2%2Fmedia&parent=10305"}],"curies":[{"name":"wp","href":"https:\/\/api.w.org\/{rel}","templated":true}]}}