{"id":10279,"date":"2025-11-11T11:51:20","date_gmt":"2025-11-11T11:51:20","guid":{"rendered":"https:\/\/laugar.is\/?p=10279"},"modified":"2025-11-11T11:51:22","modified_gmt":"2025-11-11T11:51:22","slug":"opid-fyrir-umsoknir-a-voronn-2026","status":"publish","type":"post","link":"https:\/\/laugar.is\/?p=10279","title":{"rendered":"Opi\u00f0 fyrir ums\u00f3knir \u00e1 vor\u00f6nn 2026"},"content":{"rendered":"\n<p>Opi\u00f0 er fyrir ums\u00f3knir \u00e1 vor\u00f6nn 2026&nbsp; \u00ed Framhaldssk\u00f3lann \u00e1 Laugum.<\/p>\n<p>Innritun \u00e1 vor\u00f6nn 2026: 1. n\u00f3vember &#8211; 1. desember 2025<\/p>\n\n\n\n<p class=\"x_MsoNormal\" data-olk-copy-source=\"MessageBody\">&nbsp;S\u00f3tt er um h\u00e9r&nbsp;<strong><a title=\"Original URL: https:\/\/innritun.is\/. Click or tap if you trust this link.\" href=\"https:\/\/eur03.safelinks.protection.outlook.com\/?url=https%3A%2F%2Finnritun.is%2F&amp;data=05%7C02%7Csolla%40laugar.is%7Cd6afb7021a4542519adc08dcfa767847%7C85154d05f40f4ffbb93f51bad62820f1%7C0%7C0%7C638660633943596284%7CUnknown%7CTWFpbGZsb3d8eyJWIjoiMC4wLjAwMDAiLCJQIjoiV2luMzIiLCJBTiI6Ik1haWwiLCJXVCI6Mn0%3D%7C0%7C%7C%7C&amp;sdata=FdYYFHi94OAaDGOvkEMLveTY10VRVTTebAp9V%2FugXqQ%3D&amp;reserved=0\" target=\"_blank\" rel=\"noopener noreferrer\" data-auth=\"Verified\" data-linkindex=\"0\">Innritun \u2013 Innritun \u00ed Framhaldssk\u00f3la<\/a>.<\/strong>&nbsp;<\/p>\n<p class=\"x_MsoNormal\">&nbsp;Sk\u00f3linn b\u00fd\u00f0ur upp \u00e1 samfelldan sk\u00f3ladag, verkefnabundi\u00f0 n\u00e1m \u00ed vinnustofum, heimavist, magna\u00f0a \u00ed\u00fer\u00f3ttaa\u00f0st\u00f6\u00f0u og r\u00edfandi f\u00e9lagsl\u00edf.<\/p>\n<p class=\"x_MsoNormal\">Sk\u00f3linn b\u00fd\u00f0ur upp \u00e1 almenna, f\u00e9lagsv\u00edsinda-, \u00ed\u00fer\u00f3ttafr\u00e6\u00f0i-, kj\u00f6rsvi\u00f0s- og n\u00e1tt\u00faruv\u00edsindabraut. Allt um sk\u00f3lann, n\u00e1mi\u00f0, f\u00e9lagsl\u00edfi\u00f0 og allt hitt sem \u00feig langar til a\u00f0 vita um sk\u00f3lann m\u00e1 finna h\u00e9r:&nbsp;<a title=\"Original URL: https:\/\/laugar.is\/. Click or tap if you trust this link.\" href=\"https:\/\/eur03.safelinks.protection.outlook.com\/?url=https%3A%2F%2Flaugar.is%2F&amp;data=05%7C02%7Csolla%40laugar.is%7Cd6afb7021a4542519adc08dcfa767847%7C85154d05f40f4ffbb93f51bad62820f1%7C0%7C0%7C638660633943626241%7CUnknown%7CTWFpbGZsb3d8eyJWIjoiMC4wLjAwMDAiLCJQIjoiV2luMzIiLCJBTiI6Ik1haWwiLCJXVCI6Mn0%3D%7C0%7C%7C%7C&amp;sdata=BEH75gr1YqYvjmKgDb%2FbI%2BwLszwVVYukVgQnVOyMQrw%3D&amp;reserved=0\" target=\"_blank\" rel=\"noopener noreferrer\" data-auth=\"Verified\" data-linkindex=\"1\">FR\u00c9TTIR OG TILKYNNINGAR \u2013 FRAMHALDSSK\u00d3LINN \u00c1 LAUGUM<\/a><\/p>\n<p>&nbsp;<\/p>\n<p>&nbsp;<\/p>\n<p>&nbsp;<\/p>\n","protected":false},"excerpt":{"rendered":"<p>Opi\u00f0 er fyrir ums\u00f3knir \u00e1 vor\u00f6nn 2026&nbsp; \u00ed Framhaldssk\u00f3lann \u00e1 Laugum. Innritun \u00e1 vor\u00f6nn 2026: 1. n\u00f3vember &#8211; 1. desember 2025 &nbsp;S\u00f3tt er um h\u00e9r&nbsp;Innritun \u2013 Innritun \u00ed Framhaldssk\u00f3la.&nbsp; &nbsp;Sk\u00f3linn b\u00fd\u00f0ur upp \u00e1 samfelldan sk\u00f3ladag, verkefnabundi\u00f0 n\u00e1m \u00ed vinnustofum, heimavist, magna\u00f0a \u00ed\u00fer\u00f3ttaa\u00f0st\u00f6\u00f0u og r\u00edfandi f\u00e9lagsl\u00edf. Sk\u00f3linn b\u00fd\u00f0ur upp \u00e1 almenna, f\u00e9lagsv\u00edsinda-, \u00ed\u00fer\u00f3ttafr\u00e6\u00f0i-, kj\u00f6rsvi\u00f0s- og n\u00e1tt\u00faruv\u00edsindabraut. Allt um sk\u00f3lann, n\u00e1mi\u00f0, f\u00e9lagsl\u00edfi\u00f0 og allt hitt sem \u00feig langar til a\u00f0 vita um <a class=\"more-link\" href=\"https:\/\/laugar.is\/?p=10279\">&#8230;Lestu \u00e1fram<\/a><\/p>\n","protected":false},"author":6,"featured_media":6385,"comment_status":"closed","ping_status":"closed","sticky":false,"template":"","format":"standard","meta":{"_acf_changed":false,"_lmt_disableupdate":"","_lmt_disable":"","ngg_post_thumbnail":0,"footnotes":""},"class_list":["post-10279","post","type-post","status-publish","format-standard","has-post-thumbnail","hentry"],"acf":[],"yoast_head":"<!-- This site is optimized with the Yoast SEO plugin v27.5 - https:\/\/yoast.com\/product\/yoast-seo-wordpress\/ -->\n<title>Opi\u00f0 fyrir ums\u00f3knir \u00e1 vor\u00f6nn 2026 - FRAMHALDSSK\u00d3LINN \u00c1 LAUGUM<\/title>\n<meta name=\"description\" content=\"Opi\u00f0 fyrir ums\u00f3knir \u00e1 vor\u00f6nn 2026\" \/>\n<meta name=\"robots\" content=\"index, follow, max-snippet:-1, max-image-preview:large, max-video-preview:-1\" \/>\n<link rel=\"canonical\" href=\"https:\/\/laugar.is\/?p=10279\" \/>\n<meta property=\"og:locale\" content=\"is_IS\" \/>\n<meta property=\"og:type\" content=\"article\" \/>\n<meta property=\"og:title\" content=\"Opi\u00f0 fyrir ums\u00f3knir \u00e1 vor\u00f6nn 2026 - FRAMHALDSSK\u00d3LINN \u00c1 LAUGUM\" \/>\n<meta property=\"og:description\" content=\"Opi\u00f0 fyrir ums\u00f3knir \u00e1 vor\u00f6nn 2026\" \/>\n<meta property=\"og:url\" content=\"https:\/\/laugar.is\/?p=10279\" \/>\n<meta property=\"og:site_name\" content=\"FRAMHALDSSK\u00d3LINN \u00c1 LAUGUM\" \/>\n<meta property=\"article:publisher\" content=\"https:\/\/www.facebook.com\/laugaskoli\/\" \/>\n<meta property=\"article:published_time\" content=\"2025-11-11T11:51:20+00:00\" \/>\n<meta property=\"article:modified_time\" content=\"2025-11-11T11:51:22+00:00\" \/>\n<meta property=\"og:image\" content=\"https:\/\/laugar.is\/wp-content\/uploads\/2024\/06\/Mynd-eitt.jpg\" \/>\n\t<meta property=\"og:image:width\" content=\"1041\" \/>\n\t<meta property=\"og:image:height\" content=\"654\" \/>\n\t<meta property=\"og:image:type\" content=\"image\/jpeg\" \/>\n<meta name=\"author\" content=\"Ritari Framhaldssk\u00f3lans \u00e1 Laugum\" \/>\n<meta name=\"twitter:card\" content=\"summary_large_image\" \/>\n<meta name=\"twitter:label1\" content=\"Written by\" \/>\n\t<meta name=\"twitter:data1\" content=\"Ritari Framhaldssk\u00f3lans \u00e1 Laugum\" \/>\n\t<meta name=\"twitter:label2\" content=\"Est. reading time\" \/>\n\t<meta name=\"twitter:data2\" content=\"1 minute\" \/>\n<script type=\"application\/ld+json\" class=\"yoast-schema-graph\">{\"@context\":\"https:\\\/\\\/schema.org\",\"@graph\":[{\"@type\":\"Article\",\"@id\":\"https:\\\/\\\/laugar.is\\\/?p=10279#article\",\"isPartOf\":{\"@id\":\"https:\\\/\\\/laugar.is\\\/?p=10279\"},\"author\":{\"name\":\"Ritari Framhaldssk\u00f3lans \u00e1 Laugum\",\"@id\":\"https:\\\/\\\/laugar.is\\\/#\\\/schema\\\/person\\\/15a9bc03ef120f11cf86889d5ebdfaf5\"},\"headline\":\"Opi\u00f0 fyrir ums\u00f3knir \u00e1 vor\u00f6nn 2026\",\"datePublished\":\"2025-11-11T11:51:20+00:00\",\"dateModified\":\"2025-11-11T11:51:22+00:00\",\"mainEntityOfPage\":{\"@id\":\"https:\\\/\\\/laugar.is\\\/?p=10279\"},\"wordCount\":119,\"publisher\":{\"@id\":\"https:\\\/\\\/laugar.is\\\/#organization\"},\"image\":{\"@id\":\"https:\\\/\\\/laugar.is\\\/?p=10279#primaryimage\"},\"thumbnailUrl\":\"https:\\\/\\\/laugar.is\\\/wp-content\\\/uploads\\\/2024\\\/06\\\/Mynd-eitt.jpg\",\"inLanguage\":\"is\"},{\"@type\":\"WebPage\",\"@id\":\"https:\\\/\\\/laugar.is\\\/?p=10279\",\"url\":\"https:\\\/\\\/laugar.is\\\/?p=10279\",\"name\":\"Opi\u00f0 fyrir ums\u00f3knir \u00e1 vor\u00f6nn 2026 - FRAMHALDSSK\u00d3LINN \u00c1 LAUGUM\",\"isPartOf\":{\"@id\":\"https:\\\/\\\/laugar.is\\\/#website\"},\"primaryImageOfPage\":{\"@id\":\"https:\\\/\\\/laugar.is\\\/?p=10279#primaryimage\"},\"image\":{\"@id\":\"https:\\\/\\\/laugar.is\\\/?p=10279#primaryimage\"},\"thumbnailUrl\":\"https:\\\/\\\/laugar.is\\\/wp-content\\\/uploads\\\/2024\\\/06\\\/Mynd-eitt.jpg\",\"datePublished\":\"2025-11-11T11:51:20+00:00\",\"dateModified\":\"2025-11-11T11:51:22+00:00\",\"description\":\"Opi\u00f0 fyrir ums\u00f3knir \u00e1 vor\u00f6nn 2026\",\"breadcrumb\":{\"@id\":\"https:\\\/\\\/laugar.is\\\/?p=10279#breadcrumb\"},\"inLanguage\":\"is\",\"potentialAction\":[{\"@type\":\"ReadAction\",\"target\":[\"https:\\\/\\\/laugar.is\\\/?p=10279\"]}]},{\"@type\":\"ImageObject\",\"inLanguage\":\"is\",\"@id\":\"https:\\\/\\\/laugar.is\\\/?p=10279#primaryimage\",\"url\":\"https:\\\/\\\/laugar.is\\\/wp-content\\\/uploads\\\/2024\\\/06\\\/Mynd-eitt.jpg\",\"contentUrl\":\"https:\\\/\\\/laugar.is\\\/wp-content\\\/uploads\\\/2024\\\/06\\\/Mynd-eitt.jpg\",\"width\":1041,\"height\":654},{\"@type\":\"BreadcrumbList\",\"@id\":\"https:\\\/\\\/laugar.is\\\/?p=10279#breadcrumb\",\"itemListElement\":[{\"@type\":\"ListItem\",\"position\":1,\"name\":\"Home\",\"item\":\"https:\\\/\\\/laugar.is\\\/\"},{\"@type\":\"ListItem\",\"position\":2,\"name\":\"Opi\u00f0 fyrir ums\u00f3knir \u00e1 vor\u00f6nn 2026\"}]},{\"@type\":\"WebSite\",\"@id\":\"https:\\\/\\\/laugar.is\\\/#website\",\"url\":\"https:\\\/\\\/laugar.is\\\/\",\"name\":\"FRAMHALDSSK\u00d3LINN \u00c1 LAUGUM\",\"description\":\"Metna\u00f0ur - Tr\u00famennska  - Tillitssemi - Gla\u00f0lyndi\",\"publisher\":{\"@id\":\"https:\\\/\\\/laugar.is\\\/#organization\"},\"potentialAction\":[{\"@type\":\"SearchAction\",\"target\":{\"@type\":\"EntryPoint\",\"urlTemplate\":\"https:\\\/\\\/laugar.is\\\/?s={search_term_string}\"},\"query-input\":{\"@type\":\"PropertyValueSpecification\",\"valueRequired\":true,\"valueName\":\"search_term_string\"}}],\"inLanguage\":\"is\"},{\"@type\":\"Organization\",\"@id\":\"https:\\\/\\\/laugar.is\\\/#organization\",\"name\":\"Framhaldssk\u00f3linn \u00e1 Laugum\",\"url\":\"https:\\\/\\\/laugar.is\\\/\",\"logo\":{\"@type\":\"ImageObject\",\"inLanguage\":\"is\",\"@id\":\"https:\\\/\\\/laugar.is\\\/#\\\/schema\\\/logo\\\/image\\\/\",\"url\":\"https:\\\/\\\/laugar.is\\\/wp-content\\\/uploads\\\/2017\\\/01\\\/laugar_merki_antexta-kip.jpg\",\"contentUrl\":\"https:\\\/\\\/laugar.is\\\/wp-content\\\/uploads\\\/2017\\\/01\\\/laugar_merki_antexta-kip.jpg\",\"width\":536,\"height\":551,\"caption\":\"Framhaldssk\u00f3linn \u00e1 Laugum\"},\"image\":{\"@id\":\"https:\\\/\\\/laugar.is\\\/#\\\/schema\\\/logo\\\/image\\\/\"},\"sameAs\":[\"https:\\\/\\\/www.facebook.com\\\/laugaskoli\\\/\"]},{\"@type\":\"Person\",\"@id\":\"https:\\\/\\\/laugar.is\\\/#\\\/schema\\\/person\\\/15a9bc03ef120f11cf86889d5ebdfaf5\",\"name\":\"Ritari Framhaldssk\u00f3lans \u00e1 Laugum\",\"url\":\"https:\\\/\\\/laugar.is\\\/?author=6\"}]}<\/script>\n<!-- \/ Yoast SEO plugin. -->","yoast_head_json":{"title":"Opi\u00f0 fyrir ums\u00f3knir \u00e1 vor\u00f6nn 2026 - FRAMHALDSSK\u00d3LINN \u00c1 LAUGUM","description":"Opi\u00f0 fyrir ums\u00f3knir \u00e1 vor\u00f6nn 2026","robots":{"index":"index","follow":"follow","max-snippet":"max-snippet:-1","max-image-preview":"max-image-preview:large","max-video-preview":"max-video-preview:-1"},"canonical":"https:\/\/laugar.is\/?p=10279","og_locale":"is_IS","og_type":"article","og_title":"Opi\u00f0 fyrir ums\u00f3knir \u00e1 vor\u00f6nn 2026 - FRAMHALDSSK\u00d3LINN \u00c1 LAUGUM","og_description":"Opi\u00f0 fyrir ums\u00f3knir \u00e1 vor\u00f6nn 2026","og_url":"https:\/\/laugar.is\/?p=10279","og_site_name":"FRAMHALDSSK\u00d3LINN \u00c1 LAUGUM","article_publisher":"https:\/\/www.facebook.com\/laugaskoli\/","article_published_time":"2025-11-11T11:51:20+00:00","article_modified_time":"2025-11-11T11:51:22+00:00","og_image":[{"width":1041,"height":654,"url":"https:\/\/laugar.is\/wp-content\/uploads\/2024\/06\/Mynd-eitt.jpg","type":"image\/jpeg"}],"author":"Ritari Framhaldssk\u00f3lans \u00e1 Laugum","twitter_card":"summary_large_image","twitter_misc":{"Written by":"Ritari Framhaldssk\u00f3lans \u00e1 Laugum","Est. reading time":"1 minute"},"schema":{"@context":"https:\/\/schema.org","@graph":[{"@type":"Article","@id":"https:\/\/laugar.is\/?p=10279#article","isPartOf":{"@id":"https:\/\/laugar.is\/?p=10279"},"author":{"name":"Ritari Framhaldssk\u00f3lans \u00e1 Laugum","@id":"https:\/\/laugar.is\/#\/schema\/person\/15a9bc03ef120f11cf86889d5ebdfaf5"},"headline":"Opi\u00f0 fyrir ums\u00f3knir \u00e1 vor\u00f6nn 2026","datePublished":"2025-11-11T11:51:20+00:00","dateModified":"2025-11-11T11:51:22+00:00","mainEntityOfPage":{"@id":"https:\/\/laugar.is\/?p=10279"},"wordCount":119,"publisher":{"@id":"https:\/\/laugar.is\/#organization"},"image":{"@id":"https:\/\/laugar.is\/?p=10279#primaryimage"},"thumbnailUrl":"https:\/\/laugar.is\/wp-content\/uploads\/2024\/06\/Mynd-eitt.jpg","inLanguage":"is"},{"@type":"WebPage","@id":"https:\/\/laugar.is\/?p=10279","url":"https:\/\/laugar.is\/?p=10279","name":"Opi\u00f0 fyrir ums\u00f3knir \u00e1 vor\u00f6nn 2026 - FRAMHALDSSK\u00d3LINN \u00c1 LAUGUM","isPartOf":{"@id":"https:\/\/laugar.is\/#website"},"primaryImageOfPage":{"@id":"https:\/\/laugar.is\/?p=10279#primaryimage"},"image":{"@id":"https:\/\/laugar.is\/?p=10279#primaryimage"},"thumbnailUrl":"https:\/\/laugar.is\/wp-content\/uploads\/2024\/06\/Mynd-eitt.jpg","datePublished":"2025-11-11T11:51:20+00:00","dateModified":"2025-11-11T11:51:22+00:00","description":"Opi\u00f0 fyrir ums\u00f3knir \u00e1 vor\u00f6nn 2026","breadcrumb":{"@id":"https:\/\/laugar.is\/?p=10279#breadcrumb"},"inLanguage":"is","potentialAction":[{"@type":"ReadAction","target":["https:\/\/laugar.is\/?p=10279"]}]},{"@type":"ImageObject","inLanguage":"is","@id":"https:\/\/laugar.is\/?p=10279#primaryimage","url":"https:\/\/laugar.is\/wp-content\/uploads\/2024\/06\/Mynd-eitt.jpg","contentUrl":"https:\/\/laugar.is\/wp-content\/uploads\/2024\/06\/Mynd-eitt.jpg","width":1041,"height":654},{"@type":"BreadcrumbList","@id":"https:\/\/laugar.is\/?p=10279#breadcrumb","itemListElement":[{"@type":"ListItem","position":1,"name":"Home","item":"https:\/\/laugar.is\/"},{"@type":"ListItem","position":2,"name":"Opi\u00f0 fyrir ums\u00f3knir \u00e1 vor\u00f6nn 2026"}]},{"@type":"WebSite","@id":"https:\/\/laugar.is\/#website","url":"https:\/\/laugar.is\/","name":"FRAMHALDSSK\u00d3LINN \u00c1 LAUGUM","description":"Metna\u00f0ur - Tr\u00famennska  - Tillitssemi - Gla\u00f0lyndi","publisher":{"@id":"https:\/\/laugar.is\/#organization"},"potentialAction":[{"@type":"SearchAction","target":{"@type":"EntryPoint","urlTemplate":"https:\/\/laugar.is\/?s={search_term_string}"},"query-input":{"@type":"PropertyValueSpecification","valueRequired":true,"valueName":"search_term_string"}}],"inLanguage":"is"},{"@type":"Organization","@id":"https:\/\/laugar.is\/#organization","name":"Framhaldssk\u00f3linn \u00e1 Laugum","url":"https:\/\/laugar.is\/","logo":{"@type":"ImageObject","inLanguage":"is","@id":"https:\/\/laugar.is\/#\/schema\/logo\/image\/","url":"https:\/\/laugar.is\/wp-content\/uploads\/2017\/01\/laugar_merki_antexta-kip.jpg","contentUrl":"https:\/\/laugar.is\/wp-content\/uploads\/2017\/01\/laugar_merki_antexta-kip.jpg","width":536,"height":551,"caption":"Framhaldssk\u00f3linn \u00e1 Laugum"},"image":{"@id":"https:\/\/laugar.is\/#\/schema\/logo\/image\/"},"sameAs":["https:\/\/www.facebook.com\/laugaskoli\/"]},{"@type":"Person","@id":"https:\/\/laugar.is\/#\/schema\/person\/15a9bc03ef120f11cf86889d5ebdfaf5","name":"Ritari Framhaldssk\u00f3lans \u00e1 Laugum","url":"https:\/\/laugar.is\/?author=6"}]}},"modified_by":"Ritari Framhaldssk\u00f3lans \u00e1 Laugum","_links":{"self":[{"href":"https:\/\/laugar.is\/index.php?rest_route=\/wp\/v2\/posts\/10279","targetHints":{"allow":["GET"]}}],"collection":[{"href":"https:\/\/laugar.is\/index.php?rest_route=\/wp\/v2\/posts"}],"about":[{"href":"https:\/\/laugar.is\/index.php?rest_route=\/wp\/v2\/types\/post"}],"author":[{"embeddable":true,"href":"https:\/\/laugar.is\/index.php?rest_route=\/wp\/v2\/users\/6"}],"replies":[{"embeddable":true,"href":"https:\/\/laugar.is\/index.php?rest_route=%2Fwp%2Fv2%2Fcomments&post=10279"}],"version-history":[{"count":2,"href":"https:\/\/laugar.is\/index.php?rest_route=\/wp\/v2\/posts\/10279\/revisions"}],"predecessor-version":[{"id":10281,"href":"https:\/\/laugar.is\/index.php?rest_route=\/wp\/v2\/posts\/10279\/revisions\/10281"}],"wp:featuredmedia":[{"embeddable":true,"href":"https:\/\/laugar.is\/index.php?rest_route=\/wp\/v2\/media\/6385"}],"wp:attachment":[{"href":"https:\/\/laugar.is\/index.php?rest_route=%2Fwp%2Fv2%2Fmedia&parent=10279"}],"curies":[{"name":"wp","href":"https:\/\/api.w.org\/{rel}","templated":true}]}}